{"id":1988,"date":"2015-05-26T07:59:39","date_gmt":"2015-05-26T07:59:39","guid":{"rendered":"http:\/\/miradordeatarfe.es\/?p=1988"},"modified":"2015-05-26T07:59:39","modified_gmt":"2015-05-26T07:59:39","slug":"granada-homenajea-este-martes-a-la-heroina-liberal-mariana-pineda-en-el-184-aniversario-de-su-ejecucion","status":"publish","type":"post","link":"https:\/\/miradordeatarfe.es\/?p=1988","title":{"rendered":"Granada homenajea este martes a la hero\u00edna liberal Mariana Pineda, en el 184 aniversario de su ejecuci\u00f3n"},"content":{"rendered":"<div>\n<p class=\"article-title\"><span id=\"subtitulo\">La comitiva institucional estar\u00e1 encabezada por el arca municipal a la que fueron trasladados los restos de Mariana Pineda, portada por cuatro pajes vestidos a la federica con levita azul y pelucas blancas del siglo XVIII<\/span><\/p>\n<\/div>\n<p><!--more--><\/p>\n<div class=\"shortcode-content\">\n<p class=\"caps\">Granada homenajear\u00e1 este martes a la hero\u00edna liberal Mariana Pineda, ejecutada a garrote vil un<strong> 26 de mayo de hace 184 a\u00f1os,<\/strong> con una ofrenda floral, en la plaza de la capital que lleva su nombre.<\/p>\n<p>El acto programado por el Ayuntamiento de Granada est\u00e1 previsto que comience a las 20,00 horas, cuando la corporaci\u00f3n se reunir\u00e1 en el Sal\u00f3n Capitular en la Casa Consistorial, vestidos con traje oscuro, medalla e insignias corporativas, y el alcalde en funciones, Jos\u00e9 Torres Hurtado, asistir\u00e1 con su bast\u00f3n de mando.<\/p>\n<p>La comitiva institucional estar\u00e1 encabezada por el arca municipal a la que fueron trasladados los restos de Mariana Pineda, portada por cuatro pajes vestidos a la federica con levita azul y pelucas blancas del siglo XVIII. Se incorporar\u00e1 despu\u00e9s iniciando la comitiva oficial del siglo XIX el Estandarte de la ciudad de Granada con los colores de la bandera de la ciudad, rojo y verde, dividido verticalmente y con el escudo de la ciudad bordado en su centro. El portador o heraldo ir\u00e1 vestido en damasco rojo al estilo del siglo XIX, informa el Ayuntamiento de la capital en una nota.<\/p>\n<p>Seguir\u00e1 un paje que llevar\u00e1, en la bandeja de plata con la inscripci\u00f3n \u2018El Ayuntamiento y Pueblo de Granada recive (sic) con gratitud el galard\u00f3n de su Reina en 1843\u2032, el escudo oficial de la ciudad de Granada, concedido por Isabel II en el a\u00f1o de 1843, esculpido y enmarcado en oro; y otro paje llevando la Carta Real, concediendo el t\u00edtulo de heroica y un nuevo cuartel en el escudo de armas de la ciudad en pergamino policromado enmarcado en oro y sobre la bandeja de plata con la inscripci\u00f3n \u2018Granada Ciudad Heroica, mayo y junio de 1843\u2032, ambas bandejas cubiertas con un pa\u00f1o de terciopelo rojo con galones, flecos y bolas de oro.<\/p>\n<p>Posteriormente se situar\u00e1 la bandera de Granada portada por un portero con vestimenta de color rojo del siglo XIX. Tras ellos los cuatro maceros de la ciudad, vestidos con traje de terciopelo carmes\u00ed del siglo XIX, portando las mazas de plata antigua de la ciudad. Y, posteriormente, la corporaci\u00f3n municipal, ordenada protocolariamente.<\/p>\n<p>Llegados a la Plaza de Mariana Pineda, la corporaci\u00f3n har\u00e1 una ofrenda en el interior del monumento, tras la que la banda de m\u00fasica municipal interpretar\u00e1 el Himno de Granada.<\/p>\n<p class=\"article-title\"><span id=\"subtitulo\">La viceportavoz del grupo del PSOE en el Ayuntamiento de Granada, Mar\u00eda Escudero ha explicado esta ma\u00f1ana que desde su partido van a \u201cproponer una moci\u00f3n con el prop\u00f3sito crear una comisi\u00f3n de estudio para hacer un nuevo protocolo del homenaje a la republicana\u201d<\/span><\/p>\n<p class=\"article-title\">Plataforma Granada Abierta pide cambiar la fiesta del D\u00eda 2 de enero por la de Mariana Pineda<\/p>\n<\/div>\n","protected":false},"excerpt":{"rendered":"<p>La comitiva institucional estar\u00e1 encabezada por el arca municipal a la que fueron trasladados los&#8230;<\/p>\n","protected":false},"author":1,"featured_media":1989,"comment_status":"closed","ping_status":"closed","sticky":false,"template":"","format":"standard","meta":{"_coblocks_attr":"","_coblocks_dimensions":"","_coblocks_responsive_height":"","_coblocks_accordion_ie_support":"","jetpack_post_was_ever_published":false,"_jetpack_newsletter_access":"","_jetpack_dont_email_post_to_subs":false,"_jetpack_newsletter_tier_id":0,"_jetpack_memberships_contains_paywalled_content":false,"_jetpack_memberships_contains_paid_content":false,"footnotes":"","jetpack_publicize_message":"","jetpack_publicize_feature_enabled":true,"jetpack_social_post_already_shared":false,"jetpack_social_options":{"image_generator_settings":{"template":"highway","default_image_id":0,"enabled":false},"version":2}},"categories":[12,9,15],"tags":[729,728],"class_list":["post-1988","post","type-post","status-publish","format-standard","has-post-thumbnail","hentry","category-cultura","category-medio-ambiente","category-ultimas-noticias","tag-ejecucion","tag-mariana-pineda"],"jetpack_publicize_connections":[],"jetpack_featured_media_url":"https:\/\/i0.wp.com\/miradordeatarfe.es\/wp-content\/uploads\/2015\/05\/plaza-mariana-pineda-680x365_c.jpg?fit=680%2C365&ssl=1","jetpack_likes_enabled":true,"jetpack_sharing_enabled":true,"_links":{"self":[{"href":"https:\/\/miradordeatarfe.es\/index.php?rest_route=\/wp\/v2\/posts\/1988","targetHints":{"allow":["GET"]}}],"collection":[{"href":"https:\/\/miradordeatarfe.es\/index.php?rest_route=\/wp\/v2\/posts"}],"about":[{"href":"https:\/\/miradordeatarfe.es\/index.php?rest_route=\/wp\/v2\/types\/post"}],"author":[{"embeddable":true,"href":"https:\/\/miradordeatarfe.es\/index.php?rest_route=\/wp\/v2\/users\/1"}],"replies":[{"embeddable":true,"href":"https:\/\/miradordeatarfe.es\/index.php?rest_route=%2Fwp%2Fv2%2Fcomments&post=1988"}],"version-history":[{"count":1,"href":"https:\/\/miradordeatarfe.es\/index.php?rest_route=\/wp\/v2\/posts\/1988\/revisions"}],"predecessor-version":[{"id":1990,"href":"https:\/\/miradordeatarfe.es\/index.php?rest_route=\/wp\/v2\/posts\/1988\/revisions\/1990"}],"wp:featuredmedia":[{"embeddable":true,"href":"https:\/\/miradordeatarfe.es\/index.php?rest_route=\/wp\/v2\/media\/1989"}],"wp:attachment":[{"href":"https:\/\/miradordeatarfe.es\/index.php?rest_route=%2Fwp%2Fv2%2Fmedia&parent=1988"}],"wp:term":[{"taxonomy":"category","embeddable":true,"href":"https:\/\/miradordeatarfe.es\/index.php?rest_route=%2Fwp%2Fv2%2Fcategories&post=1988"},{"taxonomy":"post_tag","embeddable":true,"href":"https:\/\/miradordeatarfe.es\/index.php?rest_route=%2Fwp%2Fv2%2Ftags&post=1988"}],"curies":[{"name":"wp","href":"https:\/\/api.w.org\/{rel}","templated":true}]}}