{"id":2011,"date":"2015-06-01T08:03:38","date_gmt":"2015-06-01T08:03:38","guid":{"rendered":"http:\/\/miradordeatarfe.es\/?p=2011"},"modified":"2015-06-02T08:33:23","modified_gmt":"2015-06-02T08:33:23","slug":"xiv-festival-internacional-jazz-en-el-lago-los-dias-3-y-4-de-julio","status":"publish","type":"post","link":"https:\/\/miradordeatarfe.es\/?p=2011","title":{"rendered":"XIV FESTIVAL INTERNACIONAL JAZZ EN EL LAGO LOS DIAS 3 Y 4 DE JULIO"},"content":{"rendered":"<p>El Festival de Jazz en el Lago nace en el a\u00f1o 2001 impulsado por la Concejal\u00eda de Cultura del Ayuntamiento de Atarfe. El esp\u00edritu de superaci\u00f3n es el com\u00fan denominador del equipo de personas que componen la Oficina T\u00e9cnica del Festival, es por ello que a\u00f1o tras a\u00f1o, resultado de su dedicaci\u00f3n y esfuerzo, se ha conseguido una programaci\u00f3n de excelente calidad que satisface al p\u00fablico incondicional que nos acompa\u00f1a de aquella primera edici\u00f3n ya lejana en el tiempo.<!--more--><\/p>\n<p>Ya es tradici\u00f3n que el primer fin de semana del mes de Julio, los aficionados a este g\u00e9nero musical se dan cita en el incomparable marco natural que nos ofrece el lago del paraje de la Ermita de los Tres Juanes en Atarfe. Desde su comienzo se han programado dos noches del mejor Jazz de la escena nacional e internacional.La labor de divulgaci\u00f3n del Jazz, crear afici\u00f3n entre nuestras gentes, fue desde el principio uno de los retos que se marc\u00f3 este Festival. El objetivo se ha cumplido y prueba de ello es la consolidaci\u00f3n en el \u00e1mbito de los Festivales de Jazz que cada verano se celebran en Espa\u00f1a. Nos hemos abierto hueco entre los \u00abgrandes\u00bb, Atarfe y Jazz son dos palabras ligadas en todas estas m\u00e1ginas noches de verano que hemos vivido juntos en el lago.<\/p>\n<p>XIV FESTIVAL INTERNACIONAL JAZZ EN EL LAGO<\/p>\n<p>Viernes 3 de Julio<\/p>\n<p>James Carter Organ Tr\u00edo<br \/>\nJuan Valderrama &amp; Mois\u00e9s S\u00e1nchez Tr\u00edo<\/p>\n<p>S\u00e1bado 4 de Julio<br \/>\nStanley Jordan Nettwork<br \/>\nBig Band Atarfe &amp; (Damon Robinson y Sandra Morales)<\/p>\n<p>Conciertos en Paraje Ermita de los 3 Juanes.<\/p>\n<p>Abono: 20\u20ac (hasta 15 Junio)<br \/>\nPrecio\/d\u00eda: 16\u20ac<\/p>\n<p><a href=\"https:\/\/i0.wp.com\/miradordeatarfe.es\/wp-content\/uploads\/2015\/06\/el-cartel-49.jpg?ssl=1\"><img data-recalc-dims=\"1\" loading=\"lazy\" decoding=\"async\" class=\"alignnone size-full wp-image-2013\" src=\"https:\/\/i0.wp.com\/miradordeatarfe.es\/wp-content\/uploads\/2015\/06\/el-cartel-49.jpg?resize=352%2C500&#038;ssl=1\" alt=\"el-cartel-49\" width=\"352\" height=\"500\" srcset=\"https:\/\/i0.wp.com\/miradordeatarfe.es\/wp-content\/uploads\/2015\/06\/el-cartel-49.jpg?w=352&amp;ssl=1 352w, https:\/\/i0.wp.com\/miradordeatarfe.es\/wp-content\/uploads\/2015\/06\/el-cartel-49.jpg?resize=211%2C300&amp;ssl=1 211w\" sizes=\"auto, (max-width: 352px) 100vw, 352px\" \/><\/a><\/p>\n<p>ESTE A\u00d1O ADEM\u00c1S SE ENTREGAR\u00c1N LOS PREMIOS JAZZ EN EL LAGO A<\/p>\n<p><strong>Javier Dom\u00ednguez<\/strong><\/p>\n<p>Por toda su trayectoria en el mundo de Jazz que cumple 22 a\u00f1os en antena, como locutor y divulgador jazz\u00edstico al frente de su programa BULEVAR DEL JAZZ. Tras m\u00e1s de dos d\u00e9cadas emiti\u00e9ndose en la radio p\u00fablica andaluza, el espacio ha contribuido a que hoy en d\u00eda se hable de jazz en los rincones m\u00e1s remotos de Andaluc\u00eda, por peque\u00f1os que sean, e independientemente de su n\u00famero de habitantes. As\u00ed, localidades como Atarfe, disfrutan de un fabuloso festival de jazz y as\u00ed como otros pueblos andaluces.<\/p>\n<p><strong>David Margam<\/strong><\/p>\n<p>M\u00fasico, Productor y Locutor de Radio Conocido tambi\u00e9n como uno de los impulsores del Smooth Jazz de este pa\u00eds a trav\u00e9s de su actual y reconocido programa de radio FUNKMANIA SMOOTHJAZZ el cu\u00e1l dirige y presenta contando con la radiodifusi\u00f3n de su proyecto por diferentes emisoras radiof\u00f3nicas a nivel nacional y referencia del Jazz contempor\u00e1neo en diversos pa\u00edses de habla hispana.<\/p>\n","protected":false},"excerpt":{"rendered":"<p>El Festival de Jazz en el Lago nace en el a\u00f1o 2001 impulsado por la&#8230;<\/p>\n","protected":false},"author":1,"featured_media":2014,"comment_status":"closed","ping_status":"closed","sticky":false,"template":"","format":"standard","meta":{"_coblocks_attr":"","_coblocks_dimensions":"","_coblocks_responsive_height":"","_coblocks_accordion_ie_support":"","jetpack_post_was_ever_published":false,"_jetpack_newsletter_access":"","_jetpack_dont_email_post_to_subs":false,"_jetpack_newsletter_tier_id":0,"_jetpack_memberships_contains_paywalled_content":false,"_jetpack_memberships_contains_paid_content":false,"footnotes":"","jetpack_publicize_message":"","jetpack_publicize_feature_enabled":true,"jetpack_social_post_already_shared":false,"jetpack_social_options":{"image_generator_settings":{"template":"highway","default_image_id":0,"enabled":false},"version":2}},"categories":[2,12,15],"tags":[81,741,166],"class_list":["post-2011","post","type-post","status-publish","format-standard","has-post-thumbnail","hentry","category-atarfe","category-cultura","category-ultimas-noticias","tag-atarfe","tag-jazz-en-el-lago","tag-premios"],"jetpack_publicize_connections":[],"jetpack_featured_media_url":"https:\/\/i0.wp.com\/miradordeatarfe.es\/wp-content\/uploads\/2015\/06\/xxx-000.jpg?fit=658%2C185&ssl=1","jetpack_likes_enabled":true,"jetpack_sharing_enabled":true,"_links":{"self":[{"href":"https:\/\/miradordeatarfe.es\/index.php?rest_route=\/wp\/v2\/posts\/2011","targetHints":{"allow":["GET"]}}],"collection":[{"href":"https:\/\/miradordeatarfe.es\/index.php?rest_route=\/wp\/v2\/posts"}],"about":[{"href":"https:\/\/miradordeatarfe.es\/index.php?rest_route=\/wp\/v2\/types\/post"}],"author":[{"embeddable":true,"href":"https:\/\/miradordeatarfe.es\/index.php?rest_route=\/wp\/v2\/users\/1"}],"replies":[{"embeddable":true,"href":"https:\/\/miradordeatarfe.es\/index.php?rest_route=%2Fwp%2Fv2%2Fcomments&post=2011"}],"version-history":[{"count":2,"href":"https:\/\/miradordeatarfe.es\/index.php?rest_route=\/wp\/v2\/posts\/2011\/revisions"}],"predecessor-version":[{"id":2015,"href":"https:\/\/miradordeatarfe.es\/index.php?rest_route=\/wp\/v2\/posts\/2011\/revisions\/2015"}],"wp:featuredmedia":[{"embeddable":true,"href":"https:\/\/miradordeatarfe.es\/index.php?rest_route=\/wp\/v2\/media\/2014"}],"wp:attachment":[{"href":"https:\/\/miradordeatarfe.es\/index.php?rest_route=%2Fwp%2Fv2%2Fmedia&parent=2011"}],"wp:term":[{"taxonomy":"category","embeddable":true,"href":"https:\/\/miradordeatarfe.es\/index.php?rest_route=%2Fwp%2Fv2%2Fcategories&post=2011"},{"taxonomy":"post_tag","embeddable":true,"href":"https:\/\/miradordeatarfe.es\/index.php?rest_route=%2Fwp%2Fv2%2Ftags&post=2011"}],"curies":[{"name":"wp","href":"https:\/\/api.w.org\/{rel}","templated":true}]}}