{"id":20144,"date":"2017-12-15T10:45:30","date_gmt":"2017-12-15T09:45:30","guid":{"rendered":"http:\/\/miradordeatarfe.es\/?p=20144"},"modified":"2019-12-28T12:40:26","modified_gmt":"2019-12-28T11:40:26","slug":"el-castillo-de-elvira-por-jose-enrique-granados","status":"publish","type":"post","link":"https:\/\/miradordeatarfe.es\/?p=20144","title":{"rendered":"\u00bb EL CASTILLO DE ELVIRA\u00bb por Jos\u00e9 Enrique Granados"},"content":{"rendered":"<div dir=\"auto\">\n<div dir=\"auto\">\u201cLa Historia, precisamente por la poca importancia de este arrabal no nos habla de Atarfe sino por referencias al pr\u00f3ximo Castillo de Elvira que despu\u00e9s de despoblada esta ciudad se conserv\u00f3 por alg\u00fan tiempo.<!--more--><\/div>\n<div dir=\"auto\"><\/div>\n<div dir=\"auto\">Ibn Aljatib cuenta entre las alquer\u00edas pr\u00f3ximas a Granada la de Elvira poni\u00e9ndola cerca del lugar de Altarfe o Atarfe. Estas noticias son den del siglo XIV en que vivi\u00f3 dicho historiador. Este castillo fue dado en feudo por Mohamed V a Aben Haldum y en \u00e9l muri\u00f3 el literato Ebu Xaber, seg\u00fan Almacari, en el a\u00f1o 1378.<\/div>\n<div dir=\"auto\"><\/div>\n<div dir=\"auto\">El pueblo de Atarfe, defendido por el inmediato Castillo de Elvira, continu\u00f3 formando parte del reducido reino de Granada, hasta que en 1495, habiendo los Reyes Cat\u00f3licos destruido, en una de sus \u00faltimas expediciones el mencionado castillo, hubo de quedar desde entonces, careciendo de este apoyo, merced de los cristianos que se posicionaron definitivamente de \u00e9l, al apoderarse de la ciudad\u201d. (Extra\u00eddo de\u00a0 Curiosidades del pueblo de Atarfe y ruinas de Elvira, de Antonio Almagro C\u00e1rdenas).<\/div>\n<div dir=\"auto\"><\/div>\n<div dir=\"auto\">Recreaci\u00f3n de Medina Elvira de Manolo Rivas.<\/div>\n<div dir=\"auto\"><\/div>\n<div dir=\"auto\">Curiosidades elvirenses.<\/div>\n<\/div>\n<p>&nbsp;<\/p>\n","protected":false},"excerpt":{"rendered":"<p>\u201cLa Historia, precisamente por la poca importancia de este arrabal no nos habla de Atarfe&#8230;<\/p>\n","protected":false},"author":1,"featured_media":20190,"comment_status":"closed","ping_status":"closed","sticky":false,"template":"","format":"standard","meta":{"_coblocks_attr":"","_coblocks_dimensions":"","_coblocks_responsive_height":"","_coblocks_accordion_ie_support":"","jetpack_post_was_ever_published":false,"_jetpack_newsletter_access":"","_jetpack_dont_email_post_to_subs":false,"_jetpack_newsletter_tier_id":0,"_jetpack_memberships_contains_paywalled_content":false,"_jetpack_memberships_contains_paid_content":false,"footnotes":"","jetpack_publicize_message":"","jetpack_publicize_feature_enabled":true,"jetpack_social_post_already_shared":false,"jetpack_social_options":{"image_generator_settings":{"template":"highway","default_image_id":0,"enabled":false},"version":2}},"categories":[2,12,1225,186,38,44,15],"tags":[81,1034,79],"class_list":["post-20144","post","type-post","status-publish","format-standard","has-post-thumbnail","hentry","category-atarfe","category-cultura","category-ha-de-atarfe","category-instituciones","category-opinion-de-jose-enrique-granados","category-noticias-de-hoy","category-ultimas-noticias","tag-atarfe","tag-elvira","tag-medina-elvira"],"jetpack_publicize_connections":[],"jetpack_featured_media_url":"https:\/\/i0.wp.com\/miradordeatarfe.es\/wp-content\/uploads\/2017\/12\/23316777_1555787587840584_6523634961173393454_n.jpg?fit=960%2C960&ssl=1","jetpack_likes_enabled":true,"jetpack_sharing_enabled":true,"_links":{"self":[{"href":"https:\/\/miradordeatarfe.es\/index.php?rest_route=\/wp\/v2\/posts\/20144","targetHints":{"allow":["GET"]}}],"collection":[{"href":"https:\/\/miradordeatarfe.es\/index.php?rest_route=\/wp\/v2\/posts"}],"about":[{"href":"https:\/\/miradordeatarfe.es\/index.php?rest_route=\/wp\/v2\/types\/post"}],"author":[{"embeddable":true,"href":"https:\/\/miradordeatarfe.es\/index.php?rest_route=\/wp\/v2\/users\/1"}],"replies":[{"embeddable":true,"href":"https:\/\/miradordeatarfe.es\/index.php?rest_route=%2Fwp%2Fv2%2Fcomments&post=20144"}],"version-history":[{"count":2,"href":"https:\/\/miradordeatarfe.es\/index.php?rest_route=\/wp\/v2\/posts\/20144\/revisions"}],"predecessor-version":[{"id":36400,"href":"https:\/\/miradordeatarfe.es\/index.php?rest_route=\/wp\/v2\/posts\/20144\/revisions\/36400"}],"wp:featuredmedia":[{"embeddable":true,"href":"https:\/\/miradordeatarfe.es\/index.php?rest_route=\/wp\/v2\/media\/20190"}],"wp:attachment":[{"href":"https:\/\/miradordeatarfe.es\/index.php?rest_route=%2Fwp%2Fv2%2Fmedia&parent=20144"}],"wp:term":[{"taxonomy":"category","embeddable":true,"href":"https:\/\/miradordeatarfe.es\/index.php?rest_route=%2Fwp%2Fv2%2Fcategories&post=20144"},{"taxonomy":"post_tag","embeddable":true,"href":"https:\/\/miradordeatarfe.es\/index.php?rest_route=%2Fwp%2Fv2%2Ftags&post=20144"}],"curies":[{"name":"wp","href":"https:\/\/api.w.org\/{rel}","templated":true}]}}