{"id":2020,"date":"2015-05-27T07:40:22","date_gmt":"2015-05-27T07:40:22","guid":{"rendered":"http:\/\/miradordeatarfe.es\/?p=2020"},"modified":"2015-05-28T10:07:02","modified_gmt":"2015-05-28T10:07:02","slug":"la-poblacion-en-riesgo-de-pobreza-o-exclusion-social-crece-hasta-el-29","status":"publish","type":"post","link":"https:\/\/miradordeatarfe.es\/?p=2020","title":{"rendered":"La poblaci\u00f3n en riesgo de pobreza o exclusi\u00f3n social crece hasta el 29%"},"content":{"rendered":"<div id=\"cuerpo_noticia\" class=\"cuerpo_noticia\">\n<p>La tasa de personas en riesgo de pobreza o exclusi\u00f3n social sigue avanzando en Espa\u00f1a y ya representa el 29,2% de la poblaci\u00f3n (era del 26% en 2010). Tambi\u00e9n retroceden los ingresos medios por hogar, que alcanzan los 26.154 euros por familia. Los datos corresponden a la Encuesta de Condiciones de Vida elaborada por el Instituto Nacional de Estad\u00edstica (INE) a partir de los datos del a\u00f1o 2013, el \u00faltimo de la crisis econ\u00f3mica.<\/p>\n<p><!--more--><\/p>\n<div id=\"sumario_3|foto\" class=\"izquierda\"><\/div>\n<p>La tasa de personas en riesgo de pobreza o exclusi\u00f3n es el principal indicador que usa Eurostat, la oficina estad\u00edstica europea, para medir el peso de las personas menos favorecidas en una sociedad. Esta referencia (tambi\u00e9n se denomina Arope, del ingl\u00e9s, at risk of poverty or social exclusion) consta de tres variables: la carencia material severa, la baja intensidad en el empleo o el riesgo de pobreza. De acuerdo con los datos de poblaci\u00f3n de 2013 (46,7 millones), unos 13,6 millones de personas cumplir\u00edan alguno de los tres criterios que definen este concepto.<\/p>\n<p>Despu\u00e9s de llevar dos a\u00f1os estancada en torno al 27% (en 2011 y 2012), la tasa ha aumentado dos puntos y es tres puntos porcentuales m\u00e1s elevada que la de 2010.<\/p>\n<p>Uno de los tres elementos que integran esta variable es el umbral de pobreza: percibir unos ingresos inferiores a 7.961 euros en el caso de un hogar unipersonal o de 16.719 euros en hogares compuestos de una pareja y dos ni\u00f1os. El porcentaje de poblaci\u00f3n que se encuentra por debajo de este list\u00f3n de renta (que m\u00e1s que pobreza absoluta mide la desigualdad, es decir, cu\u00e1nta gente tiene ingresos bajos respecto al conjunto de la poblaci\u00f3n) aument\u00f3 el a\u00f1o pasado respecto a la anterior.<\/p>\n<p>La tasa de riesgo de pobreza (a secas, sin otros factores de exclusi\u00f3n) se situ\u00f3 en el 22,2% de la poblaci\u00f3n frente al 20% de 2012 (y 20,7% de 2010). El porcentaje aumenta sensiblemente m\u00e1s entre los menores de 16 a\u00f1os, al crecer 3,4 puntos, mientras cae entre los mayores de 65 a\u00f1os un 1%. Como el umbral est\u00e1 bajando debido a la ca\u00edda generalizada de los ingresos, los colectivos con rentas estables como los jubilados ven mejorada su situaci\u00f3n comparada con el resto de la poblaci\u00f3n, lo que explica la mejora de la situaci\u00f3n entre los mayores que reflejan las estad\u00edsticas.<\/p>\n<div id=\"sumario_4|foto\" class=\"centro\"><a href=\"https:\/\/i0.wp.com\/miradordeatarfe.es\/wp-content\/uploads\/2015\/05\/1432626857_809310_1432662774_sumario_normal.png?ssl=1\"><img data-recalc-dims=\"1\" loading=\"lazy\" decoding=\"async\" class=\"alignnone size-full wp-image-2021\" src=\"https:\/\/i0.wp.com\/miradordeatarfe.es\/wp-content\/uploads\/2015\/05\/1432626857_809310_1432662774_sumario_normal.png?resize=300%2C658&#038;ssl=1\" alt=\"1432626857_809310_1432662774_sumario_normal\" width=\"300\" height=\"658\" srcset=\"https:\/\/i0.wp.com\/miradordeatarfe.es\/wp-content\/uploads\/2015\/05\/1432626857_809310_1432662774_sumario_normal.png?w=300&amp;ssl=1 300w, https:\/\/i0.wp.com\/miradordeatarfe.es\/wp-content\/uploads\/2015\/05\/1432626857_809310_1432662774_sumario_normal.png?resize=137%2C300&amp;ssl=1 137w\" sizes=\"auto, (max-width: 300px) 100vw, 300px\" \/><\/a><\/p>\n<div class=\"media\"><\/div>\n<\/div>\n<p>El informe muestra tambi\u00e9n c\u00f3mo los ingresos medios en las familias durante 2013 fueron de 26.154 euros, inferiores en un 2,3% respecto al a\u00f1o anterior. En 2010 eran 29.634 y en 2012 26.154 euros.<\/p>\n<p>\u201cSe trata de datos muy reveladores y muestran un empeoramiento muy claro de la realidad social, tanto en lo que se refiere a niveles de renta como a las condiciones de vida en general\u201d, indica Luis Arroyo, catedr\u00e1tico de Econom\u00eda Aplicada de la Universidad Juan Carlos I de Madrid.<\/p>\n<p>Arroyo a\u00f1ade otro indicador m\u00e1s de la Encuesta de Condiciones de Vida para apuntalar su tesis: la evoluci\u00f3n del coeficiente Gini, un valor que aporta informaci\u00f3n sobre la concentraci\u00f3n de la renta en un pa\u00eds. Oscila entre el 0 (reparto m\u00e1ximo de riqueza) y el 1 (desigualdad absoluta). Es una tasa relativamente r\u00edgida, y pese a ello, ha pasado del 0,337 en 2012 a 0,347 en 2013. Era del 0,329 en 2008. \u201cEn Espa\u00f1a siempre ha rondado el valor de 0,3; frente a los pa\u00edses n\u00f3rdicos que est\u00e1n en el entorno del 0,2. Estados Unidos se encuentra en el 0,4 y los estados m\u00e1s desiguales en el 0,6\u201d, explica.<\/p>\n<p>La evoluci\u00f3n de este coeficiente, junto con la ca\u00edda de ingresos medios o el aumento de la tasa que mide el riesgo de pobreza y exclusi\u00f3n social son una muestra de que la recuperaci\u00f3n econ\u00f3mica \u201cse est\u00e1 saldando con una mayor desigualdad\u201d, seg\u00fan el catedr\u00e1tico de econom\u00eda. \u201cYa nos tem\u00edamos que la resaca de la crisis iba a ser grande en t\u00e9rminos de fractura social\u201d, a\u00f1ade.<\/p>\n<div id=\"sumario_2|despiece\" class=\"centro\"><a href=\"https:\/\/i0.wp.com\/miradordeatarfe.es\/wp-content\/uploads\/2015\/05\/1432626857_809310_1432663017_sumario_normal.png?ssl=1\"><img data-recalc-dims=\"1\" loading=\"lazy\" decoding=\"async\" class=\"alignnone size-full wp-image-2022\" src=\"https:\/\/i0.wp.com\/miradordeatarfe.es\/wp-content\/uploads\/2015\/05\/1432626857_809310_1432663017_sumario_normal.png?resize=560%2C704&#038;ssl=1\" alt=\"1432626857_809310_1432663017_sumario_normal\" width=\"560\" height=\"704\" srcset=\"https:\/\/i0.wp.com\/miradordeatarfe.es\/wp-content\/uploads\/2015\/05\/1432626857_809310_1432663017_sumario_normal.png?w=560&amp;ssl=1 560w, https:\/\/i0.wp.com\/miradordeatarfe.es\/wp-content\/uploads\/2015\/05\/1432626857_809310_1432663017_sumario_normal.png?resize=239%2C300&amp;ssl=1 239w\" sizes=\"auto, (max-width: 560px) 100vw, 560px\" \/><\/a><\/p>\n<div class=\"aside estirar\">\n<h2>El 45% no puede salir de vacaciones ni una semana<\/h2>\n<p>El indicador de riesgo de pobreza o exclusi\u00f3n es una referencia compuesta de tres conceptos: el riesgo de pobreza (ingresos un 60% inferiores a la mediana); la baja intensidad en el empleo (menos del 20% del potencial laboral) y la carencia material severa. Este \u00faltimo consiste en sufrir al menos cuatro situaciones de una lista: no poder ir de vacaciones ni una semana; no permitirse comer carne o pescado al menos cada dos d\u00edas, ser incapaz de mantener la vivienda a una temperatura agradable, retrasos en el alquiler o la hipoteca, no tener coche, lavadora o televisi\u00f3n.<\/p>\n<p>Estas son algunas de las dificultades planteadas por los espa\u00f1oles en la encuesta:<\/p>\n<p>El 45% no puede ir de vacaciones fuera de casa al menos una semana al a\u00f1o.<\/p>\n<p>El 42% no puede afrontar gastos imprevistos (de 650 euros).<\/p>\n<p>El 10% sufre retrasos en los pagos relacionados con la vivienda principal (alquiler, hipoteca, luz, agua).<\/p>\n<p>El 16% tiene serias dificultades en llegar a final de mes.<\/p>\n<\/div>\n<\/div>\n<\/div>\n<p>&nbsp;<\/p>\n","protected":false},"excerpt":{"rendered":"<p>La tasa de personas en riesgo de pobreza o exclusi\u00f3n social sigue avanzando en Espa\u00f1a&#8230;<\/p>\n","protected":false},"author":1,"featured_media":2024,"comment_status":"closed","ping_status":"closed","sticky":false,"template":"","format":"standard","meta":{"_coblocks_attr":"","_coblocks_dimensions":"","_coblocks_responsive_height":"","_coblocks_accordion_ie_support":"","jetpack_post_was_ever_published":false,"_jetpack_newsletter_access":"","_jetpack_dont_email_post_to_subs":false,"_jetpack_newsletter_tier_id":0,"_jetpack_memberships_contains_paywalled_content":false,"_jetpack_memberships_contains_paid_content":false,"footnotes":"","jetpack_publicize_message":"","jetpack_publicize_feature_enabled":true,"jetpack_social_post_already_shared":false,"jetpack_social_options":{"image_generator_settings":{"template":"highway","default_image_id":0,"enabled":false},"version":2}},"categories":[186,9,15],"tags":[742,743,49],"class_list":["post-2020","post","type-post","status-publish","format-standard","has-post-thumbnail","hentry","category-instituciones","category-medio-ambiente","category-ultimas-noticias","tag-condiciones-de-vida","tag-indice-de-pobreza","tag-pobreza"],"jetpack_publicize_connections":[],"jetpack_featured_media_url":"https:\/\/i0.wp.com\/miradordeatarfe.es\/wp-content\/uploads\/2015\/05\/1432626857_809310_16699300_fotograma_1.jpg?fit=640%2C360&ssl=1","jetpack_likes_enabled":true,"jetpack_sharing_enabled":true,"_links":{"self":[{"href":"https:\/\/miradordeatarfe.es\/index.php?rest_route=\/wp\/v2\/posts\/2020","targetHints":{"allow":["GET"]}}],"collection":[{"href":"https:\/\/miradordeatarfe.es\/index.php?rest_route=\/wp\/v2\/posts"}],"about":[{"href":"https:\/\/miradordeatarfe.es\/index.php?rest_route=\/wp\/v2\/types\/post"}],"author":[{"embeddable":true,"href":"https:\/\/miradordeatarfe.es\/index.php?rest_route=\/wp\/v2\/users\/1"}],"replies":[{"embeddable":true,"href":"https:\/\/miradordeatarfe.es\/index.php?rest_route=%2Fwp%2Fv2%2Fcomments&post=2020"}],"version-history":[{"count":3,"href":"https:\/\/miradordeatarfe.es\/index.php?rest_route=\/wp\/v2\/posts\/2020\/revisions"}],"predecessor-version":[{"id":2026,"href":"https:\/\/miradordeatarfe.es\/index.php?rest_route=\/wp\/v2\/posts\/2020\/revisions\/2026"}],"wp:featuredmedia":[{"embeddable":true,"href":"https:\/\/miradordeatarfe.es\/index.php?rest_route=\/wp\/v2\/media\/2024"}],"wp:attachment":[{"href":"https:\/\/miradordeatarfe.es\/index.php?rest_route=%2Fwp%2Fv2%2Fmedia&parent=2020"}],"wp:term":[{"taxonomy":"category","embeddable":true,"href":"https:\/\/miradordeatarfe.es\/index.php?rest_route=%2Fwp%2Fv2%2Fcategories&post=2020"},{"taxonomy":"post_tag","embeddable":true,"href":"https:\/\/miradordeatarfe.es\/index.php?rest_route=%2Fwp%2Fv2%2Ftags&post=2020"}],"curies":[{"name":"wp","href":"https:\/\/api.w.org\/{rel}","templated":true}]}}