{"id":20407,"date":"2018-01-02T07:56:31","date_gmt":"2018-01-02T06:56:31","guid":{"rendered":"http:\/\/miradordeatarfe.es\/?p=20407"},"modified":"2017-12-31T17:02:24","modified_gmt":"2017-12-31T16:02:24","slug":"obligar-a-dar-besitos-despues-de-ser-agredidas-si-pasa-en-infantil","status":"publish","type":"post","link":"https:\/\/miradordeatarfe.es\/?p=20407","title":{"rendered":"\u00bfObligar a dar besitos despu\u00e9s de ser agredidas? S\u00ed, pasa en infantil"},"content":{"rendered":"<p style=\"text-align: justify;\">\u201cFue sin querer\u201d o \u201cNo quer\u00eda pegarte, no sab\u00eda lo que hac\u00eda\u201d. \u201cEl\/ella empez\u00f3 antes, yo me defend\u00ed\u201d, o \u201cLe pegu\u00e9 porque perd\u00ed los nervios\u201d \u201cDale un beso y no vuelvas a pegarle, ten\u00e9is que ser amigos\u201d, o \u201cDame un beso, no volver\u00e1 a pasar, yo te quiero\u201d \u201cYa te ha pedido perd\u00f3n, no seas rencorosa\u201d o \u201cYa te he pedido perd\u00f3n, \u00bfqu\u00e9 m\u00e1s quieres que haga?\u201d<!--more--><\/p>\n<div class=\"elementor elementor-1981\">\n<div class=\"elementor-inner\">\n<div class=\"elementor-section-wrap\">\n<section class=\"elementor-element elementor-element-9f47a2f elementor-section-boxed elementor-section-height-default elementor-section-height-default elementor-section elementor-top-section\" data-id=\"9f47a2f\" data-element_type=\"section\">\n<div class=\"elementor-container elementor-column-gap-default\">\n<div class=\"elementor-row\">\n<div class=\"elementor-element elementor-element-84de9e6 elementor-column elementor-col-100 elementor-top-column\" data-id=\"84de9e6\" data-element_type=\"column\">\n<div class=\"elementor-column-wrap elementor-element-populated\">\n<div class=\"elementor-widget-wrap\">\n<div class=\"elementor-element elementor-element-7ae801c elementor-widget elementor-widget-text-editor\" data-id=\"7ae801c\" data-element_type=\"text-editor.default\">\n<div class=\"elementor-widget-container\">\n<div class=\"elementor-text-editor elementor-clearfix\">\n<p style=\"text-align: justify;\">\u00bfQui\u00e9nes pronuncian este tipo de frases? \u00bfLos ni\u00f1os en el patio del colegio? \u00bfLas personas adultas cuando intervenimos en conflictos infantiles? \u00bfLos maltratadores de mujeres?<\/p>\n<p style=\"text-align: justify;\">La literatura cient\u00edfica demuestra qu\u00e9 tipo de intervenci\u00f3n adulta contribuye o no a la <a href=\"https:\/\/sede.educacion.gob.es\/publiventa\/idealovenam-socializacion-preventiva-de-la-violencia-de-genero\/violencia-de-genero\/20538\">socializaci\u00f3n preventiva de la violencia de g\u00e9nero<\/a>. Cuando nos da pena aislar cuando se agrede porque creemos que tiene problemas o baja autoestima, estamos justificando la violencia. Cuando avisamos varias veces a las ni\u00f1as y los ni\u00f1os antes de actuar, permitimos la violencia ese n\u00famero de veces. Cuando damos por sentado que los ni\u00f1os son m\u00e1s brutos que las ni\u00f1as, cuando explicamos que est\u00e1n explorando el cuerpo y por eso a veces se hacen da\u00f1o, estamos normalizando lo que deber\u00edamos rechazar.<\/p>\n<p style=\"text-align: justify;\">Cuando escuchamos, creemos y apoyamos a quienes necesitan ayuda, aislamos al agresor del grupo hasta que trate bien a todos y explicamos que es mejor ser amigas de quienes nos tratan bien y no nos obligan a hacer cosas que no queremos; cuando empoderamos a las ni\u00f1as para que se atrevan a mirar al agresor y decirle \u201cno te permito que me molestes\u201d; cuando utilizamos el <a href=\"http:\/\/www.homesendialeg.org\/es\/2014\/09\/cimie14\/\"><em>lenguaje del deseo<\/em><\/a> para decir al grupo que un ni\u00f1o ha sido valiente (y no chivato) porque se ha atrevido a contarnos que alguien trat\u00f3 mal a su amiga; cuando damos voz a los ni\u00f1os para que decidan si un compa\u00f1ero ha de pertenecer o no al <a href=\"https:\/\/revistas.upcomillas.es\/index.php\/padresymaestros\/article\/view\/7121\/6954\"><em>Club de Valientes<\/em><\/a>, entonces estamos abriendo espacios de di\u00e1logo y amistad, libres de violencia.<\/p>\n<p style=\"text-align: justify;\">Caemos en contradicciones cuando ense\u00f1amos a los mayores estrategias de resoluci\u00f3n de conflictos, mientras decimos a los peque\u00f1os que tienen que aprender a resolverlos por s\u00ed mismos. No se pretende aqu\u00ed analizar qu\u00e9 conflictos en la primera infancia tienen o no que ver con la violencia de g\u00e9nero, ni si est\u00e1n o no reproduciendo conductas que han observado en su entorno. Cuando un ni\u00f1o intenta besar a una ni\u00f1a que se muestra claramente inc\u00f3moda; cuando un ni\u00f1o exige a una ni\u00f1a que le cuente lo que le dec\u00eda a su compa\u00f1era al o\u00eddo; cuando persiguen y molestan a la misma ni\u00f1a con frecuencia; cuando quien hace esto dice que es porque quiere ser su amigo o su novio; cuando los l\u00edderes de cuatro a\u00f1os se reparten las \u201cnovias\u201d y ellas les regalan dibujos y besos para que las elijan; cuando uno de ellos \u201ccambia de novia\u201d y la anterior le dice \u201cya no me dices que soy guapa\u201d; cuando una ni\u00f1a de cinco a\u00f1os viene a decirnos que un ni\u00f1o de su misma edad le ha dicho \u201cvuelve a ser mi novia o te mato\u201d, es vital conocer las evidencias cient\u00edficas e intervenir en consecuencia.<\/p>\n<p style=\"text-align: justify;\">La <em>Gu\u00eda para entender a tu hijo<\/em> del Centro Yale de Estudios Infantiles, el informe de la Universidad de Montreal <a href=\"http:\/\/www.excellence-jeunesenfants.ca\/documents\/Tremblay_ReporteAgresion_SP.pdf\"><em>Prevenir la violencia a trav\u00e9s del aprendizaje en la primera infancia<\/em><\/a><em>, <\/em>los numerosos art\u00edculos sobre el <a href=\"http:\/\/utopiadream.info\/ca\/actuaciones-de-exito\/modelo-dialogico-de-conflictos\/\"><em>Modelo dial\u00f3gico de prevenci\u00f3n y resoluci\u00f3n de conflictos<\/em><\/a> o las <a href=\"http:\/\/blog.educalab.es\/cniie\/2017\/05\/17\/guias-para-la-comunidad-educativa-de-prevencion-y-apoyo-a-las-victimas-de-violencia-escolar-y-de-ciberacoso-en-el-contexto-escolar\/\"><em>Gu\u00edas para la Comunidad Educativa de prevenci\u00f3n y apoyo a las v\u00edctimas de violencia escolar<\/em><\/a> publicadas por el MECD son textos cient\u00edficos que nos ayudan a intervenir para erradicar la violencia de g\u00e9nero.<\/p>\n<\/div>\n<\/div>\n<\/div>\n<\/div>\n<\/div>\n<\/div>\n<\/div>\n<\/div>\n<\/section>\n<\/div>\n<\/div>\n<\/div>\n<div class=\"saboxplugin-wrap\">\n<div class=\"saboxplugin-gravatar\"><img data-recalc-dims=\"1\" loading=\"lazy\" decoding=\"async\" class=\"avatar avatar-100 wp-user-avatar wp-user-avatar-100 alignnone photo\" src=\"https:\/\/i0.wp.com\/eldiariofeminista.info\/wp-content\/uploads\/2017\/12\/RGarv%C3%ADn-150x150.jpg?resize=100%2C100\" alt=\"Rosa Garvin\" width=\"100\" height=\"100\" \/><\/div>\n<div class=\"saboxplugin-authorname\"><a href=\"http:\/\/eldiariofeminista.info\/author\/rosa-garvin\/\">Rosa Garvin<\/a><\/div>\n<\/div>\n","protected":false},"excerpt":{"rendered":"<p>\u201cFue sin querer\u201d o \u201cNo quer\u00eda pegarte, no sab\u00eda lo que hac\u00eda\u201d. \u201cEl\/ella empez\u00f3 antes,&#8230;<\/p>\n","protected":false},"author":1,"featured_media":0,"comment_status":"closed","ping_status":"closed","sticky":false,"template":"","format":"standard","meta":{"_coblocks_attr":"","_coblocks_dimensions":"","_coblocks_responsive_height":"","_coblocks_accordion_ie_support":"","jetpack_post_was_ever_published":false,"_jetpack_newsletter_access":"","_jetpack_dont_email_post_to_subs":false,"_jetpack_newsletter_tier_id":0,"_jetpack_memberships_contains_paywalled_content":false,"_jetpack_memberships_contains_paid_content":false,"footnotes":"","jetpack_publicize_message":"","jetpack_publicize_feature_enabled":true,"jetpack_social_post_already_shared":false,"jetpack_social_options":{"image_generator_settings":{"template":"highway","default_image_id":0,"enabled":false},"version":2}},"categories":[187,14,186,44,15],"tags":[2562,27,562,1810],"class_list":["post-20407","post","type-post","status-publish","format-standard","hentry","category-centros-educativos","category-feminismo","category-instituciones","category-noticias-de-hoy","category-ultimas-noticias","tag-afectividad","tag-educacion","tag-machismo","tag-modelos"],"jetpack_publicize_connections":[],"jetpack_featured_media_url":"","jetpack_likes_enabled":true,"jetpack_sharing_enabled":true,"_links":{"self":[{"href":"https:\/\/miradordeatarfe.es\/index.php?rest_route=\/wp\/v2\/posts\/20407","targetHints":{"allow":["GET"]}}],"collection":[{"href":"https:\/\/miradordeatarfe.es\/index.php?rest_route=\/wp\/v2\/posts"}],"about":[{"href":"https:\/\/miradordeatarfe.es\/index.php?rest_route=\/wp\/v2\/types\/post"}],"author":[{"embeddable":true,"href":"https:\/\/miradordeatarfe.es\/index.php?rest_route=\/wp\/v2\/users\/1"}],"replies":[{"embeddable":true,"href":"https:\/\/miradordeatarfe.es\/index.php?rest_route=%2Fwp%2Fv2%2Fcomments&post=20407"}],"version-history":[{"count":1,"href":"https:\/\/miradordeatarfe.es\/index.php?rest_route=\/wp\/v2\/posts\/20407\/revisions"}],"predecessor-version":[{"id":20409,"href":"https:\/\/miradordeatarfe.es\/index.php?rest_route=\/wp\/v2\/posts\/20407\/revisions\/20409"}],"wp:attachment":[{"href":"https:\/\/miradordeatarfe.es\/index.php?rest_route=%2Fwp%2Fv2%2Fmedia&parent=20407"}],"wp:term":[{"taxonomy":"category","embeddable":true,"href":"https:\/\/miradordeatarfe.es\/index.php?rest_route=%2Fwp%2Fv2%2Fcategories&post=20407"},{"taxonomy":"post_tag","embeddable":true,"href":"https:\/\/miradordeatarfe.es\/index.php?rest_route=%2Fwp%2Fv2%2Ftags&post=20407"}],"curies":[{"name":"wp","href":"https:\/\/api.w.org\/{rel}","templated":true}]}}