{"id":2050,"date":"2015-05-29T07:44:30","date_gmt":"2015-05-29T07:44:30","guid":{"rendered":"http:\/\/miradordeatarfe.es\/?p=2050"},"modified":"2015-05-30T10:22:55","modified_gmt":"2015-05-30T10:22:55","slug":"pilar-aranda-nueva-rectora-con-un-68-de-los-votos","status":"publish","type":"post","link":"https:\/\/miradordeatarfe.es\/?p=2050","title":{"rendered":"Pilar Aranda, nueva rectora con un 68% de los votos"},"content":{"rendered":"<p>La catedr\u00e1tica de Fisiolog\u00eda se impone a Indalecio S\u00e1nchez-Montesinos y se convierte en la primera mujer en regir los destinos de la UGR<!--more--><\/p>\n<p>Victoria hist\u00f3rica. La catedr\u00e1tica Pilar Aranda Ram\u00edrez se convirti\u00f3 ayer en la primera rectora de la Universidad de Granada (UGR). Consigui\u00f3 el apoyo de todos los sectores de la comunidad universitaria. Aranda obtuvo el 67,899% del voto ponderado. El otro candidato, el catedr\u00e1tico Indalecio S\u00e1nchez-Montesinos, se qued\u00f3 con el 32,01%.<\/p>\n<p>La participaci\u00f3n fue del 26,69%, lo que en n\u00fameros totales se tradujo en 16.135 votos. El censo electoral total lo integraban 60.462 personas. Los sufragios emitidos fueron 2.958 por parte del personal docente e investigador (todas las figuras existentes), 1.751 miembros del personal de administraci\u00f3n y servicios y 11.426 estudiantes.<\/p>\n<p>Del personal docente e investigador permanente, que eran 2.483 los llamados a las urnas, acudieron el 84,35%. Un total de 1.313 votaron a Pilar Aranda. Con el voto ponderado se tradujo en el 37%. Ten\u00edan el 57% del sufragio ponderado.<\/p>\n<p>En el resto de figuras del personal docente e investigador, el apoyo mayoritario fue tambi\u00e9n para la catedr\u00e1tica de Fisiolog\u00eda. Esos grupos ten\u00edan el 6%. La votaron 168 del personal investigador en formaci\u00f3n y perfeccionamiento (0,6%), 12 del profesorado asociado de Ciencias de la Salud y 362 del resto del personal docente e investigador, entre otros.<\/p>\n<p>Una curiosidad del profesorado em\u00e9rito, que son 10 en el censo en la actualidad, acudieron a las urnas todos. Siete de ellos introdujeron su papeleta a favor de Aranda.<\/p>\n<p>En el caso del personal de administraci\u00f3n y servicios, de los 2.221 electores acudieron a las mesas electorales el 78,84%. De ellos, 1.088 dieron su respaldo a Pilar Aranda (7,8%, del 12%, que es lo que tiene asignado este sector).<\/p>\n<p>El estudiantado tambi\u00e9n particip\u00f3 con un buen porcentaje para lo habitual en este sector, que suele ser muy reducido y una asignatura pendiente. Fue del 21,11%. De los 54.134 (grado y posgrado) ejercieron su derecho al voto un total de 11.426. Pilar Aranda obtuvo el respaldo de 7.862 alumnos. 17,9% del voto ponderado. A este sector le corresponde el 25%.<\/p>\n<p class=\"compLadillo\">Apoyo un\u00e1nime<\/p>\n<p>De todos los sectores, la nueva rectora obtuvo 10.845 votos. El profesor S\u00e1nchez-Montesinos se qued\u00f3 con 4.538. El voto era ponderado, pero de todos modos la catedr\u00e1tica de Fisiolog\u00eda logr\u00f3 el mayor respaldo tanto en n\u00famero globales como por porcentajes.<\/p>\n<p>La participaci\u00f3n fue buena. Estuvo muy pr\u00f3xima, en algunos casos particulares por encima pero muy levemente, a la que se registr\u00f3 en el a\u00f1o 2007, cuando se presentaron cuatro candidatos al Rectorado. En aquella ocasi\u00f3n, los m\u00e1s activos el d\u00eda de los comicios -4 de diciembre- fueron los miembros el personal de administraci\u00f3n y servicios. Superaron el 80%. En el cuerpo docente e investigador, en los diferentes grupos, fue en casi todos superior al 50%. Los profesores funcionarios doctores permanentes superaron el 90%. En el caso de los estudiantes fue del 22%. Muy pr\u00f3xima a la de ayer.<\/p>\n<p>Pilar Aranda esper\u00f3 los resultados en la Facultad de Ciencias del Trabajo. M\u00e1s de un centenar de personas compartieron con ella la alegr\u00eda de haber conseguido la victoria. Fue recibida en el aula con un gran aplauso y con decenas de abrazos. All\u00ed agradeci\u00f3 a todos el trabajo realizado durante la campa\u00f1a y por supuesto dijo que ahora toca trabajar m\u00e1s para hacer una mejor Universidad .<\/p>\n<p class=\"compLadillo\">Retos<\/p>\n<p>Asimismo, la catedr\u00e1tica de la Facultad de Farmacia mostr\u00f3 su satisfacci\u00f3n por el apoyo y por la participaci\u00f3n durante la jornada electoral, en especial del alumnado. Durante varios momentos se escucharon gritos de \u00abrectora, rectora\u00bb. Con ella estuvieron actuales decanos, vicerrectoras. integrantes de todos los sectores y por supuesto alumnos con la camiseta verde a favor de la Universidad y la educaci\u00f3n p\u00fablica. Una Universidad p\u00fablica que Pilar Aranda ha defendido siempre y durante la campa\u00f1a con gran hincapi\u00e9.<\/p>\n<p>A preguntas de los periodistas contest\u00f3 sobre los retos inmediatos y futuros y habl\u00f3 del mucho trabajo que espera. El B1, las normas de permanencia, ver qu\u00e9 ha pasado en C\u00f3rdoba y qu\u00e9 han hecho para favorecer la promoci\u00f3n interna de los trabajadores, analizar planes de estudios. Dijo, como ha repetido durante la campa\u00f1a, que quiere una Universidad de las personas. Valor\u00f3 que hay que buscar qu\u00e9 diferencia a la UGR, ponerlo en valor y trabajar para estar entre los mejores y estar en lo m\u00e1s alto en los rankings. No se olvid\u00f3 ayer tampoco de que pedir\u00e1 que se retire el decreto que impuso la tasa de reposici\u00f3n y que se pague la deuda.<\/p>\n<p>Entre esas muchas tareas que le esperan anot\u00f3 como lo m\u00e1s prioritario la estructura de gesti\u00f3n, en definitiva una relaci\u00f3n de puestos de trabajo (RPT). Aranda tampoco se olvid\u00f3 de valorar y recordar el trabajo de sus antecesores. Nombr\u00f3, por ejemplo, al rector Vida Soria. Dijo, adem\u00e1s, que la Universidad granadina es una gran instituci\u00f3n a la que le queda a\u00fan gran recorrido para ser mejor.<\/p>\n<p>Pilar Aranda se encontr\u00f3 con el rector Francisco Gonz\u00e1lez Lodeiro -en el cargo desde 2007- en el Rectorado, en su despacho, en el que ser\u00e1 el suyo en unas semanas. All\u00ed se fundi\u00f3 en un gran abrazo con el actual mandatario. Fue acompa\u00f1ada al Hospital Real por Pedro Mercado, el futuro secretario general de la instituci\u00f3n universitaria granadina, y Mar\u00eda del Mar Holgado, la futura gerente. Ellos estuvieron en Ciencias del Trabajo tambi\u00e9n siguiendo los resultados con el resto del equipo de campa\u00f1a.<\/p>\n<p><a href=\"https:\/\/i0.wp.com\/miradordeatarfe.es\/wp-content\/uploads\/2015\/05\/PILAR1.jpg?ssl=1\"><img data-recalc-dims=\"1\" loading=\"lazy\" decoding=\"async\" class=\"alignnone size-full wp-image-2051\" src=\"https:\/\/i0.wp.com\/miradordeatarfe.es\/wp-content\/uploads\/2015\/05\/PILAR1.jpg?resize=300%2C168&#038;ssl=1\" alt=\"PILAR1\" width=\"300\" height=\"168\" \/><\/a><\/p>\n<p>Sobre el futuro equipo de gobierno, en definitiva, sobre quienes acompa\u00f1ar\u00e1n a Aranda, Mercado y Holgado, la nueva rectora apunt\u00f3 que est\u00e1 trabajando. No dio ning\u00fan nombre m\u00e1s.<\/p>\n<p>Indalecio S\u00e1nchez-Montesinos lleg\u00f3 sobre las 22.00 horas al Rectorado. Pilar Aranda lo hizo antes. El catedr\u00e1tico de la Facultad de Medicina fue tambi\u00e9n recibido por Gonz\u00e1lez Lodeiro. En su centro mantuvo, antes, un encuentro con el grupo de personas que ha trabajado en su candidatura y las anim\u00f3 a no perder el esp\u00edritu de grupo y a seguir trabajando por una Universidad mejor: \u00abLa UGR que queremos\u00bb.<\/p>\n<p>En el Hospital Real felicit\u00f3 a Pilar Aranda por la victoria. El catedr\u00e1tico de Medicina pidi\u00f3 a Aranda que apoye a toda la comunidad universitaria y tambi\u00e9n a \u00abquienes han apoyado mi proyecto\u00bb.<\/p>\n<p>Tras siglos de historia de la UGR Pilar Aranda tomar\u00e1 posesi\u00f3n como rectora, la primera, en unas semanas.<\/p>\n<p><a href=\"http:\/\/www.ideal.es\/fotos\/miugr\/201505\/27\/pilar-aranda-convierte-primera-3011734350724-mm.html\">http:\/\/www.ideal.es\/fotos\/miugr\/201505\/27\/pilar-aranda-convierte-primera-3011734350724-mm.html<\/a><\/p>\n","protected":false},"excerpt":{"rendered":"<p>La catedr\u00e1tica de Fisiolog\u00eda se impone a Indalecio S\u00e1nchez-Montesinos y se convierte en la primera&#8230;<\/p>\n","protected":false},"author":1,"featured_media":2052,"comment_status":"closed","ping_status":"closed","sticky":false,"template":"","format":"standard","meta":{"_coblocks_attr":"","_coblocks_dimensions":"","_coblocks_responsive_height":"","_coblocks_accordion_ie_support":"","jetpack_post_was_ever_published":false,"_jetpack_newsletter_access":"","_jetpack_dont_email_post_to_subs":false,"_jetpack_newsletter_tier_id":0,"_jetpack_memberships_contains_paywalled_content":false,"_jetpack_memberships_contains_paid_content":false,"footnotes":"","jetpack_publicize_message":"","jetpack_publicize_feature_enabled":true,"jetpack_social_post_already_shared":false,"jetpack_social_options":{"image_generator_settings":{"template":"highway","default_image_id":0,"enabled":false},"version":2}},"categories":[15],"tags":[751,750,20],"class_list":["post-2050","post","type-post","status-publish","format-standard","has-post-thumbnail","hentry","category-ultimas-noticias","tag-elecciones-a-rector","tag-pilar-aranda","tag-universidad"],"jetpack_publicize_connections":[],"jetpack_featured_media_url":"https:\/\/i0.wp.com\/miradordeatarfe.es\/wp-content\/uploads\/2015\/05\/PILAR.jpg?fit=225%2C225&ssl=1","jetpack_likes_enabled":true,"jetpack_sharing_enabled":true,"_links":{"self":[{"href":"https:\/\/miradordeatarfe.es\/index.php?rest_route=\/wp\/v2\/posts\/2050","targetHints":{"allow":["GET"]}}],"collection":[{"href":"https:\/\/miradordeatarfe.es\/index.php?rest_route=\/wp\/v2\/posts"}],"about":[{"href":"https:\/\/miradordeatarfe.es\/index.php?rest_route=\/wp\/v2\/types\/post"}],"author":[{"embeddable":true,"href":"https:\/\/miradordeatarfe.es\/index.php?rest_route=\/wp\/v2\/users\/1"}],"replies":[{"embeddable":true,"href":"https:\/\/miradordeatarfe.es\/index.php?rest_route=%2Fwp%2Fv2%2Fcomments&post=2050"}],"version-history":[{"count":1,"href":"https:\/\/miradordeatarfe.es\/index.php?rest_route=\/wp\/v2\/posts\/2050\/revisions"}],"predecessor-version":[{"id":2053,"href":"https:\/\/miradordeatarfe.es\/index.php?rest_route=\/wp\/v2\/posts\/2050\/revisions\/2053"}],"wp:featuredmedia":[{"embeddable":true,"href":"https:\/\/miradordeatarfe.es\/index.php?rest_route=\/wp\/v2\/media\/2052"}],"wp:attachment":[{"href":"https:\/\/miradordeatarfe.es\/index.php?rest_route=%2Fwp%2Fv2%2Fmedia&parent=2050"}],"wp:term":[{"taxonomy":"category","embeddable":true,"href":"https:\/\/miradordeatarfe.es\/index.php?rest_route=%2Fwp%2Fv2%2Fcategories&post=2050"},{"taxonomy":"post_tag","embeddable":true,"href":"https:\/\/miradordeatarfe.es\/index.php?rest_route=%2Fwp%2Fv2%2Ftags&post=2050"}],"curies":[{"name":"wp","href":"https:\/\/api.w.org\/{rel}","templated":true}]}}