{"id":20512,"date":"2018-01-02T07:44:18","date_gmt":"2018-01-02T06:44:18","guid":{"rendered":"http:\/\/miradordeatarfe.es\/?p=20512"},"modified":"2017-12-31T17:47:36","modified_gmt":"2017-12-31T16:47:36","slug":"granada-sigue-celebrando-la-toma-un-acto-anacronico-racista-e-insostenible","status":"publish","type":"post","link":"https:\/\/miradordeatarfe.es\/?p=20512","title":{"rendered":"Granada sigue celebrando La Toma, un acto \u00abanacr\u00f3nico, racista e insostenible\u00bb"},"content":{"rendered":"<p class=\"subtitle_articulo\">La Legi\u00f3n deriva la Fiesta de La Toma de Granada a posiciones militaristas con un Ayuntamiento socialista<!--more--><\/p>\n<div class=\"field field-name-body field-type-text-with-summary field-label-hidden\">\n<div class=\"field-items\">\n<div class=\"field-item even\">\n<div style=\"text-align: justify;\">La\u00a0Guerra de Granada\u00a0fue el conjunto de campa\u00f1as militares que tuvieron lugar entre\u00a01482\u00a0y\u00a01491, emprendidas por la\u00a0reina\u00a0Isabel I de Castilla\u00a0y su esposo el\u00a0rey\u00a0Fernando II de Arag\u00f3n\u00a0en el interior del\u00a0reino nazar\u00ed de Granada, que culminaron con la\u00a0Capitulaciones de Granada\u00a0del rey\u00a0Boabdil. Cada 2 de enero se celebra esta fecha en Granada con unos ritos y formas que m\u00e1s tienen que ver con el sectarismo y el racismo que con una actividad propia de ayuntamientos integradores e interculturales. La pol\u00e9mica nunca ha dejado de generarse as\u00ed como distintos enfrentamientos con colectivos que no entienden como en pleno siglo XXI desde instituciones democr\u00e1ticas se impulsan estas acciones anacr\u00f3nicas.La nueva edici\u00f3n de la Toma vuelve a\u00a0conmemorar el aniversario de la conquista de esta ciudad por los Reyes Cat\u00f3licos, ahora ser\u00e1\u00a0la n\u00famero 526.<\/div>\n<div style=\"text-align: justify;\"><span class=\"ladillo\">Un Ayuntamiento socialista impulsa la celebraci\u00f3n<\/span><br \/>\nEn esta ocasi\u00f3n surgen dos importantes \u00abnovedades\u00bb que pueden ahondar aun m\u00e1s en los enfrentamientos entre grupos contrarios a esta celebraci\u00f3n y secores de ultraderecha partidarios de celebrar esta celebraci\u00f3n de tintes racistas. Ser\u00e1n en concreto la participaci\u00f3n de una\u00a0comparsa de moros y cristianos y de la la Legi\u00f3n. Se da la circunstancia de que tras a\u00f1os de gobiernos del PP ahora es un ejecutivo local socialista quien dirige el Ayuntamiento que impulsa estas celebraciones.<\/p>\n<div class=\"media media-element-container media-default\">\n<div id=\"file-73943\" class=\"file file-image file-image-jpeg\">\n<h2 class=\"element-invisible\"><\/h2>\n<div class=\"content\"><img data-recalc-dims=\"1\" decoding=\"async\" class=\"img-responsive media-element file-default\" src=\"https:\/\/i0.wp.com\/www.elplural.com\/sites\/default\/files\/_635873449170159190w_88dcca75.jpg?w=640&#038;ssl=1\" alt=\"\" \/><\/div>\n<\/div>\n<\/div>\n<\/div>\n<div style=\"text-align: justify;\"><\/div>\n<div style=\"text-align: justify;\"><span class=\"ladillo\">Que se cambie por homenaje a Mariana Pineda<\/span><br \/>\nMovimientos contrarios como la Plataforma Granada Abierta protestar\u00e1n de nuevo al celebrar el mismo d\u00eda 2 de enero un acto alternativo a La Toma de Granada,\u00a0 al considerar que es una fiesta anacr\u00f3nica, racista e insostenible, y recordar\u00e1 a Lorca y a Juan de Loxa.\u00a0La plataforma Granada Abierta, que aglutina a asociaciones y colectivos ciudadanos, ha reivindicado la eliminaci\u00f3n de la celebraci\u00f3n de la Toma de Granada y ha vuelto a exigir que la ciudad sustituya la fiesta local por el 26 de mayo para homenajear a la figura de Mariana Pineda.<\/div>\n<div style=\"text-align: justify;\"><\/div>\n<div style=\"text-align: justify;\"><span class=\"ladillo\">Perfil militarista y folcl\u00f3rico<\/span><br \/>\nFrancisco Vigeras, portavoz de la plataforma ha explicado que los actos de La Toma de Granada tendr\u00e1n este a\u00f1o un car\u00e1cter militarista con la intervenci\u00f3n de la Legi\u00f3n y ha recriminado al Ayuntamiento su \u00abderiva conservadora\u00bb.\u00a0\u00abEsper\u00e1bamos con el PSOE un manifiesto de tolerancia desde el balc\u00f3n del Ayuntamiento\u00bb, ha considerado Vigueras, que ha criticado adem\u00e1s que los actos de este a\u00f1o incluyan un desfile de moros y cristianos, una medida que ha calificado de \u00abfolcl\u00f3rica\u00bb y ha considerado un desprop\u00f3sito para mantener un \u00abespect\u00e1culo bochornoso, insostenible en democracia\u00bb.<\/div>\n<div style=\"text-align: justify;\"><\/div>\n<div style=\"text-align: justify;\">La Plataforma ha pedido al Ayuntamiento de Granada que tenga \u00abcoherencia democr\u00e1tica\u00bb y que impulse el 26 de mayo como fiesta local para destacar los valores que representa Mariana Pineda y ha explicado que La Toma escenifica adem\u00e1s una manipulaci\u00f3n hist\u00f3rica.El acto alternativo a La Toma contar\u00e1 este a\u00f1o con el catedr\u00e1tico de Antropolog\u00eda Social Isidoro Moreno, que analizar\u00e1 los motivos por los que la Plataforma defiende que esta fiesta debi\u00f3 desaparecer durante la Transici\u00f3n como lo hicieron otras como el festivo del 18 julio.<\/div>\n<div style=\"text-align: justify;\"><\/div>\n<div style=\"text-align: justify;\">\u00abLa Toma fue un momento mal\u00edsimo, Granada perdi\u00f3 una civilizaci\u00f3n admirable para convertirse en una tierra de chavico donde se agita la peor burgues\u00eda de Espa\u00f1a\u00bb, consider\u00f3 Federico Garc\u00eda Lorca.<\/div>\n<div style=\"text-align: justify;\"><\/div>\n<div style=\"text-align: justify;\"><span class=\"ladillo\">Juan de Loxa y Carlos Cano<\/span><br \/>\nGranada Abierta recordar\u00e1 esta oposici\u00f3n del dramaturgo a la fiesta con una lectura po\u00e9tica y dedicar\u00e1 su acto alternativo al recientemente fallecido Juan de Loxa y a los 35 a\u00f1os que se cumplen de las \u00abCr\u00f3nicas Granadinas\u00bb de uno de sus fundadores, Carlos Cano.\u00a0El cierre lo protagonizar\u00e1 el cantaor Juan Pinilla con \u00abflamenco solidario frente a gritos racistas y xen\u00f3fobos de la Plaza del Carmen\u00bb.<\/div>\n<\/div>\n<\/div>\n<\/div>\n<div class=\" hidden-xs anuncio\">\n<div id=\"Anteread\">\n<div id=\"sas_31218\" style=\"text-align: justify;\"><iframe id=\"sas_5935821_iframe\" name=\"sas_5935821_iframe_name\" width=\"1\" height=\"1\" frameborder=\"0\" scrolling=\"no\" data-mce-fragment=\"1\"><\/iframe><\/div>\n<\/div>\n<\/div>\n","protected":false},"excerpt":{"rendered":"<p>La Legi\u00f3n deriva la Fiesta de La Toma de Granada a posiciones militaristas con un&#8230;<\/p>\n","protected":false},"author":1,"featured_media":20513,"comment_status":"closed","ping_status":"closed","sticky":false,"template":"","format":"standard","meta":{"_coblocks_attr":"","_coblocks_dimensions":"","_coblocks_responsive_height":"","_coblocks_accordion_ie_support":"","jetpack_post_was_ever_published":false,"_jetpack_newsletter_access":"","_jetpack_dont_email_post_to_subs":false,"_jetpack_newsletter_tier_id":0,"_jetpack_memberships_contains_paywalled_content":false,"_jetpack_memberships_contains_paid_content":false,"footnotes":"","jetpack_publicize_message":"","jetpack_publicize_feature_enabled":true,"jetpack_social_post_already_shared":false,"jetpack_social_options":{"image_generator_settings":{"template":"highway","default_image_id":0,"enabled":false},"version":2}},"categories":[1161,186,44,15],"tags":[129,728,3403],"class_list":["post-20512","post","type-post","status-publish","format-standard","has-post-thumbnail","hentry","category-ciudadania","category-instituciones","category-noticias-de-hoy","category-ultimas-noticias","tag-granada","tag-mariana-pineda","tag-toma-de-granada"],"jetpack_publicize_connections":[],"jetpack_featured_media_url":"https:\/\/i0.wp.com\/miradordeatarfe.es\/wp-content\/uploads\/2017\/12\/toma-de-granada.jpg?fit=1200%2C480&ssl=1","jetpack_likes_enabled":true,"jetpack_sharing_enabled":true,"_links":{"self":[{"href":"https:\/\/miradordeatarfe.es\/index.php?rest_route=\/wp\/v2\/posts\/20512","targetHints":{"allow":["GET"]}}],"collection":[{"href":"https:\/\/miradordeatarfe.es\/index.php?rest_route=\/wp\/v2\/posts"}],"about":[{"href":"https:\/\/miradordeatarfe.es\/index.php?rest_route=\/wp\/v2\/types\/post"}],"author":[{"embeddable":true,"href":"https:\/\/miradordeatarfe.es\/index.php?rest_route=\/wp\/v2\/users\/1"}],"replies":[{"embeddable":true,"href":"https:\/\/miradordeatarfe.es\/index.php?rest_route=%2Fwp%2Fv2%2Fcomments&post=20512"}],"version-history":[{"count":1,"href":"https:\/\/miradordeatarfe.es\/index.php?rest_route=\/wp\/v2\/posts\/20512\/revisions"}],"predecessor-version":[{"id":20514,"href":"https:\/\/miradordeatarfe.es\/index.php?rest_route=\/wp\/v2\/posts\/20512\/revisions\/20514"}],"wp:featuredmedia":[{"embeddable":true,"href":"https:\/\/miradordeatarfe.es\/index.php?rest_route=\/wp\/v2\/media\/20513"}],"wp:attachment":[{"href":"https:\/\/miradordeatarfe.es\/index.php?rest_route=%2Fwp%2Fv2%2Fmedia&parent=20512"}],"wp:term":[{"taxonomy":"category","embeddable":true,"href":"https:\/\/miradordeatarfe.es\/index.php?rest_route=%2Fwp%2Fv2%2Fcategories&post=20512"},{"taxonomy":"post_tag","embeddable":true,"href":"https:\/\/miradordeatarfe.es\/index.php?rest_route=%2Fwp%2Fv2%2Ftags&post=20512"}],"curies":[{"name":"wp","href":"https:\/\/api.w.org\/{rel}","templated":true}]}}