{"id":20524,"date":"2018-01-04T10:04:49","date_gmt":"2018-01-04T09:04:49","guid":{"rendered":"http:\/\/miradordeatarfe.es\/?p=20524"},"modified":"2018-01-02T23:08:45","modified_gmt":"2018-01-02T22:08:45","slug":"el-principio-de-realidad-por-inaki-gabilondo","status":"publish","type":"post","link":"https:\/\/miradordeatarfe.es\/?p=20524","title":{"rendered":"\u00abEl principio de realidad\u00bb POR I\u00d1AKI GABILONDO"},"content":{"rendered":"<header>Los resultados del d\u00eda 21 s\u00f3lo sirvieron para que cada uno reafirmara sus opiniones previas<\/p>\n<\/header>\n<p><!--more--><\/p>\n<div class=\"cnt-multimedia estirar\">\n<div id=\"multimediaPlayer_1514365378\" class=\"video_MPEP\" data-hj-ignore-attributes=\"\">\n<div id=\"divimg_b59e6dde424533f843811b288bd31ec7-1\" class=\"img_MPEP\"><a class=\"posicionador\"><img data-recalc-dims=\"1\" loading=\"lazy\" decoding=\"async\" id=\"caratula_b59e6dde424533f843811b288bd31ec7-1\" title=\"El principio de realidad\" src=\"https:\/\/i0.wp.com\/cadenaser02.epimg.net\/programa\/videos\/2017\/12\/26\/hoy_por_hoy\/1514276582_653161_95248100_fotograma_2.jpg?resize=640%2C357\" alt=\"El principio de realidad\" width=\"640\" height=\"357\" border=\"0\" \/><\/a><\/p>\n<div class=\"seedtag-gohan seedtag-adunit\"><\/div>\n<\/div>\n<\/div>\n<\/div>\n<aside class=\"ssnn estirar\"><\/aside>\n<div class=\"cnt-izq\">\n<div class=\"cnt-body\">\n<div id=\"cuerpo_noticia_r\" class=\"cuerpo\">\n<p><strong>Es la frase m\u00e1s repetida despu\u00e9s de las elecciones del d\u00eda 21: a partir de ahora deben imponerse el principio de realidad. L\u00e1stima que, como dijo Ortega, hay tantas realidades como puntos de vista<\/strong>; eso es lo que est\u00e1 pasando en el independentismo. Los mismos datos reafirman a unos en el unilateralismo y disuaden a otros. En el unionismo, o constitucionalismo, <strong>la FAES de Aznar lidera la corriente muy numerosa que cree la necesidad de endurecer las pol\u00edticas.<\/strong> Ciudadanos ha ganado -piensan- porque practic\u00f3 la intransigencia sin matices, y -a\u00f1aden- la condescendencia del gobierno lo ha hundido, las posiciones intermedias fueron castigadas. <strong>Otros piensan lo contrario, que la persistencia del fen\u00f3meno independentista obliga a negocia<\/strong>r. Es la posici\u00f3n m\u00e1s extendida fuera de nuestras fronteras, ayer la ve\u00edamos reflejada el Le Monde y en Les Echos que iba a\u00fan m\u00e1s lejos: si Rajoy no desatasca la situaci\u00f3n, Europa tendr\u00e1 que intervenir, se\u00f1alaba en un titular.<\/p>\n<div id=\"cadenaser_gpt-INTEXT\" data-google-query-id=\"COWxo6ykutgCFSgy0wodsBkLpw\">\n<div id=\"google_ads_iframe_\/7811748\/cadenaser_web\/programa\/hoy_por_hoy\/la_firma_de_inaki_gabilondo\/intext_0__container__\"><iframe id=\"google_ads_iframe_\/7811748\/cadenaser_web\/programa\/hoy_por_hoy\/la_firma_de_inaki_gabilondo\/intext_0\" title=\"3rd party ad content\" name=\"google_ads_iframe_\/7811748\/cadenaser_web\/programa\/hoy_por_hoy\/la_firma_de_inaki_gabilondo\/intext_0\" width=\"1\" height=\"1\" frameborder=\"0\" marginwidth=\"0\" marginheight=\"0\" scrolling=\"no\" data-mce-fragment=\"1\"><\/iframe><\/div>\n<\/div>\n<p><strong>Rajoy que, junto a Soraya S\u00e1enz de Santamar\u00eda, hubiera tenido que dimitir en cualquier pa\u00eds de nuestro entorno en la misma noche del d\u00eda 21, se sit\u00faa en medio de estas dos posiciones<\/strong> y entiende que no ha de moverse ni un mil\u00edmetro<strong>.<\/strong> Como vemos, los resultados del d\u00eda 21 s\u00f3lo sirvieron para que cada uno reafirmara sus opiniones previas. <strong>Yo no puedo reprocharlo porque a m\u00ed me pasa igual, pienso lo mismo que pensaba antes<\/strong>. Dos cosas sobre todo: que la independencia de Catalu\u00f1a no es posible hoy por hoy, que el soberanismo no tiene suficiente fuerza para hacerla efectiva, que empecinarse en ello de forma unilateral es una locura; y que el independentismo es una vivencia pol\u00edtico-social de gran envergadura, y qu\u00e9 empecinarse en ignorarlo es otra locura. <strong>Tarde o temprano habr\u00e1 que modificar el actual statu quo, y no solo para Catalu\u00f1a,<\/strong> lo que obligar\u00e1 a revisar la arquitectura auton\u00f3mica general. Decir esto es hoy un sacrilegio, pero ocurrir\u00e1<\/p>\n<div class=\"teads-inread\">\n<div>\n<div class=\"teads-ui-components-label\"><a href=\"http:\/\/cadenaser.com\/programa\/2017\/12\/26\/hoy_por_hoy\/1514276582_653161.html\">http:\/\/cadenaser.com\/programa\/2017\/12\/26\/hoy_por_hoy\/1514276582_653161.html<\/a><\/div>\n<\/div>\n<\/div>\n<\/div>\n<\/div>\n<\/div>\n","protected":false},"excerpt":{"rendered":"<p>Los resultados del d\u00eda 21 s\u00f3lo sirvieron para que cada uno reafirmara sus opiniones previas<\/p>\n","protected":false},"author":1,"featured_media":20525,"comment_status":"closed","ping_status":"closed","sticky":false,"template":"","format":"standard","meta":{"_coblocks_attr":"","_coblocks_dimensions":"","_coblocks_responsive_height":"","_coblocks_accordion_ie_support":"","jetpack_post_was_ever_published":false,"_jetpack_newsletter_access":"","_jetpack_dont_email_post_to_subs":false,"_jetpack_newsletter_tier_id":0,"_jetpack_memberships_contains_paywalled_content":false,"_jetpack_memberships_contains_paid_content":false,"footnotes":"","jetpack_publicize_message":"","jetpack_publicize_feature_enabled":true,"jetpack_social_post_already_shared":false,"jetpack_social_options":{"image_generator_settings":{"template":"highway","default_image_id":0,"enabled":false},"version":2}},"categories":[1161,186,44,15],"tags":[153,4502,1104,4503],"class_list":["post-20524","post","type-post","status-publish","format-standard","has-post-thumbnail","hentry","category-ciudadania","category-instituciones","category-noticias-de-hoy","category-ultimas-noticias","tag-autonomias","tag-elecciones-catalanas","tag-independentismo","tag-soberanismo"],"jetpack_publicize_connections":[],"jetpack_featured_media_url":"https:\/\/i0.wp.com\/miradordeatarfe.es\/wp-content\/uploads\/2018\/01\/images-1.jpg?fit=300%2C168&ssl=1","jetpack_likes_enabled":true,"jetpack_sharing_enabled":true,"_links":{"self":[{"href":"https:\/\/miradordeatarfe.es\/index.php?rest_route=\/wp\/v2\/posts\/20524","targetHints":{"allow":["GET"]}}],"collection":[{"href":"https:\/\/miradordeatarfe.es\/index.php?rest_route=\/wp\/v2\/posts"}],"about":[{"href":"https:\/\/miradordeatarfe.es\/index.php?rest_route=\/wp\/v2\/types\/post"}],"author":[{"embeddable":true,"href":"https:\/\/miradordeatarfe.es\/index.php?rest_route=\/wp\/v2\/users\/1"}],"replies":[{"embeddable":true,"href":"https:\/\/miradordeatarfe.es\/index.php?rest_route=%2Fwp%2Fv2%2Fcomments&post=20524"}],"version-history":[{"count":2,"href":"https:\/\/miradordeatarfe.es\/index.php?rest_route=\/wp\/v2\/posts\/20524\/revisions"}],"predecessor-version":[{"id":20527,"href":"https:\/\/miradordeatarfe.es\/index.php?rest_route=\/wp\/v2\/posts\/20524\/revisions\/20527"}],"wp:featuredmedia":[{"embeddable":true,"href":"https:\/\/miradordeatarfe.es\/index.php?rest_route=\/wp\/v2\/media\/20525"}],"wp:attachment":[{"href":"https:\/\/miradordeatarfe.es\/index.php?rest_route=%2Fwp%2Fv2%2Fmedia&parent=20524"}],"wp:term":[{"taxonomy":"category","embeddable":true,"href":"https:\/\/miradordeatarfe.es\/index.php?rest_route=%2Fwp%2Fv2%2Fcategories&post=20524"},{"taxonomy":"post_tag","embeddable":true,"href":"https:\/\/miradordeatarfe.es\/index.php?rest_route=%2Fwp%2Fv2%2Ftags&post=20524"}],"curies":[{"name":"wp","href":"https:\/\/api.w.org\/{rel}","templated":true}]}}