{"id":2054,"date":"2015-05-29T08:10:28","date_gmt":"2015-05-29T08:10:28","guid":{"rendered":"http:\/\/miradordeatarfe.es\/?p=2054"},"modified":"2015-05-30T10:22:33","modified_gmt":"2015-05-30T10:22:33","slug":"los-partidos-atarfenos-agradecen-a-los-ciudadanos-su-participacion-en-las-elecciones-de-mayo","status":"publish","type":"post","link":"https:\/\/miradordeatarfe.es\/?p=2054","title":{"rendered":"LOS PARTIDOS ATARFE\u00d1OS AGRADECEN A LOS CIUDADANOS SU PARTICIPACI\u00d3N EN LAS ELECCIONES DE MAYO"},"content":{"rendered":"<p>LAS DIFERENTES CANDIDATURAS DE ATARFE, EMITEN COMUNICADOS TRAS LAS ELECCIONES MUNICPALES<!--more--><\/p>\n<p><strong>POR ATARFE SI<\/strong><\/p>\n<p>La candidatura de Por Atarfe Si, vinculada a Podemos, quiere dar las gracias al pueblo de Atarfe por el apoyo mayoritario que se ha traducido en la obtenci\u00f3n de seis concejales. Tal como expusieron nuestros candidatos en la Campa\u00f1a Electoral, manifestamos nuestra voluntad de gobernar mediante consensos lo m\u00e1s amplios posibles e introducir cambios profundos en las formas y el estilo de Gobernar en coherencia con la voluntad expresada en las urnas.<br \/>\nLa transparencia, la honestidad, la justicia social y la democracia participativa son los principios que guiaran nuestra acci\u00f3n de gobierno. Con este prop\u00f3sito iniciaremos en los pr\u00f3ximos d\u00edas un di\u00e1logo abierto a todos los partidos sin exclusiones, y llamamos a su responsabilidad en este momento hist\u00f3rico que vive nuestro pueblo , en el que se juega su futuro en los pr\u00f3ximos cuatro a\u00f1os, a facilitar la investidura de Francisco Rodr\u00edguez Quesada como alcalde de Atarfe.<\/p>\n<p>&nbsp;<\/p>\n<p><strong>PSOE DE ATARFE<br \/>\n<\/strong><\/p>\n<p>Quiero agradecer a l@s m\u00e1s de 2.000 atarfe\u00f1@s que me han dado su confianza, y felicitar a las otras fuerzas pol\u00edticas. OSCAR GONZALEZ<\/p>\n<p>&nbsp;<\/p>\n<p><strong>CIUDADANOS<\/strong><\/p>\n<div class=\"_5pbx userContent\" data-ft=\"{&quot;tn&quot;:&quot;K&quot;}\">\n<p>Desde Ciudadanos Atarfe queremos agradecer la confianza depositada en nosotros por todos aquellos que se acercaron a votar, demostrando su compromiso con el municipio. Todas las personas que formamos el partido, trabajaremos duro para que os sint\u00e1is representados y estaremos abiertos al di\u00e1logo continuo con nuestros vecinos, para proponer todo aquello que sea beneficioso para nuestro municipio.<\/p>\n<p>\u00a1\u00a1Gracias por confiar en Ciudadanos!!<\/p>\n<\/div>\n<p><strong>\u00a0PP DE ATARFE<\/strong><\/p>\n<p>Quiero agradecer a los votantes que han depositado su confianza en nosotros..que estaremos como siempre..trabajando en una nueva etapa..con la cabeza muy alta y<span class=\"text_exposed_show\"> sin miedo a nada ni a nadie..<br \/>\nPor otro lado decir que estoy muy orgullosa del equipo del PP de Atarfe..trabajadores infatigables..q han hecho una gran campa\u00f1a..GRACIAS&#8230;<br \/>\nORGULLO DE SER DEL PP..<\/span><\/p>\n<p>&nbsp;<\/p>\n<p><strong>GANEMOS-IU<\/strong><\/p>\n<div class=\"_5pbx userContent\" data-ft=\"{&quot;tn&quot;:&quot;K&quot;}\">\n<div id=\"id_55675f0a0353d5f16644707\" class=\"text_exposed_root text_exposed\">\n<p>En primer lugar desde <a class=\"_58cn\" href=\"https:\/\/www.facebook.com\/hashtag\/ganemosatarfeparalagente?source=feed_text&amp;story_id=1608578242723122\" data-ft=\"{&quot;tn&quot;:&quot;*N&quot;,&quot;type&quot;:104}\"><span class=\"_58cl\">\u202a#\u200e<\/span><span class=\"_58cm\">GanemosAtarfeParaLaGente\u202c<\/span><\/a> queremos agradecer a los casi 900 votantes que nos dieron su confianza el d\u00eda 24. Como movimiento de convergencia que naci\u00f3 apenas 5 meses antes de las elecciones \u00e9ramos conscientes del reto al que nos enfrent\u00e1bamos, nuestro trabajo m\u00e1s importante comienza ahora, en nuestros 2 concejales encontrareis personas dispuestas a escucharos y a trasladar la voz del pueblo al pleno.<\/p>\n<p>Ante los rumores que han circulado y siguen circul<span class=\"text_exposed_show\">ando durante estos d\u00edas, queremos aclarar varios puntos:<\/span><\/p>\n<div class=\"text_exposed_show\">\n<p>&#8211; Nunca se tomaran decisiones pol\u00edticas que no hayan sido aprobadas por asamblea.<\/p>\n<p>&#8211; No se ha producido aun dicha asamblea. Se anunciar\u00e1 en tiempo y forma, estando abierta a todo el pueblo.<\/p>\n<p>&#8211; En ning\u00fan caso se buscar\u00e1n sillones o privilegios de ning\u00fan tipo.<\/p>\n<p>&#8211; Respetaremos la voluntad de los votantes expresada el domingo d\u00eda 24.<\/p>\n<p>En #GanemosAtarfeParaLaGente encontrar\u00e1s siempre la transparencia y apertura a l@s ciudadan@s como se\u00f1a de identidad. Os animamos a tod@s l@s atarfe\u00f1@s a participar en nuestro movimiento.<\/p>\n<\/div>\n<\/div>\n<\/div>\n<div><\/div>\n<div id=\"u_ps_jsonp_2_0_o\"><\/div>\n","protected":false},"excerpt":{"rendered":"<p>LAS DIFERENTES CANDIDATURAS DE ATARFE, EMITEN COMUNICADOS TRAS LAS ELECCIONES MUNICPALES<\/p>\n","protected":false},"author":1,"featured_media":2055,"comment_status":"closed","ping_status":"closed","sticky":false,"template":"","format":"standard","meta":{"_coblocks_attr":"","_coblocks_dimensions":"","_coblocks_responsive_height":"","_coblocks_accordion_ie_support":"","jetpack_post_was_ever_published":false,"_jetpack_newsletter_access":"","_jetpack_dont_email_post_to_subs":false,"_jetpack_newsletter_tier_id":0,"_jetpack_memberships_contains_paywalled_content":false,"_jetpack_memberships_contains_paid_content":false,"footnotes":"","jetpack_publicize_message":"","jetpack_publicize_feature_enabled":true,"jetpack_social_post_already_shared":false,"jetpack_social_options":{"image_generator_settings":{"template":"highway","default_image_id":0,"enabled":false},"version":2}},"categories":[2,15],"tags":[354],"class_list":["post-2054","post","type-post","status-publish","format-standard","has-post-thumbnail","hentry","category-atarfe","category-ultimas-noticias","tag-partidos-politicos"],"jetpack_publicize_connections":[],"jetpack_featured_media_url":"https:\/\/i0.wp.com\/miradordeatarfe.es\/wp-content\/uploads\/2015\/05\/GRACIAS.jpg?fit=328%2C154&ssl=1","jetpack_likes_enabled":true,"jetpack_sharing_enabled":true,"_links":{"self":[{"href":"https:\/\/miradordeatarfe.es\/index.php?rest_route=\/wp\/v2\/posts\/2054","targetHints":{"allow":["GET"]}}],"collection":[{"href":"https:\/\/miradordeatarfe.es\/index.php?rest_route=\/wp\/v2\/posts"}],"about":[{"href":"https:\/\/miradordeatarfe.es\/index.php?rest_route=\/wp\/v2\/types\/post"}],"author":[{"embeddable":true,"href":"https:\/\/miradordeatarfe.es\/index.php?rest_route=\/wp\/v2\/users\/1"}],"replies":[{"embeddable":true,"href":"https:\/\/miradordeatarfe.es\/index.php?rest_route=%2Fwp%2Fv2%2Fcomments&post=2054"}],"version-history":[{"count":5,"href":"https:\/\/miradordeatarfe.es\/index.php?rest_route=\/wp\/v2\/posts\/2054\/revisions"}],"predecessor-version":[{"id":2085,"href":"https:\/\/miradordeatarfe.es\/index.php?rest_route=\/wp\/v2\/posts\/2054\/revisions\/2085"}],"wp:featuredmedia":[{"embeddable":true,"href":"https:\/\/miradordeatarfe.es\/index.php?rest_route=\/wp\/v2\/media\/2055"}],"wp:attachment":[{"href":"https:\/\/miradordeatarfe.es\/index.php?rest_route=%2Fwp%2Fv2%2Fmedia&parent=2054"}],"wp:term":[{"taxonomy":"category","embeddable":true,"href":"https:\/\/miradordeatarfe.es\/index.php?rest_route=%2Fwp%2Fv2%2Fcategories&post=2054"},{"taxonomy":"post_tag","embeddable":true,"href":"https:\/\/miradordeatarfe.es\/index.php?rest_route=%2Fwp%2Fv2%2Ftags&post=2054"}],"curies":[{"name":"wp","href":"https:\/\/api.w.org\/{rel}","templated":true}]}}