{"id":20552,"date":"2018-01-07T09:22:57","date_gmt":"2018-01-07T08:22:57","guid":{"rendered":"http:\/\/miradordeatarfe.es\/?p=20552"},"modified":"2018-01-04T21:14:54","modified_gmt":"2018-01-04T20:14:54","slug":"la-television-tradicional-una-influencer-en-horas-bajas","status":"publish","type":"post","link":"https:\/\/miradordeatarfe.es\/?p=20552","title":{"rendered":"La televisi\u00f3n tradicional, una &#8216;influencer&#8217; en horas bajas"},"content":{"rendered":"<p class=\"news-header-opening-txt\" style=\"text-align: justify;\">Pese a que la televisi\u00f3n sigue siendo el medio m\u00e1s influyente, el \u00faltimo Estudio General de Medios (EGM) del a\u00f1o revela la ca\u00edda de la penetraci\u00f3n de la peque\u00f1a pantalla a m\u00ednimos hist\u00f3ricos<!--more--><\/p>\n<p style=\"text-align: justify;\">La televisi\u00f3n ya no es lo que era. Aunque la peque\u00f1a pantalla sigue siendo el mascar\u00f3n de proa de los medios, su liderazgo es algo m\u00e1s fr\u00e1gil. <strong>Al menos si hablamos de la televisi\u00f3n tradicional.<\/strong> As\u00ed lo acredita el \u00faltimo Estudio General de Medios (EGM), que cifra la penetraci\u00f3n del medio televisivo en un 85,2%, <strong>su dato m\u00e1s bajo de la \u00faltima d\u00e9cada<\/strong>. Unos n\u00fameros que van en consonancia con la ca\u00edda de los diarios, suplementos y revistas y que contrastan con el boyante internet, que por el momento no toca techo y ya disputa la segunda plaza a los medios exteriores, tambi\u00e9n al alza.<\/p>\n<div class=\"news-body\" data-scroll-percent=\"scrollPercent\">\n<div class=\"news-body-default\">\n<div class=\"news-body-left\" style=\"text-align: justify;\">\u00a0Por edades, los datos revelan que la red es el medio favorito para todas las franjas <strong>desde los 14 a los 44 a\u00f1os.<\/strong> A partir de los 45, las cifras se invierten y la televisi\u00f3n pasa a ocupar la primera plaza en los estratos m\u00e1s envejecidos.<\/div>\n<div id=\"news-body-center\" class=\"news-body-center cms-format \">\n<p style=\"text-align: justify;\">Huelga decir que cuando hablamos de televisi\u00f3n nos referimos a su concepci\u00f3n m\u00e1s tradicional, <strong>la que se consume en directo<\/strong> desde el sal\u00f3n de casa, por poner un ejemplo. \u00abEs evidente que ha cambiado la manera de acceder a ella\u00bb, explica <strong>Pepe Cerezo<\/strong>, socio director de Evoca Comunicaci\u00f3n, quien se\u00f1ala que las propias televisiones ya notan un aumento del consumo no lineal de sus contenidos. \u00abY cuando se normalicen las &#8216;smart TV&#8217; esto ser\u00e1 m\u00e1s evidente\u00bb, subraya.<\/p>\n<p style=\"text-align: justify;\">El componente generacional, seg\u00fan Cerezo, es otro de los puntos clave. A su juicio, la televisi\u00f3n a la vieja usanza <strong>\u00abes cada vez menos relevante para los p\u00fablicos juveniles\u00bb<\/strong>. Una tesis que comparte Elena Neira, consultora y experta en marketing online. \u00abLa televisi\u00f3n tradicional vive un retroceso en las generaciones m\u00e1s j\u00f3venes. <strong>Ya no es tan influyente para ellas<\/strong>\u00ab, se\u00f1ala.<\/p>\n<p style=\"text-align: justify;\">Sobre el concepto de televisi\u00f3n, Neira estima que las plataformas como Netflix s\u00ed se pueden incluir en \u00e9l. \u00ab<strong>Ahora la televisi\u00f3n es sin\u00f3nimo de contenido<\/strong>, antes lo era de soporte\u00bb, matiza. Esta consultora cree que los j\u00f3venes tienen una idea algo arcaica y cuando se habla de televisi\u00f3n reducen su significado al visionado de un contenido en directo desde el sof\u00e1. \u00abA\u00fan as\u00ed, se sigue consumiendo mucha televisi\u00f3n as\u00ed\u00bb.<\/p>\n<p style=\"text-align: justify;\">Respecto a la ca\u00edda de la penetraci\u00f3n, para Neira no es m\u00e1s que el reflejo del <strong>\u00abprofundo cambio sociol\u00f3gico\u00bb<\/strong> que atraviesa el medio. \u00abEstamos variando nuestros h\u00e1bitos. Antes la televisi\u00f3n no ten\u00eda tanta competencia y ahora internet se ha hecho hueco en las parcelas de la <strong>informaci\u00f3n y el entretenimiento<\/strong>\u00ab, a\u00f1ade.<\/p>\n<h4 style=\"text-align: justify;\">Las televisiones ingresan menos<\/h4>\n<p style=\"text-align: justify;\">Pese a que ha sido un a\u00f1o con m\u00e1s incertidumbres que certezas en el mercado audiovisual, tanto Atresmedia como Mediaset han logrado mantener unas buenas cifras de facturaci\u00f3n publicitaria. Hasta septiembre, los due\u00f1os de Antena 3 y laSexta terminaron con un beneficio de 103,4 millones de euros (+1,9%) y una facturaci\u00f3n de 664,8 millones (+0,6%).<\/p>\n<p style=\"text-align: justify;\">Por su parte, el grupo de medios que dirige Paolo Vasile obtuvo un beneficio de 146,1 millones de euros (+11%) y unos ingresos publicitarios de 660,9 millones (-0,9%). Es decir, <strong>Mediaset gan\u00f3 m\u00e1s que Atresmedia <\/strong>pero la cadena de San Sebasti\u00e1n de los Reyes tuvo m\u00e1s ingresos. Si se comparan las cifras de este curso con las de septiembre del a\u00f1o pasado, <strong>ingresaron menos.<\/strong> Seg\u00fan el informe anual sobre el mercado televisivo elaborado por Barlovento Comunicaci\u00f3n, la inversi\u00f3n publicitaria en televisi\u00f3n en abierto se ha \u00abfrenado\u00bb este a\u00f1o tras el crecimiento del trienio 2014-2016.<\/p>\n<p style=\"text-align: justify;\"><span class=\"summary block-summary\">Las televisiones, conscientes de que ya compiten con estas plataformas, han reclamado que las OTT est\u00e9n sujetas a las mismas reglas de juego<\/span><\/p>\n<p style=\"text-align: justify;\">Una peque\u00f1a ca\u00edda que no modifica sus posiciones de liderazgo. Seg\u00fan los \u00faltimos datos de la CNMC, ambos grupos audiovisuales <strong>se llevan el 88,6% de la tarta publicitaria <\/strong>del sector, lo que ha provocado no pocas quejas de otras cadenas m\u00e1s peque\u00f1as que les acusan de ser un duopolio &#8216;de facto&#8217;.<\/p>\n<p style=\"text-align: justify;\">En cualquier caso, las dudas sobre el futuro del sector est\u00e1n ah\u00ed. Prueba de ello es la evoluci\u00f3n de la cotizaci\u00f3n de ambas cadenas. Como ya public\u00f3 este diario, ambas empresas acumulan <strong>unas p\u00e9rdidas que superan los 1.000 millones de euros de valor en bolsa<\/strong> en lo que llevamos de a\u00f1o.<\/p>\n<p style=\"text-align: justify;\">Con este panorama, cabe subrayar el paso dado por Atresmedia con la creaci\u00f3n de <strong>Atresmedia Studios.<\/strong> Una compa\u00f1\u00eda que se dedicar\u00e1 a \u00abdise\u00f1ar, crear y producir contenido de ficci\u00f3n\u00bb para plataformas \u00abnacionales e internacionales\u00bb como la citada Netflix o HBO. \u00abEl objetivo es crear formatos de ficci\u00f3n con vocaci\u00f3n de ser exhibidos en <strong>pantallas de otros operadores ajenos a Atresmedia<\/strong>\u00ab, explic\u00f3 la compa\u00f1\u00eda audiovisual esta semana.<\/p>\n<p style=\"text-align: justify;\">A este movimiento se suma el reciente acuerdo que Amazon ha firmado con Atresmedia, Mediaset y RTVE. Las tres cadenas han acordado la <strong>venta de varias de sus ficciones <\/strong>para que sean emitidas en Amazon Prime Video, la plataforma de v\u00eddeo de la compa\u00f1\u00eda que dirige<strong> Jeff Bezos.<\/strong><\/p>\n<h4 style=\"text-align: justify;\">La TV de pago se dispara<\/h4>\n<p style=\"text-align: justify;\">De forma paralela, cabe subrayar el crecimiento del pago. Durante el primer semestre del a\u00f1o, las televisiones de pago<strong>ingresaron 520,7 millones de euros<\/strong>, un 15% m\u00e1s con respecto al a\u00f1o pasado, frente a los 465,2 millones que factur\u00f3 la televisi\u00f3n en abierto.<\/p>\n<p style=\"text-align: justify;\">Son los datos m\u00e1s recientes que maneja la CNMC y que tambi\u00e9n destacan que <strong>el n\u00famero de abonados ya supera los 6 millones<\/strong> (6,09), lo que supone un crecimiento de 31.000 socios con respecto al mismo periodo del a\u00f1o anterior. En Espa\u00f1a, algunas de las plataformas m\u00e1s populares son Netflix, <strong>Yomvi <\/strong>(Movistar), Rakuten, <strong>beIN <\/strong>o <strong>Filmin<\/strong>. <strong>Mar\u00eda Rua<\/strong>, directora ejecutiva de IHS Markit, pone el acento sobre Netflix y Amazon para explicar este crecimiento. \u00abCuando el consumidor valora el producto y cree que el precio es justo, <strong>esta dispuesto a pagar<\/strong>\u00ab, a\u00f1ade.<\/p>\n<h4 style=\"text-align: justify;\">Mismas reglas de juego<\/h4>\n<p style=\"text-align: justify;\">La entrada de nuevos agentes en el sector no ha pasado inadvertida para las grandes corporaciones. Las televisiones, conscientes de que ya compiten con estas plataformas, han reclamado que las OTT est\u00e9n sujetas a las mismas reglas de juego, como por ejemplo la obligatoriedad de destinar el 5% de sus ingresos a financiar obras europeas.<\/p>\n<p style=\"text-align: justify;\">Se trata de una de las principales demandas de las grandes televisiones y UTECA, el &#8216;lobby&#8217; de las cadenas comerciales, aprovech\u00f3 su \u00faltima jornada anual para volver a recordarlo. <strong>\u201cRegular y supervisar a todos nos equiparar\u00e1 en derechos y obligaciones\u201d<\/strong>, se\u00f1al\u00f3 el pasado mes de noviembre <strong>Alejandro Echevarr\u00eda<\/strong>, presidente de la asociaci\u00f3n.<\/p>\n<p><span class=\"news-info-box-title\">Autor<\/span><\/p>\n<div class=\"news-info-box-author\"><a class=\"news-def-author\" title=\"Noticias de \u00c1lvaro G. Zarzalejos\" href=\"https:\/\/www.elconfidencial.com\/autores\/alvaro-g-zarzalejos-631\/\">\u00c1lvaro G. Zarzalejos<\/a><\/div>\n<\/div>\n<div>https:\/\/www.elconfidencial.com\/comunicacion\/2017-12-30\/penetracion-television-tradicional-audiencia-internet_1487734\/<\/div>\n<\/div>\n<\/div>\n","protected":false},"excerpt":{"rendered":"<p>Pese a que la televisi\u00f3n sigue siendo el medio m\u00e1s influyente, el \u00faltimo Estudio General&#8230;<\/p>\n","protected":false},"author":1,"featured_media":20553,"comment_status":"closed","ping_status":"closed","sticky":false,"template":"","format":"standard","meta":{"_coblocks_attr":"","_coblocks_dimensions":"","_coblocks_responsive_height":"","_coblocks_accordion_ie_support":"","jetpack_post_was_ever_published":false,"_jetpack_newsletter_access":"","_jetpack_dont_email_post_to_subs":false,"_jetpack_newsletter_tier_id":0,"_jetpack_memberships_contains_paywalled_content":false,"_jetpack_memberships_contains_paid_content":false,"footnotes":"","jetpack_publicize_message":"","jetpack_publicize_feature_enabled":true,"jetpack_social_post_already_shared":false,"jetpack_social_options":{"image_generator_settings":{"template":"highway","default_image_id":0,"enabled":false},"version":2}},"categories":[1161,186,44,15],"tags":[4514,4512,4513],"class_list":["post-20552","post","type-post","status-publish","format-standard","has-post-thumbnail","hentry","category-ciudadania","category-instituciones","category-noticias-de-hoy","category-ultimas-noticias","tag-influencias","tag-tv","tag-tv-de-pago"],"jetpack_publicize_connections":[],"jetpack_featured_media_url":"https:\/\/i0.wp.com\/miradordeatarfe.es\/wp-content\/uploads\/2018\/01\/imagen-sin-titulo.jpg?fit=996%2C559&ssl=1","jetpack_likes_enabled":true,"jetpack_sharing_enabled":true,"_links":{"self":[{"href":"https:\/\/miradordeatarfe.es\/index.php?rest_route=\/wp\/v2\/posts\/20552","targetHints":{"allow":["GET"]}}],"collection":[{"href":"https:\/\/miradordeatarfe.es\/index.php?rest_route=\/wp\/v2\/posts"}],"about":[{"href":"https:\/\/miradordeatarfe.es\/index.php?rest_route=\/wp\/v2\/types\/post"}],"author":[{"embeddable":true,"href":"https:\/\/miradordeatarfe.es\/index.php?rest_route=\/wp\/v2\/users\/1"}],"replies":[{"embeddable":true,"href":"https:\/\/miradordeatarfe.es\/index.php?rest_route=%2Fwp%2Fv2%2Fcomments&post=20552"}],"version-history":[{"count":1,"href":"https:\/\/miradordeatarfe.es\/index.php?rest_route=\/wp\/v2\/posts\/20552\/revisions"}],"predecessor-version":[{"id":20554,"href":"https:\/\/miradordeatarfe.es\/index.php?rest_route=\/wp\/v2\/posts\/20552\/revisions\/20554"}],"wp:featuredmedia":[{"embeddable":true,"href":"https:\/\/miradordeatarfe.es\/index.php?rest_route=\/wp\/v2\/media\/20553"}],"wp:attachment":[{"href":"https:\/\/miradordeatarfe.es\/index.php?rest_route=%2Fwp%2Fv2%2Fmedia&parent=20552"}],"wp:term":[{"taxonomy":"category","embeddable":true,"href":"https:\/\/miradordeatarfe.es\/index.php?rest_route=%2Fwp%2Fv2%2Fcategories&post=20552"},{"taxonomy":"post_tag","embeddable":true,"href":"https:\/\/miradordeatarfe.es\/index.php?rest_route=%2Fwp%2Fv2%2Ftags&post=20552"}],"curies":[{"name":"wp","href":"https:\/\/api.w.org\/{rel}","templated":true}]}}