{"id":20585,"date":"2018-01-05T06:07:04","date_gmt":"2018-01-05T05:07:04","guid":{"rendered":"http:\/\/miradordeatarfe.es\/?p=20585"},"modified":"2018-01-04T21:14:06","modified_gmt":"2018-01-04T20:14:06","slug":"a-quien-afecta-el-fallo-de-seguridad-de-los-chips-de-intel","status":"publish","type":"post","link":"https:\/\/miradordeatarfe.es\/?p=20585","title":{"rendered":"\u00bfA qui\u00e9n afecta el fallo de seguridad de los chips de Intel?"},"content":{"rendered":"<div class=\"articulo-subtitulos\">\n<p class=\"articulo-subtitulo\">Son dos fallos de seguridad que afectan sobre todo a ordenadores.Sin embargo, los tel\u00e9fonos y tablets podr\u00edan verse infectados tambi\u00e9n<\/p>\n<\/div>\n<p><!--more--><\/p>\n<p>El fabricante tecnol\u00f3gico <strong>Intel<\/strong> ha reconocido la existencia de una <strong>vulnerabilidad en sus procesadores<\/strong> de la \u00faltima d\u00e9cada, a trav\u00e9s de la que es posible acceder a datos sensibles de los dispositivos donde estos est\u00e1n instalados. La compa\u00f1\u00eda ha asegurado que el &#8216;bug&#8217; no es exclusivo de chips de su marca, sino que tambi\u00e9n est\u00e1 presente en componentes de otros fabricantes.<\/p>\n<p>Intel ha emitido un comunicado este mi\u00e9rcoles como respuesta a las informaciones difundidas este martes sobre la existencia de una gran vulnerabilidad en procesadores de la marca, que ha forzado a que sistemas operativos como Linux o Windows trabajen en sendas actualizaciones de seguridad de sus &#8216;software&#8217; que apuntan a ralentizar el rendimiento de los equipos entre un 5% y un 30%.<\/p>\n<div class=\"teads-inread xs-screen\">\n<div>\n<div class=\"teads-ui-components-credits\">Todav\u00eda sin precisar oficialmente el origen del &#8216;bug&#8217;, <a href=\"https:\/\/cincodias.elpais.com\/tag\/intel\/a\/\" target=\"_blank\" rel=\"noopener\">Intel<\/a> ha explicado que a trav\u00e9s del mismo, es posible \u00abobtener indebidamente datos sensibles\u00bb de los equipos inform\u00e1ticos que cuentan con estos componentes. No obstante, la compa\u00f1\u00eda ha a\u00f1adido que \u00abcree\u00bb que esta vulnerabilidad no genera riesgos de \u00abcorrupci\u00f3n, modificaci\u00f3n o eliminaci\u00f3n de datos\u00bb.<\/div>\n<\/div>\n<\/div>\n<h3>Un problema de \u00abmuchos\u00bb fabricantes<\/h3>\n<p>El fabricante estadounidense ha asegurado que las noticias que aseguran que este error de seguridad \u00fanicamente afecta a productos de su marca son \u00abincorrectas\u00bb, afirmando que los procesadores \u00abde muchos vendedores distintos\u00bb son susceptibles a estar afectados por esta vulnerabilidad.<\/p>\n<p>En este sentido, Intel ha explicado que est\u00e1 trabajando con otras tecnol\u00f3gicas, citando como ejemplos a AMD y ARM Holdings, dos de sus principales competidoras, en el desarrollo de una soluci\u00f3n al problema a nivel sectorial. As\u00ed, la empresa autora del comunicado ha comenzado a ofrecer \u00abactualizaciones de &#8216;software&#8217; y &#8216;firmware'\u00bb para mitigar esta vulnerabilidad, afirmando que, junto con otras compa\u00f1\u00edas, se divulgar\u00e1n m\u00e1s correcciones \u00abla pr\u00f3xima semana\u00bb.<\/p>\n<p>Intel tambi\u00e9n ha desmentido que estas actualizaciones vayan a perjudicar al rendimiento de los equipos, sino que su efecto ser\u00e1 \u00abdependiente de la carga de trabajo\u00bb y \u00abno deber\u00eda ser significativo\u00bb para el usuario medio. Adem\u00e1s, el fabricante ha asegurado que esta posible ralentizaci\u00f3n \u00abser\u00e1 mitigada con el tiempo\u00bb.<\/p>\n<h3>Actualizaci\u00f3n para Windows 10<\/h3>\n<p>En paralelo, <a href=\"https:\/\/cincodias.elpais.com\/tag\/microsoft\/a\/\" target=\"_blank\" rel=\"noopener\">Microsoft<\/a> ha lanzado este mi\u00e9rcoles una actualizaci\u00f3n para <a href=\"https:\/\/cincodias.elpais.com\/tag\/windows\/a\/\" target=\"_blank\" rel=\"noopener\">Windows 10<\/a> que incluye mejoras de seguridad para varios servicios, entre los que se encuentra el &#8216;kernel&#8217; de Windows &#8211;el n\u00facleo fundamental del sistema operativo que controla todo el funcionamiento del equipo&#8211;, el programa a trav\u00e9s del que se estima que es posible aprovechar esta vulnerabilidad con fines maliciosos.<\/p>\n<p>La compa\u00f1\u00eda todav\u00eda no ha lanzado actualizaciones para Windows 7 o Windows 8.<\/p>\n<p style=\"text-align: justify;\">Los investigadores de Project Zero (el grupo de investigadores de ciberseguridad liderado por Google) han detectado dos fallos de seguridad en componentes internos o microchips de los dispositivos tecnol\u00f3gicos:<\/p>\n<ul class=\"en_contenido\">\n<li style=\"text-align: justify;\">El m\u00e1s extendido se denomina <strong><em>Meltdown<\/em><\/strong> y afecta a ordenadores port\u00e1tiles, de sobremesa o servidores de internet con chips Intel. Este agujero permitir\u00eda a los hackers el robo de datos como contrase\u00f1as almacenadas en los navegadores . Se corrige con un parche de actualizaci\u00f3n.<\/li>\n<li style=\"text-align: justify;\">El denominado <strong><em>Spectre<\/em><\/strong> afecta a los chips de smartphones, tabletas y todo tipo de ordenadores. No es un error exclusivo de Intel sino que afecta a firmas como AMD o ARM. Permite a los hackers colarse en los dispositivos a trav\u00e9s de las aplicaciones en marcha. Es menos peligroso que Meltdown pero tambi\u00e9n es m\u00e1s dif\u00edcil de corregir y podr\u00eda tener serias repercusiones a medio plazo.<\/li>\n<li style=\"text-align: justify;\">Se recomienda a los consumidores que actualicen sus dispositivos para que se instalen los nuevos parches de seguridad que protegen contra Meltdown. Google ha asegurado que los tel\u00e9fonos con sistema operativo Android m\u00e1s modernos ya est\u00e1n protegido. A\u00fan no est\u00e1 claro si los dispositivos de Apple est\u00e1n afectados tambi\u00e9n<\/li>\n<li style=\"text-align: justify;\">El Centro Nacional de Ciberseguridad del Reino Unido ha confirmado que, de momento, no ha habido ninguna explotaci\u00f3n malintencionada del agujero de seguridad, y la recomendaci\u00f3n para todos los usuarios es que ejecuten los parches o actualizaciones tan pronto como las reciban.<\/li>\n<\/ul>\n","protected":false},"excerpt":{"rendered":"<p>Son dos fallos de seguridad que afectan sobre todo a ordenadores.Sin embargo, los tel\u00e9fonos y&#8230;<\/p>\n","protected":false},"author":1,"featured_media":0,"comment_status":"closed","ping_status":"closed","sticky":false,"template":"","format":"standard","meta":{"_coblocks_attr":"","_coblocks_dimensions":"","_coblocks_responsive_height":"","_coblocks_accordion_ie_support":"","jetpack_post_was_ever_published":false,"_jetpack_newsletter_access":"","_jetpack_dont_email_post_to_subs":false,"_jetpack_newsletter_tier_id":0,"_jetpack_memberships_contains_paywalled_content":false,"_jetpack_memberships_contains_paid_content":false,"footnotes":"","jetpack_publicize_message":"","jetpack_publicize_feature_enabled":true,"jetpack_social_post_already_shared":false,"jetpack_social_options":{"image_generator_settings":{"template":"highway","default_image_id":0,"enabled":false},"version":2}},"categories":[1161,44,15],"tags":[4522,4520,4521,35],"class_list":["post-20585","post","type-post","status-publish","format-standard","hentry","category-ciudadania","category-noticias-de-hoy","category-ultimas-noticias","tag-datos-personales","tag-intel","tag-parches","tag-tecnologia"],"jetpack_publicize_connections":[],"jetpack_featured_media_url":"","jetpack_likes_enabled":true,"jetpack_sharing_enabled":true,"_links":{"self":[{"href":"https:\/\/miradordeatarfe.es\/index.php?rest_route=\/wp\/v2\/posts\/20585","targetHints":{"allow":["GET"]}}],"collection":[{"href":"https:\/\/miradordeatarfe.es\/index.php?rest_route=\/wp\/v2\/posts"}],"about":[{"href":"https:\/\/miradordeatarfe.es\/index.php?rest_route=\/wp\/v2\/types\/post"}],"author":[{"embeddable":true,"href":"https:\/\/miradordeatarfe.es\/index.php?rest_route=\/wp\/v2\/users\/1"}],"replies":[{"embeddable":true,"href":"https:\/\/miradordeatarfe.es\/index.php?rest_route=%2Fwp%2Fv2%2Fcomments&post=20585"}],"version-history":[{"count":1,"href":"https:\/\/miradordeatarfe.es\/index.php?rest_route=\/wp\/v2\/posts\/20585\/revisions"}],"predecessor-version":[{"id":20587,"href":"https:\/\/miradordeatarfe.es\/index.php?rest_route=\/wp\/v2\/posts\/20585\/revisions\/20587"}],"wp:attachment":[{"href":"https:\/\/miradordeatarfe.es\/index.php?rest_route=%2Fwp%2Fv2%2Fmedia&parent=20585"}],"wp:term":[{"taxonomy":"category","embeddable":true,"href":"https:\/\/miradordeatarfe.es\/index.php?rest_route=%2Fwp%2Fv2%2Fcategories&post=20585"},{"taxonomy":"post_tag","embeddable":true,"href":"https:\/\/miradordeatarfe.es\/index.php?rest_route=%2Fwp%2Fv2%2Ftags&post=20585"}],"curies":[{"name":"wp","href":"https:\/\/api.w.org\/{rel}","templated":true}]}}