{"id":20594,"date":"2018-01-06T11:00:35","date_gmt":"2018-01-06T10:00:35","guid":{"rendered":"http:\/\/miradordeatarfe.es\/?p=20594"},"modified":"2022-02-12T12:47:20","modified_gmt":"2022-02-12T11:47:20","slug":"para-recordar-el-ano-2017-un-poco-de-estadistica","status":"publish","type":"post","link":"https:\/\/miradordeatarfe.es\/?p=20594","title":{"rendered":"ATARFE: PARA RECORDAR  EL A\u00d1O 2017  UN POCO DE ESTAD\u00cdSTICA DEL ATLETISMO"},"content":{"rendered":"<p style=\"text-align: justify;\">Comienza un nuevo a\u00f1o y es hora de emitir un pron\u00f3stico de lo que pueda ser la temporada de pista cubierta que no ha hecho sino iniciarse y que tendr\u00e1 su culmen con la disputa de los campeonatos nacionales las primeras semanas de marzo.<!--more--><\/p>\n<p style=\"text-align: justify;\">Nos vamos a centrar en elucubrar las prestaciones de nuestr@s atletas en funci\u00f3n del puesto que ocuparon la temporada pasada en los rankings nacional y auton\u00f3mico de la temporada pasada (50 mejores marquistas). Esto supone que nos dejemos fuera a aquell@s atletas que vienen progresando fuertemente desde el pasado verano pero ya habr\u00e1 tiempo de glosar sus gestas a lo largo de la temporada.<\/p>\n<p style=\"text-align: justify;\">As\u00ed pues nuestro atleta mejor ranqueado el ejercicio pasado a nivel nacional fue Alejandro Vico Guzm\u00e1n, 4\u00ba de 500 metros con 1.18.71, marca que lo catapult\u00f3 al primer puesto andaluz de la distancia, adem\u00e1s a nivel auton\u00f3mico fue 10\u00ba en 1000 m. ( 3.09.88) y 16\u00ba en 60 lisos (8.54).<\/p>\n<p style=\"text-align: justify;\">Alejandro ha pasado este a\u00f1o a la categor\u00eda Sub 16 (anterior Cadete) con lo que competir\u00e1 en 600, 1000 y puede que nos sorprenda con alg\u00fan 3000 pues ha apostado por preparar bien el Cross con las miras puestas en formar parte del equipo que representar\u00e1 al Nerja Atletismo en el nacional de clubs.<\/p>\n<p style=\"text-align: justify;\">No creo que me equivoque mucho si digo que la barrera de los 3 minutos ser\u00e1 franqueada por Alex a poco que se lo marque como objetivo y compatibilice la pista con el cross. Por su parte si opta por hacer 600 deber\u00e1 andar en torno a 1.32 aunque\u00a0 en este caso le exigir\u00eda reconducir los entrenos para trabajar en umbrales m\u00e1s anaer\u00f3bicos.<\/p>\n<p>Como segundo mejor atleta situado en ranking nacional nos aparece Manuel Jim\u00e9nez L\u00f3pez,\u00a0 Quinto de 3000 con 9.07 (Primer andaluz), siendo adem\u00e1s 18\u00ba en 1000 con 2.43.34 (Tercero andaluz). Manuel tambi\u00e9n ha cambiado de categor\u00eda este a\u00f1o pasando a Sub 18 (anterior juvenil), donde cambiar\u00e1 el 1000 por el 1500 m\u00e1s acorde a sus facultades.<br \/>\nEsta temporada Manu deber\u00e1 bajar con claridad de los 9 minutos en 3000 aunque depender\u00e1 de c\u00f3mo se dispute la prueba en el campeonato de Espa\u00f1a que precisamente se celebrar\u00e1 en Antequera y que pasa por ser el principal objetivo del invierno junto a los nacionales de cross (de club e individual ). Para sacar medalla en Antequera habr\u00e1 que andar sobre 8.45 y apostamos firmemente porque Manuel ronde el podio como viene haciendo los dos \u00faltimos ejercicios (5\u00ba en 2017 y 4\u00ba en 2016), en todo caso este diciembre ha corrido m\u00e1s r\u00e1pido que nunca en estas fechas, marcando 9.03 el pasado d\u00eda 30 en 3.000.<\/p>\n<p style=\"text-align: justify;\">Completan presencia en ranking nacional nuestros medio fondistas David Hern\u00e1ndez S\u00e1nchez 16\u00ba en 500 con 1.20.76 (Cuarto andaluz ) y Pablo Mart\u00edn Santiago 41\u00ba en 800 con 2.02.40 (Noveno andaluz).<\/p>\n<p style=\"text-align: justify;\">David que es tambi\u00e9n 25\u00ba en 60 lisos con 8.64 se debe consolidar este invierno como una de nuestras referencias en medio fondo, atleta que ha pasado a la categor\u00eda Sub 16 y que suponemos apostar\u00e1 por centrarse en los 600 metros donde estar cercano a 1.33 no ser\u00e1 ninguna sorpresa.<\/p>\n<p style=\"text-align: justify;\">Por su parte Pablo que repite en la categor\u00eda Sub 18 tendr\u00e1 que estar luchando por los 2.00 en 800 y por qu\u00e9 no romper esta barrera y hacer m\u00ednima nacional como ya consiguiera hace dos temporadas tanto en pista cubierta como al aire libre.<\/p>\n<p style=\"text-align: justify;\">Completamos este estudio con unas breves pinceladas sobre el resto de atletas del Atletismo Atarfe que consiguieron un lugar en el ranking andaluz 2017 (50 mejores) siguiendo un orden cronol\u00f3gico en funci\u00f3n de la edad de los atletas.<\/p>\n<p>Comenzamos con Curro Avil\u00e9s Torrecillas, Segundo en 500 alev\u00edn con 1.25.27, Curro que repite categor\u00eda Sub 12 tendr\u00e1 su mayor h\u00e1ndicap en la remodelaci\u00f3n del reglamento que ha suprimido los habituales campeonatos por distancias sustituy\u00e9ndolos por diferentes modalidades de triatlon donde se combinan carreras, saltos y lanzamientos. En todo caso y como pron\u00f3stico apuntemos el 1.23 como marca a conseguir en 500.<\/p>\n<p style=\"text-align: justify;\">En similar tesitura se hallan Mar\u00eda P\u00e9rez G\u00f3mez y Elena Carrillo Mesa y aunque pasan a categor\u00eda Sub 14 tambi\u00e9n se las tendr\u00e1n que ver con los triatlones.\u00a0 Mar\u00eda fue Cuarta en 1000 con 3.26.22 y 23\u00aa en 500 (1.40.13) y para este a\u00f1o su ilusi\u00f3n es seguir mejorando en su prueba predilecta, es de esperar que baje de 3.25. Por su parte Elena que fuera D\u00e9cima en 1000 (3.33.76) y 29\u00aa en 500 (1.44.86) se est\u00e1 centrando este invierno en distancias m\u00e1s cortas lo que la llevar\u00e1 a rondar el 1.40 en esta \u00faltima distancia. En todo caso ambas pueden tener una gran oportunidad de lucir sus progresos en sus pruebas fetiche con ocasi\u00f3n del campeonato andaluz por clubs que incluye las distancias de 500 y 1000m y sin duda que nuestro Atletismo Atarfe presentar\u00eda un temible equipo con Elena en 500 y Mar\u00eda en 1000.<\/p>\n<p style=\"text-align: justify;\">En Sub 14 Adri\u00e1n L\u00f3pez Lafuente fue 23\u00ba en 1000 (3.17.28) y 25\u00ba en 500 (1.29.23), al repetir categor\u00eda tambi\u00e9n chocar\u00e1 con los triatlones pero a pesar de ello nos tendr\u00e1 que regalar marcas por debajo de 3.15 y 1.27 respectivamente.<\/p>\n<p style=\"text-align: justify;\">En Sub 16, Jes\u00fas Zamora Tortosa fue 17\u00ba en 1000 con 2.52.31, esta temporada invernal varios compromisos acad\u00e9micos van a dificultar que completen una temporada \u00edntegra pero bajar de 2.50 en mil y un sub 10 en 3000 est\u00e1n asegurados.<\/p>\n<p style=\"text-align: justify;\">Finalizamos an\u00e1lisis con los Sub 18 donde destaca el lanzador David Gonz\u00e1lez Arribas 15\u00ba en peso con 10.64. Este invierno est\u00e1 entrenando de manera muy sistem\u00e1tica, en cuanto a marcas y debido al cambio en el peso del artefacto ser\u00eda muy aventurado se\u00f1alar una marca concreta de ah\u00ed que nos quedemos con se\u00f1alar que conseguir\u00e1 auparse al Top \u00a010 de la lista anual lo que seguro lo lleva a estar sobre la m\u00ednima nacional.<\/p>\n<p style=\"text-align: justify;\">Nuestro velocista largo Carlos Franquelo \u00c1vila hizo 31\u00ba en 300 con 40.92, en la nueva categor\u00eda disputar\u00e1 los 400 m. donde rondar\u00e1 los 55\/56 segundos.<\/p>\n<p style=\"text-align: justify;\">En la misma distancia Celia Mart\u00edn Santiago, 29\u00aa en 300 con 46.08 tambi\u00e9n se las ver\u00e1 con la doble vuelta a la pista y un crono de 1.04 ser\u00eda un logro en su primer a\u00f1o en la m\u00edtica distancia.<\/p>\n<p style=\"text-align: justify;\">Por su parte, Jaime Vico Guzm\u00e1n fue 15\u00ba en 3000 juvenil con 9.45.94, este a\u00f1o las lesiones vienen lastrando su temporada pero a poco que supere estas contrariedades luchar\u00e1 por acercarse a 9.30.<\/p>\n<p style=\"text-align: justify;\">No podemos despedir este estudio sin hacer una menci\u00f3n a los tres mosqueteros del club, los hermanos Urquiza Sierra y Jos\u00e9 Justicia quienes han apostado por seguir compitiendo en pista a pesar de los cantos de sirena del asfalto. Tanto Juan Jos\u00e9 como Francisco Urquiza vienen luchando las \u00faltimas temporadas por reventar la barrera de los 55 segundos en 400 y los 2 minutos en 800 y apostamos porque ambos lo logren en este 2018. Por su parte Jos\u00e9 Justicia se ha puesto de meta bajar de 9.20 en 3000 m y ha empezado con un discreto 9.39 del pasado d\u00eda 30, sin duda que si sigue trabajando como hasta ahora y cogiendo una carrera a ritmo adecuado lo consigue de aqu\u00ed a marzo.<\/p>\n<p style=\"text-align: justify;\">Cuando demos carpetazo al ejercicio en cubierto releeremos este art\u00edculo a ver c\u00f3mo de acertados o err\u00e1ticos hemos estado. Feliz a\u00f1o.<\/p>\n<p><a href=\"https:\/\/i0.wp.com\/miradordeatarfe.es\/wp-content\/uploads\/2018\/01\/Alex-Vico-Camp-Andaluc%C3%ADa-PC-2017.jpg?ssl=1\"><img data-recalc-dims=\"1\" loading=\"lazy\" decoding=\"async\" class=\"alignnone size-full wp-image-20596\" src=\"https:\/\/i0.wp.com\/miradordeatarfe.es\/wp-content\/uploads\/2018\/01\/Alex-Vico-Camp-Andaluc%C3%ADa-PC-2017.jpg?resize=640%2C1138&#038;ssl=1\" alt=\"\" width=\"640\" height=\"1138\" srcset=\"https:\/\/i0.wp.com\/miradordeatarfe.es\/wp-content\/uploads\/2018\/01\/Alex-Vico-Camp-Andaluc%C3%ADa-PC-2017.jpg?w=900&amp;ssl=1 900w, https:\/\/i0.wp.com\/miradordeatarfe.es\/wp-content\/uploads\/2018\/01\/Alex-Vico-Camp-Andaluc%C3%ADa-PC-2017.jpg?resize=169%2C300&amp;ssl=1 169w, https:\/\/i0.wp.com\/miradordeatarfe.es\/wp-content\/uploads\/2018\/01\/Alex-Vico-Camp-Andaluc%C3%ADa-PC-2017.jpg?resize=768%2C1365&amp;ssl=1 768w, https:\/\/i0.wp.com\/miradordeatarfe.es\/wp-content\/uploads\/2018\/01\/Alex-Vico-Camp-Andaluc%C3%ADa-PC-2017.jpg?resize=576%2C1024&amp;ssl=1 576w, https:\/\/i0.wp.com\/miradordeatarfe.es\/wp-content\/uploads\/2018\/01\/Alex-Vico-Camp-Andaluc%C3%ADa-PC-2017.jpg?resize=600%2C1067&amp;ssl=1 600w\" sizes=\"auto, (max-width: 640px) 100vw, 640px\" \/><\/a><\/p>\n<p>&nbsp;<\/p>\n<p><a href=\"https:\/\/i0.wp.com\/miradordeatarfe.es\/wp-content\/uploads\/2018\/01\/Curro-Avil%C3%A9s-Camp-Andaluc%C3%ADa-PC-2017.jpg?ssl=1\"><img data-recalc-dims=\"1\" loading=\"lazy\" decoding=\"async\" class=\"alignnone size-full wp-image-20597\" src=\"https:\/\/i0.wp.com\/miradordeatarfe.es\/wp-content\/uploads\/2018\/01\/Curro-Avil%C3%A9s-Camp-Andaluc%C3%ADa-PC-2017.jpg?resize=640%2C1140&#038;ssl=1\" alt=\"\" width=\"640\" height=\"1140\" srcset=\"https:\/\/i0.wp.com\/miradordeatarfe.es\/wp-content\/uploads\/2018\/01\/Curro-Avil%C3%A9s-Camp-Andaluc%C3%ADa-PC-2017.jpg?w=898&amp;ssl=1 898w, https:\/\/i0.wp.com\/miradordeatarfe.es\/wp-content\/uploads\/2018\/01\/Curro-Avil%C3%A9s-Camp-Andaluc%C3%ADa-PC-2017.jpg?resize=168%2C300&amp;ssl=1 168w, https:\/\/i0.wp.com\/miradordeatarfe.es\/wp-content\/uploads\/2018\/01\/Curro-Avil%C3%A9s-Camp-Andaluc%C3%ADa-PC-2017.jpg?resize=768%2C1368&amp;ssl=1 768w, https:\/\/i0.wp.com\/miradordeatarfe.es\/wp-content\/uploads\/2018\/01\/Curro-Avil%C3%A9s-Camp-Andaluc%C3%ADa-PC-2017.jpg?resize=575%2C1024&amp;ssl=1 575w, https:\/\/i0.wp.com\/miradordeatarfe.es\/wp-content\/uploads\/2018\/01\/Curro-Avil%C3%A9s-Camp-Andaluc%C3%ADa-PC-2017.jpg?resize=600%2C1069&amp;ssl=1 600w\" sizes=\"auto, (max-width: 640px) 100vw, 640px\" \/><\/a><\/p>\n","protected":false},"excerpt":{"rendered":"<p>Comienza un nuevo a\u00f1o y es hora de emitir un pron\u00f3stico de lo que pueda&#8230;<\/p>\n","protected":false},"author":1,"featured_media":20595,"comment_status":"closed","ping_status":"closed","sticky":false,"template":"","format":"standard","meta":{"_coblocks_attr":"","_coblocks_dimensions":"","_coblocks_responsive_height":"","_coblocks_accordion_ie_support":"","jetpack_post_was_ever_published":false,"_jetpack_newsletter_access":"","_jetpack_dont_email_post_to_subs":false,"_jetpack_newsletter_tier_id":0,"_jetpack_memberships_contains_paywalled_content":false,"_jetpack_memberships_contains_paid_content":false,"footnotes":"","jetpack_publicize_message":"","jetpack_publicize_feature_enabled":true,"jetpack_social_post_already_shared":false,"jetpack_social_options":{"image_generator_settings":{"template":"highway","default_image_id":0,"enabled":false},"version":2}},"categories":[2,182,186,6915,44,15,10],"tags":[81,85,123],"class_list":["post-20594","post","type-post","status-publish","format-standard","has-post-thumbnail","hentry","category-atarfe","category-deportes","category-instituciones","category-opinion-de-manuel-jimenez","category-noticias-de-hoy","category-ultimas-noticias","category-salud","tag-atarfe","tag-atletismo","tag-deportes"],"jetpack_publicize_connections":[],"jetpack_featured_media_url":"https:\/\/i0.wp.com\/miradordeatarfe.es\/wp-content\/uploads\/2018\/01\/FOTO-SALIDA-1000-M-ANTEQUERA-JESUS-Y-MANU.jpg?fit=2592%2C1456&ssl=1","jetpack_likes_enabled":true,"jetpack_sharing_enabled":true,"_links":{"self":[{"href":"https:\/\/miradordeatarfe.es\/index.php?rest_route=\/wp\/v2\/posts\/20594","targetHints":{"allow":["GET"]}}],"collection":[{"href":"https:\/\/miradordeatarfe.es\/index.php?rest_route=\/wp\/v2\/posts"}],"about":[{"href":"https:\/\/miradordeatarfe.es\/index.php?rest_route=\/wp\/v2\/types\/post"}],"author":[{"embeddable":true,"href":"https:\/\/miradordeatarfe.es\/index.php?rest_route=\/wp\/v2\/users\/1"}],"replies":[{"embeddable":true,"href":"https:\/\/miradordeatarfe.es\/index.php?rest_route=%2Fwp%2Fv2%2Fcomments&post=20594"}],"version-history":[{"count":2,"href":"https:\/\/miradordeatarfe.es\/index.php?rest_route=\/wp\/v2\/posts\/20594\/revisions"}],"predecessor-version":[{"id":20599,"href":"https:\/\/miradordeatarfe.es\/index.php?rest_route=\/wp\/v2\/posts\/20594\/revisions\/20599"}],"wp:featuredmedia":[{"embeddable":true,"href":"https:\/\/miradordeatarfe.es\/index.php?rest_route=\/wp\/v2\/media\/20595"}],"wp:attachment":[{"href":"https:\/\/miradordeatarfe.es\/index.php?rest_route=%2Fwp%2Fv2%2Fmedia&parent=20594"}],"wp:term":[{"taxonomy":"category","embeddable":true,"href":"https:\/\/miradordeatarfe.es\/index.php?rest_route=%2Fwp%2Fv2%2Fcategories&post=20594"},{"taxonomy":"post_tag","embeddable":true,"href":"https:\/\/miradordeatarfe.es\/index.php?rest_route=%2Fwp%2Fv2%2Ftags&post=20594"}],"curies":[{"name":"wp","href":"https:\/\/api.w.org\/{rel}","templated":true}]}}