{"id":2060,"date":"2015-05-31T08:15:08","date_gmt":"2015-05-31T08:15:08","guid":{"rendered":"http:\/\/miradordeatarfe.es\/?p=2060"},"modified":"2015-06-01T07:58:10","modified_gmt":"2015-06-01T07:58:10","slug":"querida-manuela-tenemos-que-hablar","status":"publish","type":"post","link":"https:\/\/miradordeatarfe.es\/?p=2060","title":{"rendered":"Querida Manuela, tenemos que hablar\u2026"},"content":{"rendered":"<div class=\"subtitle bkn mce sk2\">\n<p>Nuestra pr\u00f3xima alcaldesa es una se\u00f1ora de 71 a\u00f1os. Magistrada y semidesconocida. Ha despertado una ilusi\u00f3n entre los votantes desconocida hasta ahora a la que me sumo. Esa sensaci\u00f3n me tiene preocupado. Mucho.<\/p>\n<\/div>\n<p><!--more--><\/p>\n<div class=\"mce-body mce\">\n<p class=\"mce\">Querida Manuela, tenemos que hablar\u2026<\/p>\n<p class=\"mce\">No me conoces. Y yo te conozco poco, la verdad.<\/p>\n<div class=\"no-adv-socios\"><\/div>\n<p class=\"mce\">Cuando sali\u00f3 tu nombre como cabeza de lista de la confluencia en Madrid cre\u00ed reconocerlo de viejas historias de militancia antifranquista. Me sonaba &#8216;a lo de Atocha&#8217; y a algo de Jueces Para la Democracia. Lo mir\u00e9 en internet y s\u00ed. No me acuerdo que pens\u00e9 en aquel momento exactamente, pero s\u00ed en algo de que tu papel no iba a ser\u00a0nada f\u00e1cil por entonces: est\u00e1bamos todos en Madrid esperando a nuestra propia <em class=\"mce\"> ada madrina<\/em>. S\u00ed, Manuela, <em class=\"mce\"> ada<\/em> sin hache.<\/p>\n<p class=\"mce\">Me puse a investigar tu figura y me avergonz\u00f3 darme cuenta de no conocer todo lo que has hecho: la limpieza en los juzgados de Plaza de Castilla, tu trabajo como relatora de la ONU o tu apoyo a los reclusos. \u00bfSabes Manuela? Yo hice una pel\u00edcula en un centro penitenciario sobre la vida en la c\u00e1rcel y esa experiencia me transform\u00f3 un poco. Conoc\u00ed la plataforma Otro derecho Penal es Posible, empec\u00e9 a leer un poco y&#8230; Bueno, que me voy del tema.<\/p>\n<p class=\"mce\">Te estoy escribiendo esta carta el viernes. Pasado ma\u00f1ana se vota. Yo ya he votado por correo. No s\u00e9 si ser\u00e1s Alcaldesa. La alternativa me aterra, te conf\u00edo. Sigo.<\/p>\n<p class=\"mce\">Inmediatamente tras conocer que ser\u00edas la candidata de la unidad popular lo que hice fue preguntar. Preguntar a esa gente que est\u00e1 contigo en las listas y tambi\u00e9n a esa gente que no se ve tanto pero que est\u00e1 ah\u00ed trabajando desde la sombra en Ahora Madrid. Y he de decirte, Manuela, que la un\u00e1nime respuesta acompa\u00f1ada de la a\u00fan m\u00e1s un\u00e1nime sonrisa que encend\u00eda las caras de los que me los y las que me contestaban, me tranquiliz\u00f3. Algo.<\/p>\n<p class=\"mce\">Lo que m\u00e1s me gust\u00f3 fue curiosamente el que muchos te colocaran dentro de una figura muchas veces perjudicial en estructuras en las que me muevo: el <em class=\"mce\"> free-rider<\/em>. Esa persona que (por distintas motivaciones) tiene su propia agenda y una meta concreta. Se puede llegar a decir que &#8216;va a lo suyo&#8217;. El d\u00eda que dijiste aquello de \u201c<em class=\"mce\"> yo no soy de Podemos<\/em>\u201d, o mejor dicho: \u201c<em class=\"mce\"> yo no tengo nada que ver con Podemos<\/em>\u201d (y con todo el respeto por esa formaci\u00f3n) comprend\u00ed que eras exactamente lo que necesita esta ciudad. T\u00fa y tu equipo.<\/p>\n<p class=\"mce\">Necesitamos desbordar, Manuela. Que nos desbordes.<\/p>\n<p class=\"mce\">Necesitamos un Ayuntamiento donde pasen cosas. Donde no se deje uno secuestrar\u00a0por ese cieno gris que te atrapa y te inmoviliza sino que se atienda lo importante. Donde se cree conflicto cuando haga falta. Donde se delegue.<\/p>\n<p class=\"mce\">Es ya domingo. Aunque vot\u00e9 por correo me he pasado por dos colegios electorales a mirar. He hablado con la gente, observado los montones de papeletas. Me he encontrado mi colegio electoral de Madrid centro lleno de apoderados de tu partido, de tu no-partido, mejor dicho. Mucha ilusi\u00f3n. Acabo este p\u00e1rrafo y me voy a trabajar a la radio donde hacemos un especial electoral. Tengo que aparcar unas horas\u00a0la ilusi\u00f3n que me hace todo esto y que me tiene un tanto descolocado. Ma\u00f1ana intento acabar la carta. Ma\u00f1ana, Manuela, entonces sabremos si ser\u00e1s alcaldesa, o no. Si cambian las cosas, o no. Si hemos querido que cambien las cosas, o no.<\/p>\n<p class=\"mce\">Hola Manuela, retomo. Lunes ya. He dormido cuatro horas. Supongo que como t\u00fa. <em class=\"mce\"> \u00a1Has ganado!<\/em> O como me dijeron dos concejales electos tuyos que me encontr\u00e9 anoche (por separado) y que curiosamente me repitieron exactamente lo mismo (por separado, insisto) cuando les felicit\u00e9 por los resultados electorales: \u201c<em class=\"mce\"> No, en realidad has ganado t\u00fa<\/em>\u201d, refiri\u00e9ndose a la ciudadan\u00eda. A todos.<\/p>\n<p class=\"mce\">Jo, Manuela, que ilusi\u00f3n.<\/p>\n<p class=\"mce\">Llevo tres\u00a0d\u00edas escribi\u00e9ndote este post-carta y no soy capaz de acabarla. Llevamos todos un mes hablando de estas elecciones y de tu no-partido. Ayer les comentaba a mis compa\u00f1eros de la radio: \u201c<em class=\"mce\"> Estoy totalmente descolocado, el enamoramiento que tengo de un proyecto pol\u00edtico es algo totalmente nuevo para m\u00ed. Siempre me he sentido muy c\u00f3modo en las \u00f3rbitas de los partidos. Haciendo pol\u00edtica pero desde fuera. Perdiendo las elecciones una detr\u00e1s de otra, feliz en la derrota. Pero esta nueva sensaci\u00f3n me incomoda. Y me da mucho miedo que me rompan el coraz\u00f3n.<\/em>\u201d<\/p>\n<p class=\"mce\">S\u00ed, Manuela, me da miedo que me rompas el coraz\u00f3n.<\/p>\n<p class=\"mce\">Le dec\u00eda a mis compa\u00f1eros: \u201c<em class=\"mce\"> Ojal\u00e1 no gobiernen\u2026<\/em>\u201d y, claro, me miraban con cara de \u201c<em class=\"mce\"> Este t\u00edo es gilipollas\u2026<\/em>\u201d. Estoy aterrado.<\/p>\n<p class=\"mce\">Ains\u2026 Por otra parte&#8230;, mira esta foto:<\/p>\n<p class=\"mce\"><a href=\"https:\/\/i0.wp.com\/miradordeatarfe.es\/wp-content\/uploads\/2015\/05\/CfakepathCF2ewYXIAAucbPjpg_EDIIMA20150527_0481_5.jpg?ssl=1\"><img data-recalc-dims=\"1\" loading=\"lazy\" decoding=\"async\" class=\"alignnone size-full wp-image-2061\" src=\"https:\/\/i0.wp.com\/miradordeatarfe.es\/wp-content\/uploads\/2015\/05\/CfakepathCF2ewYXIAAucbPjpg_EDIIMA20150527_0481_5.jpg?resize=640%2C359&#038;ssl=1\" alt=\"CfakepathCF2ewYXIAAucbPjpg_EDIIMA20150527_0481_5\" width=\"640\" height=\"359\" srcset=\"https:\/\/i0.wp.com\/miradordeatarfe.es\/wp-content\/uploads\/2015\/05\/CfakepathCF2ewYXIAAucbPjpg_EDIIMA20150527_0481_5.jpg?w=643&amp;ssl=1 643w, https:\/\/i0.wp.com\/miradordeatarfe.es\/wp-content\/uploads\/2015\/05\/CfakepathCF2ewYXIAAucbPjpg_EDIIMA20150527_0481_5.jpg?resize=300%2C168&amp;ssl=1 300w, https:\/\/i0.wp.com\/miradordeatarfe.es\/wp-content\/uploads\/2015\/05\/CfakepathCF2ewYXIAAucbPjpg_EDIIMA20150527_0481_5.jpg?resize=600%2C337&amp;ssl=1 600w\" sizes=\"auto, (max-width: 640px) 100vw, 640px\" \/><\/a><\/p>\n<div class=\"inset cf width643\">\n<div class=\"media-holder\">\n<div class=\"caption-inside\">\n<p>Los 20 concejales electos de Ahora Madrid [Foto: @AhoraMadrid]<\/p>\n<\/div>\n<\/div>\n<\/div>\n<p class=\"mce\">Nunca, nunca, nunca en mis mejores sue\u00f1os <a class=\"mce\" href=\"http:\/\/www.eldiario.es\/politica\/Ahora-Madrid-19-Carmena_0_391961068.html\"> pude imaginarme a un grupo de personas que mejor pudiera representarme<\/a>. Ya no a mis intereses, Manuela, sino a m\u00ed. A lo que soy. A lo que quiero ser. A en lo que quiero que se convierta esta ciudad, esta sociedad.<\/p>\n<p class=\"mce\">Pero claro: gobernar. Aaaaaj\u00e1. Go-ber-nar.<\/p>\n<p class=\"mce\">Gobernar es empezar a cagarla (perd\u00f3n por el lenguaje). Estoy enamorado y no quiero desenamorarme. Solo te voy a pedir una cosa, Manuela: cambia el mundo. Int\u00e9ntalo.<\/p>\n<p class=\"mce\">Tienes a tus 20 concejales. A un equipazo detr\u00e1s. A muchos <em class=\"mce\"> orbitantes<\/em> que hacemos pol\u00edtica desde fuera y que luchamos cada d\u00eda y queremos vivir en democracia y en fraternidad con nuestros conciudadanos en una sociedad en la que no seamos una mera mercanc\u00eda en manos de pol\u00edticos y banqueros.<\/p>\n<p class=\"mce\">As\u00ed que Manuela, r\u00f3mpeme el coraz\u00f3n.<\/p>\n<p class=\"mce\">Pero entre tanto cuenta conmigo para lo que quieras. Aunque sea para destruir la Democracia occidental. ;-)<\/p>\n<p class=\"mce\">Un cordial abrazo y todo lo mejor,<\/p>\n<p class=\"mce\">St\u00e9phane.<\/p>\n<p><a href=\"http:\/\/www.eldiario.es\/interferencias\/Manuela_Carmena-Ahora_Madrid-democracia-futuro-ilusion_6_392370773.html\">http:\/\/www.eldiario.es\/interferencias\/Manuela_Carmena-Ahora_Madrid-democracia-futuro-ilusion_6_392370773.html<\/a><\/p>\n<\/div>\n","protected":false},"excerpt":{"rendered":"<p>Nuestra pr\u00f3xima alcaldesa es una se\u00f1ora de 71 a\u00f1os. Magistrada y semidesconocida. Ha despertado una&#8230;<\/p>\n","protected":false},"author":1,"featured_media":2062,"comment_status":"closed","ping_status":"closed","sticky":false,"template":"","format":"standard","meta":{"_coblocks_attr":"","_coblocks_dimensions":"","_coblocks_responsive_height":"","_coblocks_accordion_ie_support":"","jetpack_post_was_ever_published":false,"_jetpack_newsletter_access":"","_jetpack_dont_email_post_to_subs":false,"_jetpack_newsletter_tier_id":0,"_jetpack_memberships_contains_paywalled_content":false,"_jetpack_memberships_contains_paid_content":false,"footnotes":"","jetpack_publicize_message":"","jetpack_publicize_feature_enabled":true,"jetpack_social_post_already_shared":false,"jetpack_social_options":{"image_generator_settings":{"template":"highway","default_image_id":0,"enabled":false},"version":2}},"categories":[9,15,1],"tags":[746,171,721],"class_list":["post-2060","post","type-post","status-publish","format-standard","has-post-thumbnail","hentry","category-medio-ambiente","category-ultimas-noticias","category-uncategorized","tag-carmena","tag-elecciones","tag-votos"],"jetpack_publicize_connections":[],"jetpack_featured_media_url":"https:\/\/i0.wp.com\/miradordeatarfe.es\/wp-content\/uploads\/2015\/05\/CARMENA.jpg?fit=300%2C168&ssl=1","jetpack_likes_enabled":true,"jetpack_sharing_enabled":true,"_links":{"self":[{"href":"https:\/\/miradordeatarfe.es\/index.php?rest_route=\/wp\/v2\/posts\/2060","targetHints":{"allow":["GET"]}}],"collection":[{"href":"https:\/\/miradordeatarfe.es\/index.php?rest_route=\/wp\/v2\/posts"}],"about":[{"href":"https:\/\/miradordeatarfe.es\/index.php?rest_route=\/wp\/v2\/types\/post"}],"author":[{"embeddable":true,"href":"https:\/\/miradordeatarfe.es\/index.php?rest_route=\/wp\/v2\/users\/1"}],"replies":[{"embeddable":true,"href":"https:\/\/miradordeatarfe.es\/index.php?rest_route=%2Fwp%2Fv2%2Fcomments&post=2060"}],"version-history":[{"count":1,"href":"https:\/\/miradordeatarfe.es\/index.php?rest_route=\/wp\/v2\/posts\/2060\/revisions"}],"predecessor-version":[{"id":2063,"href":"https:\/\/miradordeatarfe.es\/index.php?rest_route=\/wp\/v2\/posts\/2060\/revisions\/2063"}],"wp:featuredmedia":[{"embeddable":true,"href":"https:\/\/miradordeatarfe.es\/index.php?rest_route=\/wp\/v2\/media\/2062"}],"wp:attachment":[{"href":"https:\/\/miradordeatarfe.es\/index.php?rest_route=%2Fwp%2Fv2%2Fmedia&parent=2060"}],"wp:term":[{"taxonomy":"category","embeddable":true,"href":"https:\/\/miradordeatarfe.es\/index.php?rest_route=%2Fwp%2Fv2%2Fcategories&post=2060"},{"taxonomy":"post_tag","embeddable":true,"href":"https:\/\/miradordeatarfe.es\/index.php?rest_route=%2Fwp%2Fv2%2Ftags&post=2060"}],"curies":[{"name":"wp","href":"https:\/\/api.w.org\/{rel}","templated":true}]}}