{"id":20712,"date":"2018-01-10T12:25:36","date_gmt":"2018-01-10T11:25:36","guid":{"rendered":"http:\/\/miradordeatarfe.es\/?p=20712"},"modified":"2018-01-10T12:29:35","modified_gmt":"2018-01-10T11:29:35","slug":"un-espanol-puede-convertirse-en-el-mejor-profe-del-mundo-y-quiza-sea-mala-noticia","status":"publish","type":"post","link":"https:\/\/miradordeatarfe.es\/?p=20712","title":{"rendered":"\u00bfQU\u00c9 PERFIL DOCENTE SE NECESITA PARA MEJORAR EL SISTEMA EDUCATIVO? por Juan de Dios Fernandez"},"content":{"rendered":"<p><span lang=\"es-ES\">Sin lugar a duda se necesitan muy buenos docente, pero ser buen docente es necesario, pero no suficiente. Todos conocemos el dicho africano \u201c<\/span><span lang=\"es-ES\"><i>Para educar a un ni\u00f1o hace falta toda la tribu<\/i><\/span><span lang=\"es-ES\">\u201d. Pues eso hay que aplicarlo a los centros\u2026 \u201c<\/span><span lang=\"es-ES\"><i>Para educar a ni\u00f1os y ni\u00f1as hace falta todo el colegio<\/i><\/span><span lang=\"es-ES\">\u201d<!--more--><\/span><\/p>\n<p>H<span lang=\"es-ES\">ay que ser consciente de que el trabajo en equipo es \u201cimprescindible\u201d, pero no solo trabajar en equipo, tambi\u00e9n el \u201caprender en equipo\u201d , lo que s\u00e9 es de todos, lo comparto y adem\u00e1s siempre aprendo de mis compa\u00f1eras y compa\u00f1eros. Mi \u00e9xito no es completo si no es \u00e9xito entre todos. Ese es el perfil profesional que da seguridad cara al futuro. Esa es la actitud que mejora la calidad educativa de un pa\u00eds. <\/span><\/p>\n<p>EXPONEMOS A CONTINUACI\u00d3N EL ARTICULO PUBLICADO EN EL CONFIDENCIAL DONDE <a title=\"Tribuna\" href=\"https:\/\/blogs.elconfidencial.com\/alma-corazon-vida\/tribuna\/\">H\u00e9CTOR G. BARN\u00e9S<\/a> PLANTEA QUE PUEDE SRR UNA MALA NOTICIA YA QUE COMO \u00c9L DICE :\u00bb <em>este premio bienintencionado \u2013que promete \u201creconocimiento de sus logros a nivel nacional e internacional\u201d\u2013 dice poco del estado de la docencia en un pa\u00eds determinado, hace poco por mejorar las <a href=\"https:\/\/www.elconfidencial.com\/alma-corazon-vida\/2016-07-14\/drama-profesores-interinos-parados-vacaciones_1232995\/\" target=\"_self\">condiciones materiales<\/a> del resto de profesores e incluso puede ser contraproducente si termina dando pie a <b>una <\/b><b>nueva<\/b><b> cultura del profesor estrella<\/b>.\u00bb<\/em><\/p>\n<hr \/>\n<p><em>Un espa\u00f1ol puede convertirse en el mejor &#8216;profe&#8217; del mundo, y quiz\u00e1 sea mala noticia<\/em><\/p>\n<p><em>Hemos colado a tres candidatos al premio en los \u00faltimos a\u00f1os, pero algunos docentes temen que estemos a las puertas de la era del docente estrella y la competici\u00f3n en las aulas<\/em><\/p>\n<p>&nbsp;<\/p>\n<p style=\"text-align: justify;\"><em>El pr\u00f3ximo mes de marzo, conoceremos cu\u00e1l es el \u201cmejor profesor del mundo\u201d. O, mejor dicho, el ganador del Global Teacher Prize, el galard\u00f3n otorgado por la Fundaci\u00f3n Varkey que desde hace cuatro ediciones reconoce al docente m\u00e1s sobresaliente del planeta. Entre los 50 candidatos figura el profesor gaditano de 42 a\u00f1os <b>Xuxo Ruiz<\/b>, que imparte clase en el colegio p\u00fablico San Sebasti\u00e1n de Albaida del Aljarafe (Sevilla) y es autor de &#8216;Educando con magia&#8217;. Lo que le diferencia de otros aspirantes es lo que \u00e9l denomina \u201cmagiasterio\u201d: desde que comenz\u00f3 a impartir clase, a finales de los 90, ha utilizado<b> la magia como una herramienta de ense\u00f1anza<\/b>, motivaci\u00f3n y resoluci\u00f3n de conflictos.<\/em><\/p>\n<p style=\"text-align: justify;\"><em>Otro a\u00f1o m\u00e1s, los espa\u00f1oles estamos de enhorabuena. En la edici\u00f3n de 2017 fue <b>David Calle<\/b>, el profesor &#8216;youtuber&#8217;, quien aspir\u00f3 a alzarse con el premio. En 2015, fue el hoy en d\u00eda muy c\u00e9lebre <b>C\u00e9sar Bona<\/b> quien opt\u00f3 al mill\u00f3n de euros que entrega la cadena de colegios privados. Tres profesores espa\u00f1oles en cuatro a\u00f1os. No est\u00e1 nada mal. Sin embargo, <strong>este premio bienintencionado \u2013que promete \u201creconocimiento de sus logros a nivel nacional e internacional\u201d\u2013 dice poco del estado de la docencia en un pa\u00eds determinado, hace poco por mejorar las condiciones materiales del resto de profesores e incluso puede ser contraproducente si termina dando pie a<\/strong> <b>una <\/b><b>nueva<\/b><b> cultura del profesor estrella<\/b>.<\/em><\/p>\n<h3 style=\"text-align: justify;\"><em><span class=\"summary block-summary\">\u00bfEs necesario convertir un servicio p\u00fablico cuyo objetivo es formar personas en un espect\u00e1culo y una competici\u00f3n invididual?<\/span><\/em><\/h3>\n<p style=\"text-align: justify;\"><em>El camino al infierno est\u00e1 asfaltado de buenas intenciones. No dudo de la capacidad como profesores de nuestros candidatos espa\u00f1oles: he entrevistado a dos de ellos \u2013Bona y Calle\u2013 y me resultan cre\u00edbles, enamorados de su actividad y considero que, cada uno a su manera, han resultado de gran ayuda a sus alumnos, sea en un aula o a trav\u00e9s de internet, como ocurre con el madrile\u00f1o. No obstante, sospecho que suponen una excepci\u00f3n que puede contribuir a dar una imagen equivocada de en qu\u00e9 consiste la docencia y su trabajo diario, generalmente, <b>una labor de hormiga paciente<\/b>, enfrentada a retos cotidiano, casi triviales vistos desde fuera, y realizada en equipo junto al resto del claustro, que nada tiene que ver con un galard\u00f3n individual. Es posible que muestren el camino de la modernizaci\u00f3n del profesor, pero esa cada vez parece m\u00e1s lejos de los m\u00e1s de 600.000 profesores espa\u00f1oles que naufragan entre programaciones, burocracia y sabotaje legislativos varios.<\/em><\/p>\n<div class=\"articlephoto news-body-fig\" style=\"text-align: justify;\">\n<figure class=\"news-img-figure\"><em><img data-recalc-dims=\"1\" loading=\"lazy\" decoding=\"async\" class=\"news-img-def \" src=\"https:\/\/i0.wp.com\/www.ecestaticos.com\/image\/clipping\/939\/77e450b74d32fe3b81105d4d69762a7b\/gra016-madrid-18-10-2015-fotografia-facilitada-por-unicoos-david-calle-lanzo-en-2011-unicoos-el-canal-de-youtube-que-a-dia-de-hoy-contiene-mas-de-600-videos-para-resolver-problemas-de-matematicas-fisica-quimica-y-tecnologia-de-eso-bachillerato-y-primeros-cursos-universitarios-y-a-finales-de-2014-creo-su-web-gratuita-unicoos-com-que-cuenta-ya-con-67-millones-de-visitas-con-la-idea-de-convertirla-en-la-academia-online-de-ciencias-en-habla-hispanafotos-en-una-entrevista-con-efe-este-docente-que-no-cree-en-absoluto-en-los-informes-pisa-recomienda-a-los-alumnos-que-sean-positivos-desde-el-primer-dia-de-curso-que-piensen-que-si-no-se-esfuerzan-al-maximo-nunca-sabran-hasta-donde-pueden-llegar-ni-cuales-son-sus-limites-y-que-recuerden-que-la-vida-es-un-continuo-ejercicio-de-caerse-y-volverse-a-levantar-efe-solo-uso-editorial.jpg?resize=640%2C393&#038;ssl=1\" alt=\"David Calle opt\u00f3 al premio en la edici\u00f3n de 2015. (Efe\/Unicoos)\" width=\"640\" height=\"393\" \/><\/em><figcaption class=\"news-img-caption-def\"><em>David Calle opt\u00f3 al premio en la edici\u00f3n de 2015. (Efe\/Unicoos)<\/em><\/figcaption><\/figure>\n<\/div>\n<p style=\"text-align: justify;\"><em>s<\/em><\/p>\n<p style=\"text-align: justify;\"><em>A medida que pasan los a\u00f1os, son cada vez m\u00e1s los docentes que muestran sus reservas sobre el premio, cuando no directamente se lo toman de forma, ejem, ir\u00f3nica. Algunos de ellos objetan, por ejemplo, que Calle, es un profesor \u201cvirtual\u201d que no pisa el aula; otros temen que de repente estas nuevas figuras se conviertan en el rasero por el que ser\u00e1 juzgado su trabajo. Es l\u00f3gico preguntarse si es necesario convertir un servicio p\u00fablico cuyo objetivo es formar y educar a los ni\u00f1os en un espect\u00e1culo y una competici\u00f3n. Si se desprecia el Bal\u00f3n de Oro porque se trata de un premio individual en un deporte en equipo, \u00bfpor qu\u00e9 aceptar un equivalente en el mundo del profesorado, que desde luego no es una competici\u00f3n, por mucho que sus galardonados nos parezcan meritorios? \u00bfY si debajo de esta reivindicaci\u00f3n hubiese <b>una redefinici\u00f3n (<\/b><b>interesada<\/b><b>) del rol del profesor<\/b>?<\/em><\/p>\n<h4 style=\"text-align: justify;\"><em>Cuando todo es un &#8216;talent show&#8217;<\/em><\/h4>\n<p style=\"text-align: justify;\"><em>Hoy, uno puede poner la tele y ver competiciones con un toque de &#8216;reality&#8217; en cualquier profesi\u00f3n. Todo comenz\u00f3 con la m\u00fasica a la manera de la academia de talentos, pero ya no hay campo que potencialmente no pueda convertirse en un &#8216;talent show&#8217;. La cocina, obviamente, pero tambi\u00e9n otras dedicaciones &#8216;cool&#8217; como el emprendimiento\u2026 o los propios profesores, a trav\u00e9s de la excusa de la \u201cinnovaci\u00f3n\u201d. Quiz\u00e1 no falte mucho para que estrenen <b>un concurso para encontrar al mejor m\u00e9dico de cabecera<\/b>, al conductor de autobuses m\u00e1s eficiente, al barrendero m\u00e1s carism\u00e1tico o el bombero m\u00e1s vanguardista. Es una reducci\u00f3n al absurdo, pero que nos recuerda que quiz\u00e1 no todo deba convertirse en una competici\u00f3n.<\/em><\/p>\n<p style=\"text-align: justify;\"><em><span class=\"summary block-summary\">El esfuerzo del profesor suele reconocerse con el tiempo, cuando ha dejado su huella en distintas generaciones. Es un trabajo \u00edntimo, de hormiguita<\/span><\/em><\/p>\n<p style=\"text-align: justify;\"><em>Detr\u00e1s de este cambio de paradigma se encuentra un paso m\u00e1s de <b>la espectacularizaci\u00f3n de todos los aspectos de nuestra vida<\/b>, desde nuestras costumbres sexuales hasta los h\u00e1bitos de consumo pasando por el empleo. Este ya no es una actividad m\u00e1s o menos agradable y vocacional por la que a cambio de una remuneraci\u00f3n mensual mejoramos nuestra comunidad, sino parte consustancial de nuestra identidad gracias a la cual podemos disfrutar del aplauso inmediato y el reconocimiento \u00a1internacional! de nuestros iguales. Pero la de profesor, como la mayor\u00eda de profesiones, es una labor an\u00f3nima e \u00edntima, y no hay nada malo en que sea as\u00ed. El maestro de <b>Albert Camus<\/b> no es c\u00e9lebre por haber dado clase al Nobel, sino sobre todo por los \u201cesfuerzos, trabajo y coraz\u00f3n generoso\u201d que quiso reivindicar el autor de &#8216;La peste&#8217;.<\/em><\/p>\n<p style=\"text-align: justify;\"><em>Porque, \u00bfqu\u00e9 demonios significa que alguien sea el mejor profesor del mundo? \u00bfQue ha conseguido que sus alumnos adquieran una gran cantidad de conocimiento y que saquen buenas notas, que ha dado una oportunidad de formarse a estudiantes que de otra manera estar\u00edan destinados al fracaso o que, despu\u00e9s de d\u00e9cadas y d\u00e9cadas de ejercicio, sea recordado por sus alumnos con cari\u00f1o y respeto que quiz\u00e1 emergieron a lo largo del tiempo, a\u00f1os despu\u00e9s de abandonar el colegio? Ninguna de estas cosas es inmediata: el verdadero reconocimiento de un profesor se produce a largo plazo. Hace unos d\u00edas se viraliz\u00f3 <b>la emocionante despedida que los compa\u00f1eros de<\/b> <b>Agust\u00edn Moreno<\/b>, antiguo profesor en un colegio de Vallecas y veterano sindicalista, le dedicaron. Ese quiz\u00e1 sea un buen Global Teacher Prize.<\/em><\/p>\n<p style=\"text-align: justify;\"><em>Lo que muchos docentes sienten es que la labor de estos otros profesores estrella no se parece en nada a su labor diaria, de igual manera que el Premio Pulitzer es para la mayor\u00eda de periodistas una entelequia. En la mayor\u00eda de casos, los ganadores suelen serlo por razones excepcionales \u2013<b>Hanan<\/b><b> Al Hroub<\/b> es una profesora palestina que da clase en Cisjordania, <b>Maggie MacDonnell<\/b> ha trabajado en una peque\u00f1a y conflictiva escuela rural inuit del \u00c1rtico\u2013 o por su capacidad innovadora (como la canadiense <b>Nancie Atwell<\/b>) lo que sugiere que la labor oscura, diaria y poco llamativa de la mayor parte de profesores no es susceptible de obtener el galard\u00f3n. Es otra frustrante divisi\u00f3n para un trabajo poco reconocido: est\u00e1<b> la an\u00f3nima masa gris y la \u00e9lite hipermotivada y superinnovadora<\/b>.<\/em><\/p>\n<h4 style=\"text-align: justify;\"><em>Una comercializaci\u00f3n sutil<\/em><\/h4>\n<p style=\"text-align: justify;\"><em>No hay que perder de vista qu\u00e9 clase de organizaciones est\u00e1n detr\u00e1s de este proyecto, o de otros semejantes llevados a cabo en nuestro pa\u00eds. Como ya explicamos en su d\u00eda, la Fundaci\u00f3n Varkey es propietaria de<b> una de las grandes cadenas <\/b><b>globales<\/b><b> de colegios privados<\/b>, con 130 centros repartidos en 20 pa\u00edses. Seg\u00fan &#8216;Forbes&#8217;, el patrimonio de <b>Sunny Varkey<\/b>, su presidente, ronda los 2.100 millones de d\u00f3lares. El premio, no obstante, intenta recordar que la de docente es \u201cla profesi\u00f3n m\u00e1s importante del mundo\u201d. Pero \u00bfqu\u00e9 clase de profesor?<\/em><\/p>\n<p style=\"text-align: justify;\"><em><span class=\"summary block-summary\">\u00bfQu\u00e9 mejor que crear una \u00e9lite del profesorado como reclamo comercial en un entorno de creciente competitividad en la formaci\u00f3n privada?<\/span><\/em><\/p>\n<p style=\"text-align: justify;\"><em>A muchos docentes les sonar\u00e1 la reivindicaci\u00f3n del millonario, que explica que decidi\u00f3 otorgar el premio tras comprobar que \u201cla imagen y el respeto por los profesores se encontraba en declive\u201d. Sin embargo, los rasgos de los finalistas de las econom\u00edas desarrolladas se encuentran m\u00e1s cercanos a una nueva estirpe de docentes con valor a\u00f1adido que al antiguo canon del profesor tradicional, que asum\u00eda que su labor era forzosamente local. Que este no hiciese Innovaci\u00f3n con may\u00fascula \u2013o que no publicase libros con sus experiencias, o que no las conceptualizase para exponerlas en una bien pagada conferencia\u2013 no quer\u00eda decir que no innovase; tan solo, que la herramientas que improvisaba no eran homologables a un M\u00e9todo Definitivo\u2122. <b>El importante era el alumno, no el profesor<\/b>.<\/em><\/p>\n<p style=\"text-align: justify;\"><em>Si hay alguien a quien le interese que ese foco cambie quiz\u00e1 sea la educaci\u00f3n privada, que no se circunscribe a los colegios de pago, sino que abarca cursos online, academias, m\u00e1steres y toda es industria de la formaci\u00f3n que <b>ahuyenta los fantasmas del paro <\/b><b>a cambio de un pu\u00f1ado de euros<\/b>. \u00bfQu\u00e9 mejor que crear una \u00e9lite del profesorado para tener un reclamo comercial id\u00f3neo en un entorno de creciente competitividad, alguien con un m\u00e9todo \u00fanico e intransferible que atraiga a cientos de potenciales clientes? Nada que ver con el papel cercano que sol\u00edan jugar los profesores en un pasado no tan lejano, valorados por formar parte de la misma comunidad en la que crec\u00edan los ni\u00f1os. Un colaborador diario con quien poder hablar, no una estrella de la televisi\u00f3n.<\/em><\/p>\n<article class=\"article-related h-related\" data-related-analytic-event=\"\">\n<figure class=\"figure-related\"><em><img data-recalc-dims=\"1\" loading=\"lazy\" decoding=\"async\" class=\"img-related-preview\" src=\"https:\/\/i0.wp.com\/www.ecestaticos.com\/imagestatic\/clipping\/8ff\/de9\/8ffde98168fa4befb4610e066d841afb\/la-mentira-de-los-tres-meses-de-vacaciones-de-los-profesores-y-lo-que-de-verdad-oculta.jpg?resize=483%2C271&#038;ssl=1\" width=\"483\" height=\"271\" \/><\/em><\/figure>\n<div class=\"text-related\"><em>\u00a0<\/em><\/div>\n<\/article>\n<p style=\"text-align: justify;\"><em>Estos recog\u00edan el fruto de sus esfuerzos a lo largo del tiempo. A veces, a fin de trimestre o de curso. A menudo, pasadas las d\u00e9cadas, cuando se reencontraban con esos alumnos ya adultos que reconoc\u00edan que, a pesar de las broncas y los castigos, <b>se hab\u00edan convertido en quien eran gracias a ellos<\/b>. Lo confieso, mi padre tambi\u00e9n era profesor \u2013y mi madre, pero esa es otra historia\u2013, y durante el \u00faltimo a\u00f1o, gracias a los misterios de las redes sociales, decenas de sus antiguos alumnos se han puesto en contacto conmigo con el objetivo de que le transmitiese sus saludos, record\u00e1ndole como uno de los mejores profesores que tuvieron nunca. Quiz\u00e1 nunca habr\u00eda podido aspirar al Global Teacher Prize, pero estoy seguro de que su trabajo dej\u00f3 una entra\u00f1able huella. Qui\u00e9n necesita m\u00e1s.<\/em><\/p>\n<hr \/>\n<p>https:\/\/blogs.elconfidencial.com\/alma-corazon-vida\/tribuna\/2018-01-06\/espanol-mejor-profesor-mundo_1501669\/?utm_source=facebook&#038;utm_medium=social&#038;utm_campaign=BotoneraWeb<\/p>\n","protected":false},"excerpt":{"rendered":"<p>Sin lugar a duda se necesitan muy buenos docente, pero ser buen docente es necesario,&#8230;<\/p>\n","protected":false},"author":1,"featured_media":20713,"comment_status":"closed","ping_status":"closed","sticky":false,"template":"","format":"standard","meta":{"_coblocks_attr":"","_coblocks_dimensions":"","_coblocks_responsive_height":"","_coblocks_accordion_ie_support":"","jetpack_post_was_ever_published":false,"_jetpack_newsletter_access":"","_jetpack_dont_email_post_to_subs":false,"_jetpack_newsletter_tier_id":0,"_jetpack_memberships_contains_paywalled_content":false,"_jetpack_memberships_contains_paid_content":false,"footnotes":"","jetpack_publicize_message":"","jetpack_publicize_feature_enabled":true,"jetpack_social_post_already_shared":false,"jetpack_social_options":{"image_generator_settings":{"template":"highway","default_image_id":0,"enabled":false},"version":2}},"categories":[187,186,3130,44,15],"tags":[3524,4541,1482],"class_list":["post-20712","post","type-post","status-publish","format-standard","has-post-thumbnail","hentry","category-centros-educativos","category-instituciones","category-opinion-de-juan-de-dios-fernandez","category-noticias-de-hoy","category-ultimas-noticias","tag-competitividad","tag-profesor-estrella","tag-profesorado"],"jetpack_publicize_connections":[],"jetpack_featured_media_url":"https:\/\/i0.wp.com\/miradordeatarfe.es\/wp-content\/uploads\/2018\/01\/imagen-sin-titulo-1.jpg?fit=996%2C560&ssl=1","jetpack_likes_enabled":true,"jetpack_sharing_enabled":true,"_links":{"self":[{"href":"https:\/\/miradordeatarfe.es\/index.php?rest_route=\/wp\/v2\/posts\/20712","targetHints":{"allow":["GET"]}}],"collection":[{"href":"https:\/\/miradordeatarfe.es\/index.php?rest_route=\/wp\/v2\/posts"}],"about":[{"href":"https:\/\/miradordeatarfe.es\/index.php?rest_route=\/wp\/v2\/types\/post"}],"author":[{"embeddable":true,"href":"https:\/\/miradordeatarfe.es\/index.php?rest_route=\/wp\/v2\/users\/1"}],"replies":[{"embeddable":true,"href":"https:\/\/miradordeatarfe.es\/index.php?rest_route=%2Fwp%2Fv2%2Fcomments&post=20712"}],"version-history":[{"count":4,"href":"https:\/\/miradordeatarfe.es\/index.php?rest_route=\/wp\/v2\/posts\/20712\/revisions"}],"predecessor-version":[{"id":20741,"href":"https:\/\/miradordeatarfe.es\/index.php?rest_route=\/wp\/v2\/posts\/20712\/revisions\/20741"}],"wp:featuredmedia":[{"embeddable":true,"href":"https:\/\/miradordeatarfe.es\/index.php?rest_route=\/wp\/v2\/media\/20713"}],"wp:attachment":[{"href":"https:\/\/miradordeatarfe.es\/index.php?rest_route=%2Fwp%2Fv2%2Fmedia&parent=20712"}],"wp:term":[{"taxonomy":"category","embeddable":true,"href":"https:\/\/miradordeatarfe.es\/index.php?rest_route=%2Fwp%2Fv2%2Fcategories&post=20712"},{"taxonomy":"post_tag","embeddable":true,"href":"https:\/\/miradordeatarfe.es\/index.php?rest_route=%2Fwp%2Fv2%2Ftags&post=20712"}],"curies":[{"name":"wp","href":"https:\/\/api.w.org\/{rel}","templated":true}]}}