{"id":2073,"date":"2015-05-31T06:37:06","date_gmt":"2015-05-31T06:37:06","guid":{"rendered":"http:\/\/miradordeatarfe.es\/?p=2073"},"modified":"2015-06-01T07:58:24","modified_gmt":"2015-06-01T07:58:24","slug":"premio-mariana-pineda-para-la-federacion-de-asociaciones-mariana-pineda","status":"publish","type":"post","link":"https:\/\/miradordeatarfe.es\/?p=2073","title":{"rendered":"Premio \u00abMARIANA PINEDA \u00bb para la Federaci\u00f3n de Asociaciones Mariana Pineda"},"content":{"rendered":"<p>Como Presidenta de la Federaci\u00f3n Provincial de Asociaciones de Mujeres Mar\u00eda Lejarraga, quiero empezar dando las gracias a todas las personas, entidades por el esfuerzo y apoyo que han hecho posible que la Federaci\u00f3n de Mujeres \u201cMar\u00eda Lejarraga, haya recibido el premio Mariana de Pineda \u201ca la Igualdad entre Mujeres y Hombres, que para nosotras es un honor.<!--more--><\/p>\n<p>Un agradecimiento muy especial a las anteriores presidentas, como a la junta directiva y a todas las Asociaciones que componen la Federaci\u00f3n Mar\u00eda Lejarraga, as\u00ed como a las personas que nos apoyan y creen en nosotras.<\/p>\n<p>Tambi\u00e9n quiero hacer una referencia aunque sea muy r\u00e1pidamente, a aquellas mujeres que nos precedieron y nos ense\u00f1aron una forma de estar en la vida diferente, como Mariana de Pineda que da nombre al premio que hoy recibimos, un premio que otorga el Ayuntamiento de Granada a trav\u00e9s de la Concejal\u00eda de Igualdad de Oportunidades y en colaboraci\u00f3n del Consejo Municipal de la Mujer, un reconocimiento p\u00fablico a la labor desarrollada por nuestra entidad.<\/p>\n<p>Una entidad que comenz\u00f3 su andadura oficial en 1997, con una ambiciosa idea b\u00e1sica Trabajar por la consecuci\u00f3n de igualdad de oportunidades en todos los \u00e1mbitos de la vida p\u00fablica y privada. Facilitar la integraci\u00f3n de la mujer con discapacidad, en la sociedad: cultural, deportivo, laboral, de salud, educativo y Promover los intereses de las mujeres que viven en Granada y Provincia, con especial atenci\u00f3n a las que sufren doble marginaci\u00f3n, incluyendo inmigrantes, minor\u00edas \u00e9tnicas, v\u00edctimas de malos tratos y grupos sociales vulnerables<strong>. <\/strong>As\u00ed como rescatar a mujeres del olvido, rescatar del olvido nuestra historia y potenciar el encuentro entre las mujeres con nuestros Hermanamientos Mujeres por la Libertad. Se eligi\u00f3 el nombre de Mar\u00eda Lej\u00e1rraga por considerar que Granada y sus mujeres ten\u00edan una deuda con la primera mujer que nos represent\u00f3 a nivel pol\u00edtico, como diputada por el Partido Socialista en Granada a Cortes el 19 de Noviembre de 1933,<\/p>\n<p>La Igualdad no puede ser como el Horizonte que cuando caminamos hacia \u00e9l se aleja, la Igualdad entre hombres y Mujeres debemos conquistarla entre todas y todos.<\/p>\n<p>Hoy 26 de Mayo se cumplen 184 a\u00f1os de la Muerte de Mariana de Pineda y que d\u00eda mejor que recibir el premio que lleva su nombre el de esta hero\u00edna que fue condenada a muerte por defender la Igualdad y la Libertad.<\/p>\n<p>El 4 de mayo de 1931 tuvo lugar una conferencia en el Ateneo de Madrid en el centenario de la muerte de Mariana de Pineda donde dec\u00eda Mar\u00eda Lejarraga con palabras de Clara Campoamor:<\/p>\n<p>Solo hoy creemos que la libertad que tu anunciantes horas antes e tu muerte puede llegar a Espa\u00f1a, y en su espera te invocamos hoy en la hora henchida de esperanza de triunfo, para pedir a tu esp\u00edritu, cuyo recuerdo no morir\u00e1 nunca en Espa\u00f1a, que todo lo que contigo marchaba al cadalso en la madrugada del 26 de mayo, el valor, la fe, la autoridad, la dignidad, el amor inmenso a la libertad, se imponga como tu s\u00edmbolo imperecedero, a todos los cerebros y corazones espa\u00f1oles\u2026<\/p>\n<p>Esto \u00faltimo es de Clara Campoamor \u201cEl s\u00edmbolo Inmortal. Mariana de Pineda\u201d La Libertad pero lo ley\u00f3 ese d\u00eda Mar\u00eda Lejarraga<\/p>\n","protected":false},"excerpt":{"rendered":"<p>Como Presidenta de la Federaci\u00f3n Provincial de Asociaciones de Mujeres Mar\u00eda Lejarraga, quiero empezar dando&#8230;<\/p>\n","protected":false},"author":1,"featured_media":2074,"comment_status":"closed","ping_status":"closed","sticky":false,"template":"","format":"standard","meta":{"_coblocks_attr":"","_coblocks_dimensions":"","_coblocks_responsive_height":"","_coblocks_accordion_ie_support":"","jetpack_post_was_ever_published":false,"_jetpack_newsletter_access":"","_jetpack_dont_email_post_to_subs":false,"_jetpack_newsletter_tier_id":0,"_jetpack_memberships_contains_paywalled_content":false,"_jetpack_memberships_contains_paid_content":false,"footnotes":"","jetpack_publicize_message":"","jetpack_publicize_feature_enabled":true,"jetpack_social_post_already_shared":false,"jetpack_social_options":{"image_generator_settings":{"template":"highway","default_image_id":0,"enabled":false},"version":2}},"categories":[15],"tags":[41,21,19],"class_list":["post-2073","post","type-post","status-publish","format-standard","has-post-thumbnail","hentry","category-ultimas-noticias","tag-feminismo","tag-igualdad","tag-mujeres"],"jetpack_publicize_connections":[],"jetpack_featured_media_url":"https:\/\/i0.wp.com\/miradordeatarfe.es\/wp-content\/uploads\/2015\/05\/IMG-20150526-WA0004.jpg?fit=1280%2C720&ssl=1","jetpack_likes_enabled":true,"jetpack_sharing_enabled":true,"_links":{"self":[{"href":"https:\/\/miradordeatarfe.es\/index.php?rest_route=\/wp\/v2\/posts\/2073","targetHints":{"allow":["GET"]}}],"collection":[{"href":"https:\/\/miradordeatarfe.es\/index.php?rest_route=\/wp\/v2\/posts"}],"about":[{"href":"https:\/\/miradordeatarfe.es\/index.php?rest_route=\/wp\/v2\/types\/post"}],"author":[{"embeddable":true,"href":"https:\/\/miradordeatarfe.es\/index.php?rest_route=\/wp\/v2\/users\/1"}],"replies":[{"embeddable":true,"href":"https:\/\/miradordeatarfe.es\/index.php?rest_route=%2Fwp%2Fv2%2Fcomments&post=2073"}],"version-history":[{"count":1,"href":"https:\/\/miradordeatarfe.es\/index.php?rest_route=\/wp\/v2\/posts\/2073\/revisions"}],"predecessor-version":[{"id":2075,"href":"https:\/\/miradordeatarfe.es\/index.php?rest_route=\/wp\/v2\/posts\/2073\/revisions\/2075"}],"wp:featuredmedia":[{"embeddable":true,"href":"https:\/\/miradordeatarfe.es\/index.php?rest_route=\/wp\/v2\/media\/2074"}],"wp:attachment":[{"href":"https:\/\/miradordeatarfe.es\/index.php?rest_route=%2Fwp%2Fv2%2Fmedia&parent=2073"}],"wp:term":[{"taxonomy":"category","embeddable":true,"href":"https:\/\/miradordeatarfe.es\/index.php?rest_route=%2Fwp%2Fv2%2Fcategories&post=2073"},{"taxonomy":"post_tag","embeddable":true,"href":"https:\/\/miradordeatarfe.es\/index.php?rest_route=%2Fwp%2Fv2%2Ftags&post=2073"}],"curies":[{"name":"wp","href":"https:\/\/api.w.org\/{rel}","templated":true}]}}