{"id":20742,"date":"2018-01-11T11:04:24","date_gmt":"2018-01-11T10:04:24","guid":{"rendered":"http:\/\/miradordeatarfe.es\/?p=20742"},"modified":"2018-01-10T16:11:01","modified_gmt":"2018-01-10T15:11:01","slug":"que-perfil-docente-pide-el-siglo-xxi-por-juan-de-dios-fernandez","status":"publish","type":"post","link":"https:\/\/miradordeatarfe.es\/?p=20742","title":{"rendered":"\u00bfQU\u00c9 PERFIL DOCENTE PIDE EL SIGLO XXI? por Juan de Dios Fernandez"},"content":{"rendered":"<p style=\"text-align: justify;\"><span lang=\"es-ES\">Todos conocemos el dicho africano \u201c<\/span><span lang=\"es-ES\"><i>Para educar a un ni\u00f1o hace falta toda la tribu<\/i><\/span><span lang=\"es-ES\">\u201d. Pues eso hay que aplicarlo a los centros\u2026 \u201c<\/span><span lang=\"es-ES\"><i>Para educar a ni\u00f1os y ni\u00f1as hace falta todo el colegio<\/i><\/span><span lang=\"es-ES\">\u201d<\/span><!--more--><\/p>\n<p style=\"text-align: justify;\"><span lang=\"es-ES\">Ya hemos hablado en otros art\u00edculos del cambio necesario en la formaci\u00f3n del alumnado para afrontar el futuro que les espera, el trabajar en el centro educativo no tanto para memorizar como para hacerles \u201ccompetentes\u201d para afrontar un mundo en constante cambio, un mundo que les va a obligar a estar \u201c<\/span><span lang=\"es-ES\"><i>aprendiendo a lo largo de la vida<\/i><\/span><span lang=\"es-ES\">\u201d. Ha de cambiar el \u201c<\/span><span lang=\"es-ES\"><i>qu\u00e9 ense\u00f1ar<\/i><\/span><span lang=\"es-ES\">\u201d y por tanto tambi\u00e9n <\/span><span lang=\"es-ES\"><i>ha de cambiar<\/i><\/span><span lang=\"es-ES\"> el \u201c<\/span><span lang=\"es-ES\"><i>c\u00f3mo ense\u00f1ar<\/i><\/span><span lang=\"es-ES\">\u201d y el \u201c<\/span><span lang=\"es-ES\"><i>c\u00f3mo organizarse el profesorado<\/i><\/span><span lang=\"es-ES\">\u201d.<\/span><\/p>\n<p style=\"text-align: justify;\"><span lang=\"es-ES\">A nuestras hijas e hijos les dan clase varios profesores y profesoras a la vez, a lo largo de su vida de estudiantes son muchas y muchos los que influyen en su formaci\u00f3n, por tanto no necesitan tener un o una buena profesora o profesor, lo que necesitan es tener un buen equipo de docentes, mejor dicho, unos buenos equipos de docentes a lo largo de su vida acad\u00e9mica. Buenos equipos docentes formados por buenos y buenas docentes, pero que tengan claro el trabajo en equipo, pero equipo colaborativo, que cada uno y una se sienta responsable del \u00e9xito y trabajo de todos y todas. Hablamos de un perfil individual con vocaci\u00f3n colectiva, que construyan buenos centros educativos, docentes que conformen \u201cun equipo de trabajo que ense\u00f1en y aprendan juntos\u201d<\/span><\/p>\n<p style=\"text-align: justify;\"><span lang=\"es-ES\">\u00bfC\u00f3mo ha de ser ese \u201cperfil individual con vocaci\u00f3n colectiva? Pues est\u00e1 estudiado y contrastado cient\u00edficamente. Creo que ese es el gran reto actual del sistema educativo, ayudar al profesorado a desarrollar sus \u201cCapacidades Profesionales Docentes\u201d, pero no de manera individualista, sino con compromiso colectivo. <\/span><\/p>\n<p style=\"text-align: justify;\"><span lang=\"es-ES\">Veamos cuales han de ser esas Capacidades Profesionales de cada docente para poder tener buenos centros educativos, que es lo que dar\u00e1 calidad al sistema y buenos resultados a toda la poblaci\u00f3n. Esas capacidades profesionales son:<\/span><\/p>\n<ul style=\"text-align: justify;\">\n<li><span lang=\"es-ES\">Unas buenas <\/span><span lang=\"es-ES\"><i>capacidades profesionales individuales. <\/i><\/span><span lang=\"es-ES\">Ha saber qu\u00e9 ense\u00f1ar y c\u00f3mo ense\u00f1ar, han de saber tratar con respeto, dignidad y autoridad democr\u00e1tica al alumnado, saber comprobar que el alumnado adquiere aprendizajes potentes y duraderos (evaluar)\u2026 y muchas cosas m\u00e1s.<\/span><\/li>\n<li><span lang=\"es-ES\">Una adecuada <\/span><span lang=\"es-ES\"><i>capacidad institucional<\/i><\/span><span lang=\"es-ES\">. Ha de conocer la normativa educativa y que el centro, en su Proyecto educativo y en su Reglamento de Organizaci\u00f3n, recoja modelos de trabajo adecuados y oriente al profesorado hacia su puesta en pr\u00e1ctica, as\u00ed como facilite las relaciones con toda la comunidad educativa y el entorno.<\/span><\/li>\n<li><span lang=\"es-ES\">Tener <\/span><span lang=\"es-ES\"><i>capacidad para gestionar el nuevo conocimiento.<\/i><\/span><span lang=\"es-ES\"> Estar en constante actitud de aprender, de desarrollo profesional, pero de forma integradora, reajustando sus modelos de trabajo, actualiz\u00e1ndolos, incorporando lo nuevo y aprovechando lo valioso de lo anterior.<\/span><\/li>\n<li><span lang=\"es-ES\">Tener una <\/span><span lang=\"es-ES\"><i>buena cultura docente de centro<\/i><\/span><span lang=\"es-ES\">. Tener un concepto de centro que pivote sobre dos grandes principios: <\/span><span lang=\"es-ES\"><i>colegialidad e inclusi\u00f3n<\/i><\/span><span lang=\"es-ES\">. <\/span><\/li>\n<\/ul>\n<p style=\"text-align: justify;\"><span lang=\"es-ES\"><i>Colegialidad<\/i><\/span><span lang=\"es-ES\">, ser consciente que el centro es un espacio de trabajo y aprendizaje conjunto, que yo no tendr\u00e9 \u00e9xito hasta que lo tengamos todos, que lo que yo s\u00e9 no es m\u00edo, est\u00e1 al servicio de todos, que he de aprender constantemente de mis compa\u00f1eras y compa\u00f1eros y con ellos. Que el colegio ha de ser una \u201ccomunidad profesional de aprendizaje\u201d. <\/span><\/p>\n<p style=\"text-align: justify;\"><span lang=\"es-ES\"><i>Inclusi\u00f3n,<\/i><\/span><span lang=\"es-ES\"> que el centro ha de tener compromiso con el aprendizaje de todos y cada uno y una de los alumnos y alumnas. Pero que ese aprendizaje de todos ha de ser lo m\u00e1s juntos posible, no separados por categor\u00edas, aprendiendo cooperativamente, conjuntamente, solidariamente. No olvidemos que la escuela es \u201cun enjambre de aprendizaje y socializaci\u00f3n, en ning\u00fan otro lugar se est\u00e1 tanto tiempo, tan junto con tanta gente que uno no ha elegido\u201d (ver articulo 4). Este es el mayor valor de la escuela y lo que m\u00e1s va a prepararles para afrontar el futuro.<\/span><\/p>\n<p style=\"text-align: justify;\"><span lang=\"es-ES\">En ello estamos comprometidos un importante grupo de docentes a nivel nacional (Proyecto Atl\u00e1ntida), con una buena representaci\u00f3n en Granada y Atarfe.<\/span><\/p>\n<p><span style=\"font-size: small;\"><span lang=\"es-ES\">Para saber m\u00e1s:<\/span><\/span><\/p>\n<p><a name=\"_GoBack\"><\/a><span style=\"font-size: small;\"><span lang=\"es-ES\">Jos\u00e9 Moya, Proyecto Atl\u00e1ntida, conferencia de 30mn. <a href=\"https:\/\/www.youtube.com\/watch?v=MjC3-S0UpZ0\">https:\/\/www.youtube.com\/watch?v=MjC3-S0UpZ0<\/a> (mn 15\u2026)<\/span><\/span><\/p>\n<p><span style=\"color: #222222;\"><span style=\"font-size: small;\">Perrenoud, P. (2005). Diez nuevas competencias para ense\u00f1ar.\u00a0<\/span><\/span><span style=\"color: #222222;\"><span style=\"font-size: small;\"><i>Educatio Siglo XXI<\/i><\/span><\/span><span style=\"color: #222222;\"><span style=\"font-size: small;\">,\u00a0<\/span><\/span><span style=\"color: #222222;\"><span style=\"font-size: small;\"><i>23<\/i><\/span><\/span><span style=\"color: #222222;\"><span style=\"font-size: small;\">, 223-229. <\/span><\/span><a href=\"https:\/\/scholar.google.es\/scholar?hl=es&amp;as_sdt=0%2C5&amp;q=las+10+nuevas+competencia+CONCHA+CARBAJO+MART%C3%8DNEZ%2C&amp;btnG\"><span style=\"font-size: small;\">https:\/\/scholar.google.es\/scholar?hl=es&amp;as_sdt=0%2C5&amp;q=las+10+nuevas+competencia+CONCHA+CARBAJO+MART%C3%8DNEZ%2C&amp;btnG<\/span><\/a><span style=\"color: #222222;\"><span style=\"font-size: small;\">=<\/span><\/span><\/p>\n<p><span style=\"color: #ff0000;\"><b>\u00a1\u00a1QUE SE\u00c1IS FELICES Y HAG\u00c1IS FELICES A QUIENES OS ROD\u00c9AN!!<\/b><\/span><\/p>\n<p align=\"RIGHT\">Juan de Dios Fern\u00e1ndez G\u00e1lvez, jubilado activo<\/p>\n<p align=\"RIGHT\">Ex Orientador escolar y Profesor colaborador extraordinario UGR<\/p>\n","protected":false},"excerpt":{"rendered":"<p>Todos conocemos el dicho africano \u201cPara educar a un ni\u00f1o hace falta toda la tribu\u201d&#8230;.<\/p>\n","protected":false},"author":1,"featured_media":0,"comment_status":"closed","ping_status":"closed","sticky":false,"template":"","format":"standard","meta":{"_coblocks_attr":"","_coblocks_dimensions":"","_coblocks_responsive_height":"","_coblocks_accordion_ie_support":"","jetpack_post_was_ever_published":false,"_jetpack_newsletter_access":"","_jetpack_dont_email_post_to_subs":false,"_jetpack_newsletter_tier_id":0,"_jetpack_memberships_contains_paywalled_content":false,"_jetpack_memberships_contains_paid_content":false,"footnotes":"","jetpack_publicize_message":"","jetpack_publicize_feature_enabled":true,"jetpack_social_post_already_shared":false,"jetpack_social_options":{"image_generator_settings":{"template":"highway","default_image_id":0,"enabled":false},"version":2}},"categories":[2,3130,44,15],"tags":[337,1788,1482,4544],"class_list":["post-20742","post","type-post","status-publish","format-standard","hentry","category-atarfe","category-opinion-de-juan-de-dios-fernandez","category-noticias-de-hoy","category-ultimas-noticias","tag-aprendizaje","tag-aprendizaje-por-proyectos","tag-profesorado","tag-trabajo-en-equipo"],"jetpack_publicize_connections":[],"jetpack_featured_media_url":"","jetpack_likes_enabled":true,"jetpack_sharing_enabled":true,"_links":{"self":[{"href":"https:\/\/miradordeatarfe.es\/index.php?rest_route=\/wp\/v2\/posts\/20742","targetHints":{"allow":["GET"]}}],"collection":[{"href":"https:\/\/miradordeatarfe.es\/index.php?rest_route=\/wp\/v2\/posts"}],"about":[{"href":"https:\/\/miradordeatarfe.es\/index.php?rest_route=\/wp\/v2\/types\/post"}],"author":[{"embeddable":true,"href":"https:\/\/miradordeatarfe.es\/index.php?rest_route=\/wp\/v2\/users\/1"}],"replies":[{"embeddable":true,"href":"https:\/\/miradordeatarfe.es\/index.php?rest_route=%2Fwp%2Fv2%2Fcomments&post=20742"}],"version-history":[{"count":1,"href":"https:\/\/miradordeatarfe.es\/index.php?rest_route=\/wp\/v2\/posts\/20742\/revisions"}],"predecessor-version":[{"id":20744,"href":"https:\/\/miradordeatarfe.es\/index.php?rest_route=\/wp\/v2\/posts\/20742\/revisions\/20744"}],"wp:attachment":[{"href":"https:\/\/miradordeatarfe.es\/index.php?rest_route=%2Fwp%2Fv2%2Fmedia&parent=20742"}],"wp:term":[{"taxonomy":"category","embeddable":true,"href":"https:\/\/miradordeatarfe.es\/index.php?rest_route=%2Fwp%2Fv2%2Fcategories&post=20742"},{"taxonomy":"post_tag","embeddable":true,"href":"https:\/\/miradordeatarfe.es\/index.php?rest_route=%2Fwp%2Fv2%2Ftags&post=20742"}],"curies":[{"name":"wp","href":"https:\/\/api.w.org\/{rel}","templated":true}]}}