{"id":20745,"date":"2018-01-14T11:23:13","date_gmt":"2018-01-14T10:23:13","guid":{"rendered":"http:\/\/miradordeatarfe.es\/?p=20745"},"modified":"2020-06-26T13:34:07","modified_gmt":"2020-06-26T11:34:07","slug":"vacaciones-en-el-agua-por-juan-alfredo-bellon","status":"publish","type":"post","link":"https:\/\/miradordeatarfe.es\/?p=20745","title":{"rendered":"VACACIONES EN EL AGUA  por Juan Alfredo Bell\u00f3n"},"content":{"rendered":"<p><i><b>VACACIONES EN EL AGUA<\/b><\/i><b>por\u00a0 Juan Alfredo Bell\u00f3n <\/b><b>para\u00a0 EL MIRADOR DEATARFE <\/b><b>del domingo 14-01-2018<\/b><!--more--><\/p>\n<p align=\"JUSTIFY\"><b> <\/b>Ahora que se acabaron <i>las Pascuas,<\/i> como se dec\u00eda antes, lo expresar\u00e9 bien claro: felices <i>vacaciones del agua<\/i>, en todas sus formas, como reza la pel\u00edcula de Guillermo del Toro, ganadora de uno de los premios mayores de los Globos de Oro, este a\u00f1o tan femenina y racialmente reivindicativo. Y no solo \u201con water\u201d en general sino en todas sus formas particulares: s\u00f3lida, l\u00edquida, gaseosa, tibia, caliente y fr\u00eda.<\/p>\n<p align=\"JUSTIFY\">El agua est\u00e1 en el centro de todos los pensares y sentires, decires y so\u00f1ares, odiares y quereres de la Humanidad. Su escasez nos atosiga con la sequ\u00eda y su sobra nos flagela con la inundaci\u00f3n y cuando nos pasamos de riego, las plantas se achortalan y se pudren sus raices hasta enfermar sin remisi\u00f3n y al tiempo sirve para limpiar el medio ambiente y el cuerpo humano y para refrigerar el de las bestias; los borrachines la denotan diciendo que prefieren el vino y que su ingesti\u00f3n cr\u00eda gusarapos en nuestro aparato digestivo. Por fin, es de uso polivalente en nuestro refranero porque <i>algo debe tener cuando la bendicen <\/i>pero tampoco podemos fiarnos de las aguas bravas ni de las mansas a pesar de las apariencias\u2026<\/p>\n<p align=\"JUSTIFY\">Medicinalmente hay aguas para toda clase de dolencias y establecimientos balneoter\u00e1picos donde aplicarlas en beneficio del cuerpo y del esp\u00edritu, tanto en contacto e inmersi\u00f3n como en inhalaciones e ingesti\u00f3n, g\u00e1rgaras y abluciones. Soportan toda clase de transformaciones f\u00edsicas y qu\u00edmicas y como ocurre con las aguas pesadas, son una de las bases de las f\u00f3rmulas at\u00f3micas. En fin, puede afirmarse que las fiestas del agua son una de las celebraciones m\u00e1s se\u00f1aladas en nuestra geograf\u00eda y m\u00e1s recurrentes en diversas civilizaciones incluyendo manifestaciones y demostraciones musicales, coreogr\u00e1ficas y culinarias que tienen diversas y variadas implicaciones religiosas y culturales de innegable inter\u00e9s.<\/p>\n<p align=\"JUSTIFY\">Yo mismo me siento desde mis primeros d\u00edas de vida bajo el patrocinio acu\u00e1tico, desde los a\u00f1os Cuarenta, no solo porque llegu\u00e9 a este mundo como ochomesino tras la irrupci\u00f3n de las aguas maternas, sino porque, en los ocho meses posteriores, fui trasladado por mi familia al Balneario de Lanjar\u00f3n y puesto all\u00ed bajo la advocaci\u00f3n de sus aguas salut\u00edferas, lo que <i>me sac\u00f3 de culero <\/i>y me despabil\u00f3 para asirme a la vida como era menester (fotos hay que dan fe, esperanza y caridad de este extremo) y para encarnarme profusamente en las aguas surgentes de Sierra Nevada, lo que luego sigui\u00f3 rigiendo mi existencia y determin\u00f3 mi vida familiar, profesional y sociocultural hasta las fechas presentes cuando ya puede decirse que me aferro a los posrreros hitos de la vida oficiando y profesando anualmente en el Curso Multidisciplinar del Agua del Balneario de Lanjar\u00f3n que cumplir\u00e1 el pr\u00f3ximo mes de agosto su und\u00e9cima oportunidad. Gracias al patrocinio de mi amigo y director del establecimiento, Luis Esp\u00ednola, y de su esposa subdirectora y coordinadora de los Cursos, Violaine Peyramond y una lista de amigos del agua y de la cultura que encabeza mi colega el poeta Antonio Carvajal y una larga n\u00f3mina de hidr\u00f3filos alpujarre\u00f1os cuya menci\u00f3n pormenorizada ser\u00eda pesada e inacabable.<\/p>\n<p align=\"JUSTIFY\">Y as\u00ed este comienzo de 2018, ya andamos preparando el pr\u00f3ximo Curso del Agua para continuar conectando con la juventud estudiosa y trabajadora de la ense\u00f1anza y de la cultura que nos permitir\u00e1 hacer patria y seguir bebiendo y trasmitiendo el sabor de las aguas de Lanjar\u00f3n a su alumnado y a sus respectivos territorios, teniendo en cuenta las recientes palabras de Rodrigo Rato entre rejas seg\u00fan el cual, tambi\u00e9n <i>el agua es un negocio y, por tanto, un mercado (especulativo) <\/i>donde, digo yo, la salud, el bienestar y las vacaciones se compran y se venden, al rev\u00e9s que el cari\u00f1o verdadero, se negocian y se promocionan estemos o no de vacaciones, aunque el contacto con sus aguas nos permita estar en el<i> <\/i>Paraiso Alpujare\u00f1o que es esta cara sur de Sierra Nevada.<\/p>\n","protected":false},"excerpt":{"rendered":"<p>VACACIONES EN EL AGUApor\u00a0 Juan Alfredo Bell\u00f3n para\u00a0 EL MIRADOR DEATARFE del domingo 14-01-2018<\/p>\n","protected":false},"author":1,"featured_media":20748,"comment_status":"closed","ping_status":"closed","sticky":false,"template":"","format":"standard","meta":{"_coblocks_attr":"","_coblocks_dimensions":"","_coblocks_responsive_height":"","_coblocks_accordion_ie_support":"","jetpack_post_was_ever_published":false,"_jetpack_newsletter_access":"","_jetpack_dont_email_post_to_subs":false,"_jetpack_newsletter_tier_id":0,"_jetpack_memberships_contains_paywalled_content":false,"_jetpack_memberships_contains_paid_content":false,"footnotes":"","jetpack_publicize_message":"","jetpack_publicize_feature_enabled":true,"jetpack_social_post_already_shared":false,"jetpack_social_options":{"image_generator_settings":{"template":"highway","default_image_id":0,"enabled":false},"version":2}},"categories":[186,36,44,15,10],"tags":[249,1346,2888],"class_list":["post-20745","post","type-post","status-publish","format-standard","has-post-thumbnail","hentry","category-instituciones","category-opinion-de-juan-alfredo-bellon","category-noticias-de-hoy","category-ultimas-noticias","category-salud","tag-agua","tag-cursos","tag-lanjaron"],"jetpack_publicize_connections":[],"jetpack_featured_media_url":"https:\/\/i0.wp.com\/miradordeatarfe.es\/wp-content\/uploads\/2018\/01\/aguaycultura_lanjaron-2.jpg?fit=634%2C546&ssl=1","jetpack_likes_enabled":true,"jetpack_sharing_enabled":true,"_links":{"self":[{"href":"https:\/\/miradordeatarfe.es\/index.php?rest_route=\/wp\/v2\/posts\/20745","targetHints":{"allow":["GET"]}}],"collection":[{"href":"https:\/\/miradordeatarfe.es\/index.php?rest_route=\/wp\/v2\/posts"}],"about":[{"href":"https:\/\/miradordeatarfe.es\/index.php?rest_route=\/wp\/v2\/types\/post"}],"author":[{"embeddable":true,"href":"https:\/\/miradordeatarfe.es\/index.php?rest_route=\/wp\/v2\/users\/1"}],"replies":[{"embeddable":true,"href":"https:\/\/miradordeatarfe.es\/index.php?rest_route=%2Fwp%2Fv2%2Fcomments&post=20745"}],"version-history":[{"count":1,"href":"https:\/\/miradordeatarfe.es\/index.php?rest_route=\/wp\/v2\/posts\/20745\/revisions"}],"predecessor-version":[{"id":20747,"href":"https:\/\/miradordeatarfe.es\/index.php?rest_route=\/wp\/v2\/posts\/20745\/revisions\/20747"}],"wp:featuredmedia":[{"embeddable":true,"href":"https:\/\/miradordeatarfe.es\/index.php?rest_route=\/wp\/v2\/media\/20748"}],"wp:attachment":[{"href":"https:\/\/miradordeatarfe.es\/index.php?rest_route=%2Fwp%2Fv2%2Fmedia&parent=20745"}],"wp:term":[{"taxonomy":"category","embeddable":true,"href":"https:\/\/miradordeatarfe.es\/index.php?rest_route=%2Fwp%2Fv2%2Fcategories&post=20745"},{"taxonomy":"post_tag","embeddable":true,"href":"https:\/\/miradordeatarfe.es\/index.php?rest_route=%2Fwp%2Fv2%2Ftags&post=20745"}],"curies":[{"name":"wp","href":"https:\/\/api.w.org\/{rel}","templated":true}]}}