{"id":2076,"date":"2015-05-31T08:20:05","date_gmt":"2015-05-31T08:20:05","guid":{"rendered":"http:\/\/miradordeatarfe.es\/?p=2076"},"modified":"2015-06-01T07:58:02","modified_gmt":"2015-06-01T07:58:02","slug":"echale-huevos-por-juan-alfredo-bellon","status":"publish","type":"post","link":"https:\/\/miradordeatarfe.es\/?p=2076","title":{"rendered":"\u00c9CHALE HUEVOS  Por Juan Alfredo Bell\u00f3n"},"content":{"rendered":"<p style=\"text-align: justify;\"><strong><em>\u00c9CHALE HUEVOS\u00a0 <\/em>Por Juan Alfredo Bell\u00f3n\u00a0 DESDE EL MIRADOR N\u00ba 54, Domingo 31-05-2015<\/strong><\/p>\n<p style=\"text-align: justify;\"><strong>\u00a0<\/strong>\u00a0\u00a0\u00a0\u00a0\u00a0\u00a0\u00a0\u00a0\u00a0\u00a0\u00a0\u00a0\u00a0\u00a0\u00a0 Desde el domingo pasado, ya somos otra vez (y van tres) de primera. Por arte de birlibirloque, de nuevo y contra todo pron\u00f3stico, tras haber andado m\u00e1s que desahuciados toda la temporada futbol\u00edstica y sin que nadie diera un c\u00e9ntimo por el pellejo del Granada C. F. h\u00e9tenos aqu\u00ed que al presidente de la entidad se le ilumin\u00f3 el cacumen y solicit\u00f3 ayuda al Cielo y all\u00ed lo asistieron en forma y persona de <em>San Doval<\/em>,<!--more--><\/p>\n<p style=\"text-align: justify;\">un <em>\u00e1ngel-m\u00edster<\/em> que estaba parado y, adem\u00e1s de serlo, hac\u00eda sus pinitos con la restauraci\u00f3n gastron\u00f3mica en un acreditado establecimiento de su familia y mont\u00f3 un plato a base de huevos, receta que la afici\u00f3n ven\u00eda reclamando durante toda la temporada de los otros dos t\u00e9cnicos que por el banquillo han pasado y de toda la plantilla, siendo as\u00ed que nadie la escuch\u00f3 sino que, muy al contrario, tanto Caparr\u00f3s (cuya Virgen de Consolaci\u00f3n confunda) como Abel (a quien su hermano d\u00e9 de nuevo caza hinc\u00e1ndole la quijada en el cr\u00e1neo) y el resto del cuadro t\u00e9cnico as\u00ed como los jugadores, que m\u00e1s bien parec\u00edan inv\u00e1lidos tanto individualmente como en su conjunto, desoyeron la solicitud clamorosa que la hinchada albirroja les reclamaba y nadie daba un c\u00e9ntimo por el <em>ay mi Granada, ay mi Granada, <\/em>como dec\u00eda Boabdil cuando la perdi\u00f3, que por algo el <em>forofer\u00edo<\/em> granadino se hace llamar el <em>Frente Nazar\u00ed<\/em>, dado el acento melanc\u00f3lico, lastimero y elegiaco que sus seguidores suelen mayormente adoptar.<\/p>\n<p style=\"text-align: justify;\">\u00a0\u00a0\u00a0\u00a0\u00a0\u00a0\u00a0\u00a0\u00a0\u00a0\u00a0\u00a0\u00a0\u00a0\u00a0 Y es que en todas partes gustan determinar gramaticalmente con el posesivo <em>mi <\/em>al equipo de sus amores (<em>Mi Beti gueno, mi Madr\u00ed, mi Bar\u00e7a&#8230;)<\/em> como las madres y las abuelas se refieren a los hijos de sus entretelas o a los hijos de las entretelas de sus hijas. Por cierto que el mism\u00edsimo Bar\u00e7a ha sentido envidia de nosotros y, como todo se pega menos lo bonico, va a cambiar de look para la pr\u00f3xima temporada paralelizando horizontalmente sus rayas blaugranas, como las nuestras, sabedores quiz\u00e1 de que sus colores emblem\u00e1ticos son lo verdaderamente importante por ser los del escudo del cant\u00f3n suizo de donde era nativo su fundador Joan Gamper y, sin embargo, la disposici\u00f3n rayada vertical u horizontal solo ata\u00f1e a una novedad her\u00e1ldica distributiva que sirve a Nike y a las arcas del club para ganar m\u00e1s pasta vendiendo m\u00e1s camisetas.<\/p>\n<p style=\"text-align: justify;\">\u00a0\u00a0\u00a0\u00a0\u00a0\u00a0\u00a0\u00a0\u00a0\u00a0\u00a0\u00a0\u00a0\u00a0\u00a0 No somos nadie. O al menos eso parece cuando se descubre que el Bar\u00e7a es mucho m\u00e1s que un club, pero tambi\u00e9n el Madrid y el Granada y que sus enfrentamientos en la Liga y en la Copa son una met\u00e1fora de la vida y de la historia y, en concreto, el <em>sinvivir<\/em> de la afici\u00f3n nazar\u00ed representa la manera ag\u00f3nica como aqu\u00ed se afronta el sentimiento tr\u00e1gico de la vida entre el Darro y el Genil, donde se conforma la famosa <em>Y griega de la mala foll\u00e1<\/em>, esa milla de oro donde habitan <em>las manolas y los Manueles, <\/em>todo el d\u00eda sufriendo por lo mal que nos trata la vida y Sevilla y ahora tambi\u00e9n M\u00e1laga, aunque a esta \u00faltima se le concede el beneficio de ser m\u00e1s valiente que nosotros, porque los malague\u00f1os siempre se hacen una pi\u00f1a para defender lo suyo por encima de partidos, religiones e ideolog\u00edas, y no como aqu\u00ed, que no nos juntamos para defender el Atrio de la Alhambra, el Cuarto Real de Santo Domingo, la estaci\u00f3n del AVE o el Centro Lorca, que ahora sufre un nuevo retraso sin que aqu\u00ed pase nada (<em>no es nada, es un suspiro) <\/em>ni se conmuevan en sus yacijas los enterrados en las catacumbas del Monte Sacro quiz\u00e1 porque dentro lo que hay \u2013como dec\u00eda un abad muy ocurrente que all\u00ed regente\u00f3\u2013 son huesos de perro. O sea que tampoco se le echan huevos.<\/p>\n<p style=\"text-align: justify;\">\u00a0\u00a0\u00a0\u00a0\u00a0\u00a0\u00a0\u00a0\u00a0\u00a0\u00a0\u00a0\u00a0\u00a0\u00a0 Y ya veremos qu\u00e9 ocurrir\u00e1 en el plano pol\u00edtico, reci\u00e9n sufragado, con nuestro mayor ayuntamiento y con la Diputaci\u00f3n Provincial, parece que dos aut\u00e9nticas jaulas de grillos donde tan f\u00e1cilmente se pierde la perspectiva que distingue la utilidad p\u00fablica del individualismo narcisista de quienes se miran demasiado al espejo \u2013no como Rajoy, s\u00ed como Esperanza\u2013 y se gustan tant\u00edsimo sin saber escuchar el mensaje patente y latente de las urnas.\u00a0\u00a0\u00a0\u00a0\u00a0\u00a0\u00a0\u00a0\u00a0\u00a0\u00a0\u00a0 Lo dicho, que hay que echarle al guiso ovarios y huevos, generosidad y valent\u00eda, clarividencia y responsabilidad. Casi nada. Y eso que todav\u00eda faltan las Generales y (para mear y no echar gota, en el mejor de los casos) puede que unas segundas Andaluzas.<\/p>\n","protected":false},"excerpt":{"rendered":"<p>\u00c9CHALE HUEVOS\u00a0 Por Juan Alfredo Bell\u00f3n\u00a0 DESDE EL MIRADOR N\u00ba 54, Domingo 31-05-2015 \u00a0\u00a0\u00a0\u00a0\u00a0\u00a0\u00a0\u00a0\u00a0\u00a0\u00a0\u00a0\u00a0\u00a0\u00a0\u00a0 Desde&#8230;<\/p>\n","protected":false},"author":1,"featured_media":2077,"comment_status":"closed","ping_status":"closed","sticky":false,"template":"","format":"standard","meta":{"_coblocks_attr":"","_coblocks_dimensions":"","_coblocks_responsive_height":"","_coblocks_accordion_ie_support":"","jetpack_post_was_ever_published":false,"_jetpack_newsletter_access":"","_jetpack_dont_email_post_to_subs":false,"_jetpack_newsletter_tier_id":0,"_jetpack_memberships_contains_paywalled_content":false,"_jetpack_memberships_contains_paid_content":false,"footnotes":"","jetpack_publicize_message":"","jetpack_publicize_feature_enabled":true,"jetpack_social_post_already_shared":false,"jetpack_social_options":{"image_generator_settings":{"template":"highway","default_image_id":0,"enabled":false},"version":2}},"categories":[36,15],"tags":[758,759,666],"class_list":["post-2076","post","type-post","status-publish","format-standard","has-post-thumbnail","hentry","category-opinion-de-juan-alfredo-bellon","category-ultimas-noticias","tag-ave","tag-centro-lorca","tag-futbol"],"jetpack_publicize_connections":[],"jetpack_featured_media_url":"https:\/\/i0.wp.com\/miradordeatarfe.es\/wp-content\/uploads\/2015\/05\/GRA.jpg?fit=275%2C183&ssl=1","jetpack_likes_enabled":true,"jetpack_sharing_enabled":true,"_links":{"self":[{"href":"https:\/\/miradordeatarfe.es\/index.php?rest_route=\/wp\/v2\/posts\/2076","targetHints":{"allow":["GET"]}}],"collection":[{"href":"https:\/\/miradordeatarfe.es\/index.php?rest_route=\/wp\/v2\/posts"}],"about":[{"href":"https:\/\/miradordeatarfe.es\/index.php?rest_route=\/wp\/v2\/types\/post"}],"author":[{"embeddable":true,"href":"https:\/\/miradordeatarfe.es\/index.php?rest_route=\/wp\/v2\/users\/1"}],"replies":[{"embeddable":true,"href":"https:\/\/miradordeatarfe.es\/index.php?rest_route=%2Fwp%2Fv2%2Fcomments&post=2076"}],"version-history":[{"count":1,"href":"https:\/\/miradordeatarfe.es\/index.php?rest_route=\/wp\/v2\/posts\/2076\/revisions"}],"predecessor-version":[{"id":2078,"href":"https:\/\/miradordeatarfe.es\/index.php?rest_route=\/wp\/v2\/posts\/2076\/revisions\/2078"}],"wp:featuredmedia":[{"embeddable":true,"href":"https:\/\/miradordeatarfe.es\/index.php?rest_route=\/wp\/v2\/media\/2077"}],"wp:attachment":[{"href":"https:\/\/miradordeatarfe.es\/index.php?rest_route=%2Fwp%2Fv2%2Fmedia&parent=2076"}],"wp:term":[{"taxonomy":"category","embeddable":true,"href":"https:\/\/miradordeatarfe.es\/index.php?rest_route=%2Fwp%2Fv2%2Fcategories&post=2076"},{"taxonomy":"post_tag","embeddable":true,"href":"https:\/\/miradordeatarfe.es\/index.php?rest_route=%2Fwp%2Fv2%2Ftags&post=2076"}],"curies":[{"name":"wp","href":"https:\/\/api.w.org\/{rel}","templated":true}]}}