{"id":20786,"date":"2018-01-17T11:43:39","date_gmt":"2018-01-17T10:43:39","guid":{"rendered":"http:\/\/miradordeatarfe.es\/?p=20786"},"modified":"2018-01-12T19:00:17","modified_gmt":"2018-01-12T18:00:17","slug":"el-ayuntamiento-inicia-la-reforma-del-centro-ocupacional-para-alumnos-con-discapacidad","status":"publish","type":"post","link":"https:\/\/miradordeatarfe.es\/?p=20786","title":{"rendered":"El Ayuntamiento de Atarfe inicia diferentes obras con dinero de Empleo Joven y empleo 30+"},"content":{"rendered":"<p style=\"text-align: justify;\">En los pr\u00f3ximos seis meses est\u00e1 previsto tambi\u00e9n habilitar un \u00e1rea deportiva al aire libre en el recinto ferial, la mejora de entornos forestales, el acondicionamiento de un local para centro c\u00edvico en la calle Mejorana y la creaci\u00f3n de una plaza en un solar junto a las pistas de p\u00e1del.<!--more--><\/p>\n<p style=\"text-align: justify;\">El Ayuntamiento de Atarfe ha\u00a0iniciado\u00a0la reforma del Centro de Terapia Ocupacional de la calle Escuelas y pr\u00f3ximamente acondicionar\u00e1 un local municipal en la calle Mejorana para convertirlo en un centro c\u00edvico para actividaddes que desarrollen los vecinos.<\/p>\n<p style=\"text-align: justify;\">Los programas de empleo joven y empleo mayor de 30 a\u00f1os permitir\u00e1n a partir de enero la contrataci\u00f3n de forma gradual de\u00a035 personas para llevar a cabo distintas actuaciones impulsadas por el equipo de gobierno de Atarfe, entre ellas tambi\u00e9n la adecuaci\u00f3n medioambiental de entornos forestales y\u00a0el acondicionamiento de zonas urbanas\u00a0como el recinto ferial, donde se habilitar\u00e1 una zona de uso deportivo y l\u00fadico con instalaciones desmontables para el ejercicio f\u00edsico.<\/p>\n<p style=\"text-align: justify;\">Los planes Emple@Joven y <a href=\"mailto:Emple@30+\">Emple@30+<\/a> de los Fondos Sociales Europeos que gestiona el Servicio Andaluz de Empleo\u00a0servir\u00e1n para mejorar los equipamientos p\u00fablicos, y responden a las necesidades de distintos colectivos de la sociedad atarfe\u00f1a.<\/p>\n<p style=\"text-align: justify;\"><img data-recalc-dims=\"1\" loading=\"lazy\" decoding=\"async\" src=\"https:\/\/i0.wp.com\/www.atarfe.es\/data\/CoreImages\/programas-reunion.jpg?resize=640%2C426\" alt=\"\" width=\"640\" height=\"426\" \/><\/p>\n<p style=\"text-align: justify;\">El alcalde de Atarfe, <strong>Francisco Rodr\u00edguez Quesada<\/strong>, convoc\u00f3 el lunes en el sal\u00f3n de plenos a las personas seleccionadas con los criterios que establece la Junta de Andaluc\u00eda para la realizaci\u00f3n de los proyectos, a los que traslad\u00f3 la necesidad de \u0093tomar conciencia del trabajo a realizar para que el dinero p\u00fablico se emplee en beneficio de la comunidad\u0094. \u0093Del trabajo que se desarrolle en los pr\u00f3ximos meses depender\u00e1 que ma\u00f1ana podamos contar con otros programas de empleo del que se beneficien m\u00e1s vecinos en situaci\u00f3n de precariedad\u0094, a\u00f1adi\u00f3 el alcalde, que estuvo acompa\u00f1ado por el concejal de Obras y Servicios,<strong> Jorge Moreno Conejero<\/strong>, el t\u00e9cnico de Empleo y los coordinadores de los proyectos.<\/p>\n<p style=\"text-align: justify;\">El periodo de contrataci\u00f3n de las personas seleccionadas oscila entre los 3 y los\u00a06 meses,\u00a0tiempo establecido para la finalizaci\u00f3n de los proyectos.<\/p>\n<h5 style=\"text-align: justify;\"><strong>Mejora del Centro Ocupacional Municipal<\/strong><\/h5>\n<p style=\"text-align: justify;\">Las obras de\u00a0reforma del centro de terapia ocupacional para personas con discapacidad, situado en la calle Escuelas,\u00a0se\u00a0iniciaron el marrtes tras llevarse a cabo d\u00edas atr\u00e1s el traslado provisional de los alumnos y el profesorado a una casa alquilada por el Ayuntamiento.<\/p>\n<p style=\"text-align: justify;\">El centro, con una superficie total de 1.217 metros cuadrados, ser\u00e1\u00a0rehabilitado para adaptarse a las necesidades del servicio que ofrece, con el objetivo de que la Junta de Andaluc\u00eda apruebe su homologaci\u00f3n.<\/p>\n<p style=\"text-align: justify;\">El proyecto contempla mejorar la funcionalidad y la accesibilidad del edificio, recogiendo algunas de las ideas aportadas por los propios alumnos en las jornadas participativas que tuvieron lugar en abril de 2016. La actuaci\u00f3n permitir\u00e1 remodelar la zona de taller y administraci\u00f3n y gesti\u00f3n del centro, la adaptaci\u00f3n\u00a0de los ba\u00f1os\u00a0para hacerlos accesibles y\u00a0el acondicionamiento del patio y el jard\u00edn con la posibilidad de disponer de un peque\u00f1o huerto a disposici\u00f3n de los alumnos.<\/p>\n<h5 style=\"text-align: justify;\">Otros proyectos inminentes<\/h5>\n<p style=\"text-align: justify;\">En los pr\u00f3ximos d\u00edas\u00a0empezar\u00e1n los trabajos del proyecto de regeneraci\u00f3n y adecuaci\u00f3n de los entornos forestales que incluye actuaciones en el n\u00facleo urbano, en el camino de las Monjas y Caballitos del Rey, en el Camino de la Moleona y en la zona recreativa en las Canteras. Con la puesta en marcha del plan se quiere mejorar la imagen de estos espacios naturales y habilitar zonas de esparcimiento y ocio para los habitantes de Atarfe.<\/p>\n<p style=\"text-align: justify;\">Tambi\u00e9n es inminente la intervenci\u00f3n en el recinto\u00a0ferial donde se quiere habilitar al aire libreun \u00e1rea deportiva con instalaciones desmontables\u00a0para la pr\u00e1ctica del f\u00fatbol, ping pong, voleibol, bicicletas, fitness&#8230;, adem\u00e1s de una zona infantil.<\/p>\n<p style=\"text-align: justify;\">Con los\u00a0planes de empleo\u00a0se har\u00e1 tambi\u00e9n una plaza ajardinada en un solar junto a las pistas de p\u00e1del y\u00a0el acondicionamiento de un local situado en la calle Mejorana\u00a0para convertirlo en centro c\u00edvico. El objetivo de este \u00faltimo proyecto es dotar a la zona vecinal de un equipamiento municipal en el cual se se desarrollen programas y actividades de car\u00e1cter cultural, formativo\u00a0y socio comunitario.<\/p>\n","protected":false},"excerpt":{"rendered":"<p>En los pr\u00f3ximos seis meses est\u00e1 previsto tambi\u00e9n habilitar un \u00e1rea deportiva al aire libre&#8230;<\/p>\n","protected":false},"author":1,"featured_media":0,"comment_status":"closed","ping_status":"closed","sticky":false,"template":"","format":"standard","meta":{"_coblocks_attr":"","_coblocks_dimensions":"","_coblocks_responsive_height":"","_coblocks_accordion_ie_support":"","jetpack_post_was_ever_published":false,"_jetpack_newsletter_access":"","_jetpack_dont_email_post_to_subs":false,"_jetpack_newsletter_tier_id":0,"_jetpack_memberships_contains_paywalled_content":false,"_jetpack_memberships_contains_paid_content":false,"footnotes":"","jetpack_publicize_message":"","jetpack_publicize_feature_enabled":true,"jetpack_social_post_already_shared":false,"jetpack_social_options":{"image_generator_settings":{"template":"highway","default_image_id":0,"enabled":false},"version":2}},"categories":[2,186,44,15],"tags":[81,4552],"class_list":["post-20786","post","type-post","status-publish","format-standard","hentry","category-atarfe","category-instituciones","category-noticias-de-hoy","category-ultimas-noticias","tag-atarfe","tag-obras-y-servicios"],"jetpack_publicize_connections":[],"jetpack_featured_media_url":"","jetpack_likes_enabled":true,"jetpack_sharing_enabled":true,"_links":{"self":[{"href":"https:\/\/miradordeatarfe.es\/index.php?rest_route=\/wp\/v2\/posts\/20786","targetHints":{"allow":["GET"]}}],"collection":[{"href":"https:\/\/miradordeatarfe.es\/index.php?rest_route=\/wp\/v2\/posts"}],"about":[{"href":"https:\/\/miradordeatarfe.es\/index.php?rest_route=\/wp\/v2\/types\/post"}],"author":[{"embeddable":true,"href":"https:\/\/miradordeatarfe.es\/index.php?rest_route=\/wp\/v2\/users\/1"}],"replies":[{"embeddable":true,"href":"https:\/\/miradordeatarfe.es\/index.php?rest_route=%2Fwp%2Fv2%2Fcomments&post=20786"}],"version-history":[{"count":3,"href":"https:\/\/miradordeatarfe.es\/index.php?rest_route=\/wp\/v2\/posts\/20786\/revisions"}],"predecessor-version":[{"id":20789,"href":"https:\/\/miradordeatarfe.es\/index.php?rest_route=\/wp\/v2\/posts\/20786\/revisions\/20789"}],"wp:attachment":[{"href":"https:\/\/miradordeatarfe.es\/index.php?rest_route=%2Fwp%2Fv2%2Fmedia&parent=20786"}],"wp:term":[{"taxonomy":"category","embeddable":true,"href":"https:\/\/miradordeatarfe.es\/index.php?rest_route=%2Fwp%2Fv2%2Fcategories&post=20786"},{"taxonomy":"post_tag","embeddable":true,"href":"https:\/\/miradordeatarfe.es\/index.php?rest_route=%2Fwp%2Fv2%2Ftags&post=20786"}],"curies":[{"name":"wp","href":"https:\/\/api.w.org\/{rel}","templated":true}]}}