{"id":20801,"date":"2018-01-14T09:47:11","date_gmt":"2018-01-14T08:47:11","guid":{"rendered":"http:\/\/miradordeatarfe.es\/?p=20801"},"modified":"2022-02-12T12:47:09","modified_gmt":"2022-02-12T11:47:09","slug":"20801","status":"publish","type":"post","link":"https:\/\/miradordeatarfe.es\/?p=20801","title":{"rendered":"PREVIA AL CAMPEONATO ANDALUC\u00cdA CROSS CATEGOR\u00cdAS SUB 12 Y SUB 14, UN RECUERDO PARA NUESTROS PIONEROS.-"},"content":{"rendered":"<p><span style=\"font-family: Tahoma, serif;\"><span style=\"font-size: medium;\"><b>PREVIA AL CAMPEONATO ANDALUC\u00cdA CROSS CATEGOR\u00cdAS SUB 12 Y SUB 14, UN RECUERDO PARA NUESTROS PIONEROS.-<\/b><\/span><\/span><\/p>\n<p align=\"JUSTIFY\"><span style=\"font-family: Tahoma, serif;\"><span style=\"font-size: medium;\">Este domingo a partir de las 12.30 tenemos una cita ineludible con los representantes\u00a0 m\u00e1s j\u00f3venes del Atletismo Atarfe en el LVIII Campeonato Andaluc\u00eda de Cross categor\u00edas Sub 12 y Sub 14 que est\u00e1 previsto celebrarse en la localidad jiennense de Carboneros. <\/span><\/span><!--more--><\/p>\n<p align=\"JUSTIFY\"><span style=\"font-family: Tahoma, serif;\"><span style=\"font-size: medium;\">Tres ser\u00e1n los equipos que defiendan la el\u00e1stica rojiverde, Sub 12 masculino (Curro Avil\u00e9s, Diego Fuentes, \u00c1lvaro Hern\u00e1ndez y Nicol\u00e1s Soto), Sub 14 femenino (Laura Aguilera, Elena Carrillo, Mar\u00eda P\u00e9rez y Ainhoa Delgado) y Sub 14 masculino\u00a0 (Adri\u00e1n Lafuente, Pablo Lozano, Carlos Pe\u00f1a y Jorge Luis Torres).<\/span><\/span><\/p>\n<p align=\"JUSTIFY\"><span style=\"font-family: Tahoma, serif;\"><span style=\"font-size: medium;\"><br \/>\nLas condiciones\u00a0 meteorol\u00f3gicas que les esperan ser\u00e1n muy duras, siete grados de temperatura, 60% riesgo de lluvia y viento de 7 km\/h. Este panorama nos retrotrae a dos hitos hist\u00f3ricos del Atletismo Atarfe en este mismo campeonato que tambi\u00e9n se desarrollaron con meteorolog\u00eda hostil. <\/span><\/span><\/p>\n<p align=\"JUSTIFY\"><span style=\"font-family: Tahoma, serif;\"><span style=\"font-size: medium;\">En 2012 en Villanueva de C\u00f3rdoba con rachas de viento de m\u00e1s de 100 km\/h y una sensaci\u00f3n t\u00e9rmica bajo cero fue nuestro equipo Alev\u00edn masculino\u00a0 (Sub 12) quien protagoniz\u00f3 el primer \u00e9xito a nivel grupal de la historia del Club al imponerse con 19 puntos al Sevilla Abierta\u00a0 (21 puntos ) y al Trotasierra cordob\u00e9s (25). Diego Montero, hijo de nuestra entrenadora Mayca Mart\u00ednez, fue Subcampe\u00f3n individual,\u00a0 Manuel Jim\u00e9nez hizo tercero y complet\u00f3 la puntuaci\u00f3n Pablo Mart\u00edn en el puesto 14, por si alguno flojeaba Ra\u00fal Castillo cerr\u00f3 en el puesto 34.<\/span><\/span><\/p>\n<p align=\"JUSTIFY\"><span style=\"font-family: Tahoma, serif;\"><span style=\"font-size: medium;\"><br \/>\nLa segunda gesta nos lleg\u00f3 con el diluvio universal que cay\u00f3 sobre el hip\u00f3dromo Costa del Sol de Mijas en 2014, nuevamente nuestros campeones la volvieron a liar ahora en categor\u00eda infantil\u00a0 (Sub 14), campeonaron con 40 puntos por delante del Nerja (47) y Trotasierra (70), en esta ocasi\u00f3n Manu Jim\u00e9nez fue 2\u00ba, Jaime Vico 11\u00ba, Diego Montero 13\u00ba, Pablo Mart\u00edn 15\u00ba y complet\u00f3 equipo Ra\u00fal Castillo. La imagen de nuestros campeones tras recoger el premio es la fotograf\u00eda que abre nuestro blog. <\/span><\/span><\/p>\n<p align=\"JUSTIFY\"><span style=\"font-family: Tahoma, serif;\"><span style=\"font-size: medium;\"><br \/>\nVolviendo a nuestros j\u00f3venes talentos que nos representar\u00e1n este domingo no le vamos a pedir que nos vuelvan a traer una medallita pues muchos de ellos son m\u00e1s \u201cpisteros\u201d que \u201ccamperos\u201d, adem\u00e1s la mayor\u00eda competir\u00e1 la previa en el control de marcas organizado en Almu\u00f1\u00e9car, pero s\u00ed que disfruten tanto como en su d\u00eda lo hicieron sus compa\u00f1eros y que dentro de sus posibilidades se entreguen al equipo pues el atletismo es un deporte individual que se disfruta en conjunto, pues adem\u00e1s del entrenamiento y desarrollo de las propias capacidades hace falta potenciar sinton\u00eda con el entorno y compa\u00f1eros, eso que algunos llaman \u201cflow\u201d. <\/span><\/span><\/p>\n","protected":false},"excerpt":{"rendered":"<p>PREVIA AL CAMPEONATO ANDALUC\u00cdA CROSS CATEGOR\u00cdAS SUB 12 Y SUB 14, UN RECUERDO PARA NUESTROS&#8230;<\/p>\n","protected":false},"author":1,"featured_media":20802,"comment_status":"closed","ping_status":"closed","sticky":false,"template":"","format":"standard","meta":{"_coblocks_attr":"","_coblocks_dimensions":"","_coblocks_responsive_height":"","_coblocks_accordion_ie_support":"","jetpack_post_was_ever_published":false,"_jetpack_newsletter_access":"","_jetpack_dont_email_post_to_subs":false,"_jetpack_newsletter_tier_id":0,"_jetpack_memberships_contains_paywalled_content":false,"_jetpack_memberships_contains_paid_content":false,"footnotes":"","jetpack_publicize_message":"","jetpack_publicize_feature_enabled":true,"jetpack_social_post_already_shared":false,"jetpack_social_options":{"image_generator_settings":{"template":"highway","default_image_id":0,"enabled":false},"version":2}},"categories":[2,182,6915,44,15],"tags":[81,85,322],"class_list":["post-20801","post","type-post","status-publish","format-standard","has-post-thumbnail","hentry","category-atarfe","category-deportes","category-opinion-de-manuel-jimenez","category-noticias-de-hoy","category-ultimas-noticias","tag-atarfe","tag-atletismo","tag-deporte"],"jetpack_publicize_connections":[],"jetpack_featured_media_url":"https:\/\/i0.wp.com\/miradordeatarfe.es\/wp-content\/uploads\/2018\/01\/podium-mijas.jpg?fit=1073%2C204&ssl=1","jetpack_likes_enabled":true,"jetpack_sharing_enabled":true,"_links":{"self":[{"href":"https:\/\/miradordeatarfe.es\/index.php?rest_route=\/wp\/v2\/posts\/20801","targetHints":{"allow":["GET"]}}],"collection":[{"href":"https:\/\/miradordeatarfe.es\/index.php?rest_route=\/wp\/v2\/posts"}],"about":[{"href":"https:\/\/miradordeatarfe.es\/index.php?rest_route=\/wp\/v2\/types\/post"}],"author":[{"embeddable":true,"href":"https:\/\/miradordeatarfe.es\/index.php?rest_route=\/wp\/v2\/users\/1"}],"replies":[{"embeddable":true,"href":"https:\/\/miradordeatarfe.es\/index.php?rest_route=%2Fwp%2Fv2%2Fcomments&post=20801"}],"version-history":[{"count":2,"href":"https:\/\/miradordeatarfe.es\/index.php?rest_route=\/wp\/v2\/posts\/20801\/revisions"}],"predecessor-version":[{"id":20804,"href":"https:\/\/miradordeatarfe.es\/index.php?rest_route=\/wp\/v2\/posts\/20801\/revisions\/20804"}],"wp:featuredmedia":[{"embeddable":true,"href":"https:\/\/miradordeatarfe.es\/index.php?rest_route=\/wp\/v2\/media\/20802"}],"wp:attachment":[{"href":"https:\/\/miradordeatarfe.es\/index.php?rest_route=%2Fwp%2Fv2%2Fmedia&parent=20801"}],"wp:term":[{"taxonomy":"category","embeddable":true,"href":"https:\/\/miradordeatarfe.es\/index.php?rest_route=%2Fwp%2Fv2%2Fcategories&post=20801"},{"taxonomy":"post_tag","embeddable":true,"href":"https:\/\/miradordeatarfe.es\/index.php?rest_route=%2Fwp%2Fv2%2Ftags&post=20801"}],"curies":[{"name":"wp","href":"https:\/\/api.w.org\/{rel}","templated":true}]}}