{"id":2089,"date":"2015-06-02T09:00:46","date_gmt":"2015-06-02T09:00:46","guid":{"rendered":"http:\/\/miradordeatarfe.es\/?p=2089"},"modified":"2015-06-03T15:15:14","modified_gmt":"2015-06-03T15:15:14","slug":"la-vega-para-lorca-2015-poveda-arcangel-y-estrella-morente-recordaran-a-lorca-para-su-117-aniversario","status":"publish","type":"post","link":"https:\/\/miradordeatarfe.es\/?p=2089","title":{"rendered":"La Vega para Lorca 2015: Poveda, Arc\u00e1ngel y Estrella Morente recordar\u00e1n a Lorca para su 117 aniversario"},"content":{"rendered":"<p>Las voces de <strong>Miguel Poveda<\/strong>, <strong>Estrella<\/strong> y <strong>Sole\u00e1 Morente<\/strong>, <strong>Arc\u00e1ngel<\/strong> o Evangelistas, entre otros, <strong>homenajear\u00e1n a Federico Garc\u00eda Lorca<\/strong> en el 117 aniversario de su nacimiento, que se celebrar\u00e1 el 5 de junio en su pueblo natal, Fuente Vaqueros.<!--more--><\/p>\n<p>El concierto, en el que participar\u00e1n tambi\u00e9n Napole\u00f3n Solo, Joaqu\u00edn Araujo, y Jos\u00e9 Enrique Morente, tendr\u00e1 lugar a las 22,30 horas de ese viernes, con entrada gratuita, en el Paseo del Prado de Fuente Vaqueros, y tendr\u00e1 el nombre de &#8216;La Vega para Lorca&#8217;, ya que reivindicar\u00e1 tanto al poeta como la defensa de la Vega de Granada.<\/p>\n<p><a href=\"https:\/\/i0.wp.com\/miradordeatarfe.es\/wp-content\/uploads\/2015\/06\/Lorca-5-a-las-5-AlexCamara-552x310.jpg?ssl=1\"><img data-recalc-dims=\"1\" loading=\"lazy\" decoding=\"async\" class=\"alignnone size-full wp-image-2093\" src=\"https:\/\/i0.wp.com\/miradordeatarfe.es\/wp-content\/uploads\/2015\/06\/Lorca-5-a-las-5-AlexCamara-552x310.jpg?resize=552%2C310&#038;ssl=1\" alt=\"Lorca-5-a-las-5-AlexCamara-552x310\" width=\"552\" height=\"310\" srcset=\"https:\/\/i0.wp.com\/miradordeatarfe.es\/wp-content\/uploads\/2015\/06\/Lorca-5-a-las-5-AlexCamara-552x310.jpg?resize=552%2C310&amp;ssl=1 552w, https:\/\/i0.wp.com\/miradordeatarfe.es\/wp-content\/uploads\/2015\/06\/Lorca-5-a-las-5-AlexCamara-552x310.jpg?resize=300%2C168&amp;ssl=1 300w\" sizes=\"auto, (max-width: 552px) 100vw, 552px\" \/><\/a><\/p>\n<p>Por otro lado, una exposici\u00f3n, a modo de \u00abalegor\u00eda\u00bb del estreno de &#8216;Do\u00f1a Rosita la soltera o el lenguaje de las flores&#8217;, que se subi\u00f3 por primera vez a los escenarios del 13 de diciembre de 1935 con el Principal Palace de Barcelona, con la compa\u00f1\u00eda de Margarita Xirgu, centrar\u00e1 tambi\u00e9n los actos programados para el 117 aniversario, el llamado &#8216;5 a las 5&#8217;, que organiza el Patronato Cultural Federico Garc\u00eda Lorca de la Diputaci\u00f3n de Granada, con la colaboraci\u00f3n del Ayuntamiento del pueblo natal del poeta, Fuente Vaqueros.<\/p>\n<p>La muestra, que recuerda as\u00ed el 80 aniversario del estreno, se inaugurar\u00e1 el mismo d\u00eda en que abri\u00f3 los ojos el autor de otras obras magistrales de la literatura como &#8216;Poeta en Nueva York&#8217; o &#8216;La casa de Bernarda Alba&#8217;, el 5 de junio, en el Museo Casa Natal, en Fuente Vaqueros. Con el nombre de &#8216;Rosa mutabile&#8217;, recrear\u00e1 el espacio dram\u00e1tico de Do\u00f1a Rosita: su \u00edntimo mundo juvenil, donde los sue\u00f1os y la fantas\u00eda primera se topar\u00e1n con las promesas incumplidas, con muebles de la \u00e9poca de la ciudad provincial del novecientos y con manuscritos del propio Garc\u00eda Lorca que forman parte del patrimonio de la casa-museo.<\/p>\n<p>Los actos del &#8216;5 a las cinco&#8217;, que han presentado en rueda de prensa el diputado provincial de Cultura y Patrimonio y el alcalde de Fuente Vaqueros, Francisco Jos\u00e9 Mart\u00edn Su\u00e1rez, arrancar\u00e1n antes, el 30 de mayo, con la presentaci\u00f3n del libro &#8216;Federico Garc\u00eda Lorca. Manifiestos, adhesiones y homenajes (1916-1936) de Rafael Inglada, en un acto al que acudir\u00e1 el hispanista Ian Gibson, autor del pr\u00f3logo.<\/p>\n<p>Se trata de una recopilaci\u00f3n de todos los manifiestos y reivindicaciones en las que particip\u00f3 el autor de Yerma, una de las cuales se ha editado como facs\u00edmil para repartir 300 ejemplares entre los asistentes al acto programado para el d\u00eda 5. Se trata de una petici\u00f3n que hizo desde el Centro Art\u00edstico Federico Garc\u00eda Lorca a la Diputaci\u00f3n de Granada, para que becara a dos artistas, a Juan Crist\u00f3bal e Ismael G\u00f3mez de la Serna, y que lleva la firma del poeta.<\/p>\n<p>El martes 2 de junio tambi\u00e9n se ha programado, de 10,00 a 14,00 horas, y de 17,00 a 19,00 horas, lecturas de textos de Federico Garc\u00eda Lorca, vinculados a &#8216;Do\u00f1a Rosita la soltera&#8217;, durante la jornada de puertas abiertas del Museo-Casa Natal.<\/p>\n<p>La programaci\u00f3n central es la del d\u00eda 5 de junio, en la Casa Natal, que servir\u00e1 para entregar, a las 20,00 horas, el tradicional Premio Pozo de Plata, este a\u00f1o catedr\u00e1tico y acad\u00e9mico Antonio S\u00e1nchez Trigueros, por su \u00ablarga trayectoria\u00bb en la docencia y en la defensa de la obra lorquiana en particular, y de la literatura en general, como ha indicado Torrente.<\/p>\n<p>A continuaci\u00f3n, a las 21,00 horas, se ha programado el espect\u00e1culo &#8216;Hotel Castelar&#8217;, del cantautor Luis Otero y que alude al hotel en el que Lorca se aloj\u00f3 durante su estancia en Buenos Aires y que por tanto tiene vinculaci\u00f3n con su etapa en Argentina.<\/p>\n<p>Ya a las 21,30 horas se inaugurar\u00e1 la exposici\u00f3n &#8216;Rosa mutabile&#8217;, que invita a pasear por el diminuto universo granadino de este \u00abdrama de la cursiler\u00eda espa\u00f1ola\u00bb, como le llam\u00f3 el propio Lorca, que se estren\u00f3 en diciembre de 1935 por la Compa\u00f1\u00eda de Margarita Xirgu, hace ahora ochenta a\u00f1os. La velada concluir\u00e1 como cada a\u00f1o con la tradicional limonada con hierbabuena.<\/p>\n<p>Adem\u00e1s, seg\u00fan ha recordado el alcalde de Fuente Vaqueros, la programaci\u00f3n se complementa con la Semana Cultural en el municipio, que arranca el 29 de mayo y concluye el 7 de junio, que incluye teatro, t\u00edteres, pintura, o arte popular y que este a\u00f1o, en colaboraci\u00f3n con Vega Educa, se dedicar\u00e1 a la relaci\u00f3n entre Lorca y la Vega.<\/p>\n<p>Como acto central, se ha programado para el viernes 5 el concierto popular con la participaci\u00f3n de Arc\u00e1ngel, Estrella Morente, Miguel Poveda, Evangelistas, Napole\u00f3n Solo, Joaqu\u00edn Araujo, y Jos\u00e9 Enrique y Sole\u00e1 Morente.<\/p>\n<p>Antonio Arias, integrante de Evangelistas, ha se\u00f1alado que cantar a Lorca se convierte en una \u00abadicci\u00f3n\u00bb por su profundidad, y cantarlo adem\u00e1s en su localidad natal, Fuente Vaqueros, es adem\u00e1s \u00abmotivo m\u00e1s que de celebraci\u00f3n\u00bb, y se ha alegrado que adem\u00e1s sea con el objetivo de defender la Vega.<\/p>\n<div>Leer m\u00e1s: <a href=\"http:\/\/www.lavanguardia.com\/local\/sevilla\/20150526\/54431460229\/poveda-arcangel-estrella-morente-recordaran-lorca.html#ixzz3bSbpnGFx\">http:\/\/www.lavanguardia.com\/local\/sevilla\/20150526\/54431460229\/poveda-arcangel-estrella-morente-recordaran-lorca.html#ixzz3bSbpnGFx<\/a><br \/>\nS\u00edguenos en: <a href=\"http:\/\/ec.tynt.com\/b\/rw?id=bfGm0wUVqr4yzracwqm_6r&amp;u=LaVanguardia\" target=\"_blank\">https:\/\/twitter.com\/@LaVanguardia<\/a> | <a href=\"http:\/\/ec.tynt.com\/b\/rf?id=bfGm0wUVqr4yzracwqm_6r&amp;u=LaVanguardia\" target=\"_blank\">http:\/\/facebook.com\/LaVanguardia<\/a><\/div>\n","protected":false},"excerpt":{"rendered":"<p>Las voces de Miguel Poveda, Estrella y Sole\u00e1 Morente, Arc\u00e1ngel o Evangelistas, entre otros, homenajear\u00e1n&#8230;<\/p>\n","protected":false},"author":1,"featured_media":2091,"comment_status":"closed","ping_status":"closed","sticky":false,"template":"","format":"standard","meta":{"_coblocks_attr":"","_coblocks_dimensions":"","_coblocks_responsive_height":"","_coblocks_accordion_ie_support":"","jetpack_post_was_ever_published":false,"_jetpack_newsletter_access":"","_jetpack_dont_email_post_to_subs":false,"_jetpack_newsletter_tier_id":0,"_jetpack_memberships_contains_paywalled_content":false,"_jetpack_memberships_contains_paid_content":false,"footnotes":"","jetpack_publicize_message":"","jetpack_publicize_feature_enabled":true,"jetpack_social_post_already_shared":false,"jetpack_social_options":{"image_generator_settings":{"template":"highway","default_image_id":0,"enabled":false},"version":2}},"categories":[12,186,15],"tags":[767,766,489],"class_list":["post-2089","post","type-post","status-publish","format-standard","has-post-thumbnail","hentry","category-cultura","category-instituciones","category-ultimas-noticias","tag-estrella-morente","tag-fuernte-vaqueros","tag-lorca"],"jetpack_publicize_connections":[],"jetpack_featured_media_url":"https:\/\/i0.wp.com\/miradordeatarfe.es\/wp-content\/uploads\/2015\/06\/CO02-CORDOBA-16-06-2012-La-can_54313838827_51351706917_600_226.jpg?fit=598%2C226&ssl=1","jetpack_likes_enabled":true,"jetpack_sharing_enabled":true,"_links":{"self":[{"href":"https:\/\/miradordeatarfe.es\/index.php?rest_route=\/wp\/v2\/posts\/2089","targetHints":{"allow":["GET"]}}],"collection":[{"href":"https:\/\/miradordeatarfe.es\/index.php?rest_route=\/wp\/v2\/posts"}],"about":[{"href":"https:\/\/miradordeatarfe.es\/index.php?rest_route=\/wp\/v2\/types\/post"}],"author":[{"embeddable":true,"href":"https:\/\/miradordeatarfe.es\/index.php?rest_route=\/wp\/v2\/users\/1"}],"replies":[{"embeddable":true,"href":"https:\/\/miradordeatarfe.es\/index.php?rest_route=%2Fwp%2Fv2%2Fcomments&post=2089"}],"version-history":[{"count":3,"href":"https:\/\/miradordeatarfe.es\/index.php?rest_route=\/wp\/v2\/posts\/2089\/revisions"}],"predecessor-version":[{"id":2094,"href":"https:\/\/miradordeatarfe.es\/index.php?rest_route=\/wp\/v2\/posts\/2089\/revisions\/2094"}],"wp:featuredmedia":[{"embeddable":true,"href":"https:\/\/miradordeatarfe.es\/index.php?rest_route=\/wp\/v2\/media\/2091"}],"wp:attachment":[{"href":"https:\/\/miradordeatarfe.es\/index.php?rest_route=%2Fwp%2Fv2%2Fmedia&parent=2089"}],"wp:term":[{"taxonomy":"category","embeddable":true,"href":"https:\/\/miradordeatarfe.es\/index.php?rest_route=%2Fwp%2Fv2%2Fcategories&post=2089"},{"taxonomy":"post_tag","embeddable":true,"href":"https:\/\/miradordeatarfe.es\/index.php?rest_route=%2Fwp%2Fv2%2Ftags&post=2089"}],"curies":[{"name":"wp","href":"https:\/\/api.w.org\/{rel}","templated":true}]}}