{"id":20914,"date":"2018-01-20T10:16:40","date_gmt":"2018-01-20T09:16:40","guid":{"rendered":"http:\/\/miradordeatarfe.es\/?p=20914"},"modified":"2018-01-18T20:22:53","modified_gmt":"2018-01-18T19:22:53","slug":"la-escuela-de-teatro-de-atarfe-en-el-certamen-de-alhendin-con-la-obra-el-jardin-de-los-cerezos","status":"publish","type":"post","link":"https:\/\/miradordeatarfe.es\/?p=20914","title":{"rendered":"La Escuela de Teatro de Atarfe, en el Certamen de Alhend\u00edn con la obra &#8216;El jard\u00edn de los cerezos&#8217;"},"content":{"rendered":"<p style=\"text-align: justify;\">La representaci\u00f3n de la obra de Ant\u00f3n Ch\u00e9jov tendr\u00e1 lugar el s\u00e1bado 20 de enero, a las 20:30 horas, en el Teatro Municipal de Alhend\u00edn. Se trata de uno los cert\u00e1menes de teatro no profesional m\u00e1s importantes de Espa\u00f1a<!--more--><\/p>\n<p style=\"text-align: justify;\">La <strong>Escuela Municipal de Teatro de Atarfe<\/strong> participa un a\u00f1o m\u00e1s en el <strong>certamen de Alhend\u00edn<\/strong> con la adaptaci\u00f3n en esta ocasi\u00f3n de la obra de Ant\u00f3n Ch\u00e9jov <strong><em>&#8216;El jard\u00edn de los cerezos&#8217;<\/em><\/strong>, una historia cargada de emociones y ambientada en el declive econ\u00f3mico de la aristocracia rusa a finales del siglo XIX.<\/p>\n<p style=\"text-align: justify;\">La representaci\u00f3n tendr\u00e1 lugar el <strong>s\u00e1bado 20 de enero, a las 20:30 horas, en el Teatro Municipal de Alhend\u00edn<\/strong>. Se trata de uno los cert\u00e1menes de teatro no profesional m\u00e1s importantes de Espa\u00f1a que en su XIV edici\u00f3n re\u00fane a nueve compa\u00f1\u00edas de distintos municipios, entre elllas la Escuela Municipal de Teatro de Atarfe que en anteriores ediciones ha obtenido los principales galardones.<\/p>\n<p style=\"text-align: justify;\">Este a\u00f1o el grupo de adultos de la Escuela Municipal de Teatro que dirige <strong>V\u00edctor Rivera<\/strong> acude a Alhend\u00edn con la puesta en escena &#8216;El jard\u00edn de los cerezos&#8217;, que ya se present\u00f3 en la Muestra de Teatro Local de Atarfe celebrada el pasado mes de septiembre.<\/p>\n<p style=\"text-align: justify;\">La obra se sit\u00faa en la Rusia de finales del siglo XIX, una \u00e9poca importante en la historia de Europa y del mundo. La historia gira en torno a una importante familia de arist\u00f3cratas rusos que debe enfrentarse a un grave problema econ\u00f3mico como consecuencia de una mala administraci\u00f3n de sus bienes, cuya soluci\u00f3n es del todo imprevisible. Lo que hasta entonces era s\u00f3lido en sus vidas, se empieza a desvanecer y el futuro se les presenta cargado de miedo y de incertidumbre.<\/p>\n<p>&nbsp;<\/p>\n<p><a href=\"https:\/\/i0.wp.com\/miradordeatarfe.es\/wp-content\/uploads\/2018\/01\/teatro-alhendin-3.jpg?ssl=1\"><img data-recalc-dims=\"1\" loading=\"lazy\" decoding=\"async\" class=\"size-full wp-image-20915 aligncenter\" src=\"https:\/\/i0.wp.com\/miradordeatarfe.es\/wp-content\/uploads\/2018\/01\/teatro-alhendin-3.jpg?resize=440%2C700&#038;ssl=1\" alt=\"\" width=\"440\" height=\"700\" srcset=\"https:\/\/i0.wp.com\/miradordeatarfe.es\/wp-content\/uploads\/2018\/01\/teatro-alhendin-3.jpg?w=440&amp;ssl=1 440w, https:\/\/i0.wp.com\/miradordeatarfe.es\/wp-content\/uploads\/2018\/01\/teatro-alhendin-3.jpg?resize=189%2C300&amp;ssl=1 189w\" sizes=\"auto, (max-width: 440px) 100vw, 440px\" \/><\/a><\/p>\n","protected":false},"excerpt":{"rendered":"<p>La representaci\u00f3n de la obra de Ant\u00f3n Ch\u00e9jov tendr\u00e1 lugar el s\u00e1bado 20 de enero,&#8230;<\/p>\n","protected":false},"author":1,"featured_media":20917,"comment_status":"closed","ping_status":"closed","sticky":false,"template":"","format":"standard","meta":{"_coblocks_attr":"","_coblocks_dimensions":"","_coblocks_responsive_height":"","_coblocks_accordion_ie_support":"","jetpack_post_was_ever_published":false,"_jetpack_newsletter_access":"","_jetpack_dont_email_post_to_subs":false,"_jetpack_newsletter_tier_id":0,"_jetpack_memberships_contains_paywalled_content":false,"_jetpack_memberships_contains_paid_content":false,"footnotes":"","jetpack_publicize_message":"","jetpack_publicize_feature_enabled":true,"jetpack_social_post_already_shared":false,"jetpack_social_options":{"image_generator_settings":{"template":"highway","default_image_id":0,"enabled":false},"version":2}},"categories":[2,12,44,15],"tags":[81,90,498],"class_list":["post-20914","post","type-post","status-publish","format-standard","has-post-thumbnail","hentry","category-atarfe","category-cultura","category-noticias-de-hoy","category-ultimas-noticias","tag-atarfe","tag-cultura","tag-teatro"],"jetpack_publicize_connections":[],"jetpack_featured_media_url":"https:\/\/i0.wp.com\/miradordeatarfe.es\/wp-content\/uploads\/2018\/01\/asociacion-artistica-y-cultural-ciudad-atarfe.png?fit=214%2C94&ssl=1","jetpack_likes_enabled":true,"jetpack_sharing_enabled":true,"_links":{"self":[{"href":"https:\/\/miradordeatarfe.es\/index.php?rest_route=\/wp\/v2\/posts\/20914","targetHints":{"allow":["GET"]}}],"collection":[{"href":"https:\/\/miradordeatarfe.es\/index.php?rest_route=\/wp\/v2\/posts"}],"about":[{"href":"https:\/\/miradordeatarfe.es\/index.php?rest_route=\/wp\/v2\/types\/post"}],"author":[{"embeddable":true,"href":"https:\/\/miradordeatarfe.es\/index.php?rest_route=\/wp\/v2\/users\/1"}],"replies":[{"embeddable":true,"href":"https:\/\/miradordeatarfe.es\/index.php?rest_route=%2Fwp%2Fv2%2Fcomments&post=20914"}],"version-history":[{"count":2,"href":"https:\/\/miradordeatarfe.es\/index.php?rest_route=\/wp\/v2\/posts\/20914\/revisions"}],"predecessor-version":[{"id":20918,"href":"https:\/\/miradordeatarfe.es\/index.php?rest_route=\/wp\/v2\/posts\/20914\/revisions\/20918"}],"wp:featuredmedia":[{"embeddable":true,"href":"https:\/\/miradordeatarfe.es\/index.php?rest_route=\/wp\/v2\/media\/20917"}],"wp:attachment":[{"href":"https:\/\/miradordeatarfe.es\/index.php?rest_route=%2Fwp%2Fv2%2Fmedia&parent=20914"}],"wp:term":[{"taxonomy":"category","embeddable":true,"href":"https:\/\/miradordeatarfe.es\/index.php?rest_route=%2Fwp%2Fv2%2Fcategories&post=20914"},{"taxonomy":"post_tag","embeddable":true,"href":"https:\/\/miradordeatarfe.es\/index.php?rest_route=%2Fwp%2Fv2%2Ftags&post=20914"}],"curies":[{"name":"wp","href":"https:\/\/api.w.org\/{rel}","templated":true}]}}