{"id":20926,"date":"2018-01-21T11:36:07","date_gmt":"2018-01-21T10:36:07","guid":{"rendered":"http:\/\/miradordeatarfe.es\/?p=20926"},"modified":"2018-01-20T22:51:08","modified_gmt":"2018-01-20T21:51:08","slug":"tanques-y-mujeres-por-juan-alfredo-bellon","status":"publish","type":"post","link":"https:\/\/miradordeatarfe.es\/?p=20926","title":{"rendered":"TANQUES Y MUJERES por Juan Alfredo BELL\u00d3N"},"content":{"rendered":"<p style=\"text-align: justify;\">TANQUES Y\u00a0 MUJERES\u00a0por Juan Alfredo Bell\u00f3n\u00a0para \u00a0EL MIRADOR DE ATARFE\u00a0del domingo 21-01-2018<!--more--><\/p>\n<p style=\"text-align: justify;\">Cuentan las cr\u00f3nicas period\u00edsticas de la semana pasada lo que ha sido la \u00faltima burrada de La Legi\u00f3n y digo burrada porque no otra cosa es el canto p\u00fablico para acompa\u00f1ar la marcha militar (muy acelerada en el caso de este cuerpo de \u00e9lite) de sus unidades en El Puerto de Santa Mar\u00eda donde se hospeda.<\/p>\n<p style=\"text-align: justify;\">Resulta que lo tradicional era marchar corriendo y cantando Soy el novio de la muerte, con lo que ya se defin\u00edan los gustos de los legionarios en punto a las aspiraciones \u00e9ticas del cuerpo\u2026 armado. Casi nada que decir sobre el canon est\u00e9tico de los supradichos caballeros y damas salvo disentir del buen gusto que exhiben dici\u00e9ndose en relaciones prematrimoniales con la Canina. Pero ahora han pasado a mayores cantando a coro marcial, donde empiezan a abundar las f\u00e9minas, que prefieren tener un tanque a una mujer porque el primero sirve para la guerra y\u00a0 la segunda es la guerra misma. En otra canci\u00f3n similar, que entonan los caballeros y damas de La Legi\u00f3n, dicen preferir un perro a una mujer por la fidelidad que el animal les guarda, y as\u00ed sucesivamente\u2026 por lo que los mandos concernidos han puesto en marha una investigaci\u00f3n para determinar si las legionarias de estas unidades cantaron motu propio o alieno esos conceptos ignorando que tambi\u00e9n las juezas esas que sentencian en t\u00e9rminos ultramachistas lo hacen arropadas por muchos de sus compa\u00f1eros y para conseguir setirse y\u00a0 que las sientan como miembros del clan.<\/p>\n<p style=\"text-align: justify;\">L\u00edbreme el se\u00f1or\u2026 ministro Zoido que, por ser juez de carrera, sabe de esto m\u00e1s que yo, de atreverme a insultar al intituto armado porque, desde el general Mill\u00e1n Astray, sus circunstancias y sus tiempos ha llovido mucho y tanto nosotros como \u00e9l nos hemos encontrado el pastel muy cocinado, pero entiendo que la denuncia de los comunistas andaluces ante los tribunales tiene cierta oportunidad por la urgencia de modernizaci\u00f3n que el caso exige.<\/p>\n<p style=\"text-align: justify;\">Como exige tambi\u00e9n, seg\u00fan rezan las cr\u00f3nicas, el adelgazamiento inmediato de los actuales leg\u00edas que andan mayoritaria y evidentemente sobrados de peso y exhiben un barrigamen impropio de su tradicional condici\u00f3n atl\u00e9tica militar y africana.<\/p>\n<p style=\"text-align: justify;\">C\u00f3mo ser\u00e1 la exhibici\u00f3n legionaria de curvae felicitatis, que el referido cuerpo de origen africano e imitaci\u00f3n francesa ha despertado en mi una renacida simpat\u00eda por la Benem\u00e9rita, fundada por el duque de Ahumada para normalizar las reivindicaciones campesinas y del mundo rural y luego, durante el franquismo para reprimir los brotes rebeldes en ese mimo medio como patentiza la memoria popular granadina en la persona del famoso sargento Colomera, guardia civil que actuaba desde la Guerra por el Albayc\u00edn impartiendo su justicia ferrea y espartana entre el vecindario: \u00bfAndando por la Cuesta del Chapiz en bicicleta, suelto de manos? Pues te quito el mananillar y te empujo cuesta abajo para que demuestres tu dominio cicl\u00edstico\u2026<\/p>\n<p style=\"text-align: justify;\">Pues conticoneso, como se dice popularmente por aqu\u00ed, he acabado simpatizando con los picoletos por su heroica contribuci\u00f3n a la lucha contra el terrorismo de ETA y al establecimiento de la paz mundial con las fuerzas de\u00a0 la ONU, participaci\u00f3n en las soluci\u00f3n de las causas humanitarias y la crisis de Catalu\u00f1a, contra viento y marea de separatistas, sentimiento este \u00faltimo de simpat\u00eda que ostento a pesar de mi invertebrada condici\u00f3n de cul\u00e9 y de andalucista y progresista. Sin contar la deuda que se le tiene hoy a los civiles\u00a0 por su contribuci\u00f3n a la lucha contra la corrupc\u00ed\u00f3n y por la seguridad en las carreteras. Total que desde 1978 la Benem\u00e9rita ha vuelto a ponerse de parte de la legalidad constitucional, lo que urgir\u00eda hacer a la Legi\u00f3n a marchas forzadas.<\/p>\n<p style=\"text-align: justify;\">Y lo que son las cosas, la presencia de bastantes mujeres en sus filas no tiene por qu\u00e9 significar un mayor acatamiento a los derechos de las mujeres, ni en la judicatura, ni en la abogac\u00eda, ni en la Sanidad, ni en las instituciones religiosas. Hasce falta mucha educaci\u00f3n y mucha instrucci\u00f3n y quiz\u00e1 mucha huelga mundial de las mujeres y sus sectores aliados para cambiar la correlaci\u00f3n\u00a0 de fuerzas a favor de su causa y tanques no, desde luego.<\/p>\n<p>&nbsp;<\/p>\n","protected":false},"excerpt":{"rendered":"<p>TANQUES Y\u00a0 MUJERES\u00a0por Juan Alfredo Bell\u00f3n\u00a0para \u00a0EL MIRADOR DE ATARFE\u00a0del domingo 21-01-2018<\/p>\n","protected":false},"author":1,"featured_media":20927,"comment_status":"closed","ping_status":"closed","sticky":false,"template":"","format":"standard","meta":{"_coblocks_attr":"","_coblocks_dimensions":"","_coblocks_responsive_height":"","_coblocks_accordion_ie_support":"","jetpack_post_was_ever_published":false,"_jetpack_newsletter_access":"","_jetpack_dont_email_post_to_subs":false,"_jetpack_newsletter_tier_id":0,"_jetpack_memberships_contains_paywalled_content":false,"_jetpack_memberships_contains_paid_content":false,"footnotes":"","jetpack_publicize_message":"","jetpack_publicize_feature_enabled":true,"jetpack_social_post_already_shared":false,"jetpack_social_options":{"image_generator_settings":{"template":"highway","default_image_id":0,"enabled":false},"version":2}},"categories":[1161,36,44,15],"tags":[1012,21,4575,19],"class_list":["post-20926","post","type-post","status-publish","format-standard","has-post-thumbnail","hentry","category-ciudadania","category-opinion-de-juan-alfredo-bellon","category-noticias-de-hoy","category-ultimas-noticias","tag-derechos","tag-igualdad","tag-legion","tag-mujeres"],"jetpack_publicize_connections":[],"jetpack_featured_media_url":"https:\/\/i0.wp.com\/miradordeatarfe.es\/wp-content\/uploads\/2018\/01\/Unknown.jpg?fit=300%2C168&ssl=1","jetpack_likes_enabled":true,"jetpack_sharing_enabled":true,"_links":{"self":[{"href":"https:\/\/miradordeatarfe.es\/index.php?rest_route=\/wp\/v2\/posts\/20926","targetHints":{"allow":["GET"]}}],"collection":[{"href":"https:\/\/miradordeatarfe.es\/index.php?rest_route=\/wp\/v2\/posts"}],"about":[{"href":"https:\/\/miradordeatarfe.es\/index.php?rest_route=\/wp\/v2\/types\/post"}],"author":[{"embeddable":true,"href":"https:\/\/miradordeatarfe.es\/index.php?rest_route=\/wp\/v2\/users\/1"}],"replies":[{"embeddable":true,"href":"https:\/\/miradordeatarfe.es\/index.php?rest_route=%2Fwp%2Fv2%2Fcomments&post=20926"}],"version-history":[{"count":1,"href":"https:\/\/miradordeatarfe.es\/index.php?rest_route=\/wp\/v2\/posts\/20926\/revisions"}],"predecessor-version":[{"id":20928,"href":"https:\/\/miradordeatarfe.es\/index.php?rest_route=\/wp\/v2\/posts\/20926\/revisions\/20928"}],"wp:featuredmedia":[{"embeddable":true,"href":"https:\/\/miradordeatarfe.es\/index.php?rest_route=\/wp\/v2\/media\/20927"}],"wp:attachment":[{"href":"https:\/\/miradordeatarfe.es\/index.php?rest_route=%2Fwp%2Fv2%2Fmedia&parent=20926"}],"wp:term":[{"taxonomy":"category","embeddable":true,"href":"https:\/\/miradordeatarfe.es\/index.php?rest_route=%2Fwp%2Fv2%2Fcategories&post=20926"},{"taxonomy":"post_tag","embeddable":true,"href":"https:\/\/miradordeatarfe.es\/index.php?rest_route=%2Fwp%2Fv2%2Ftags&post=20926"}],"curies":[{"name":"wp","href":"https:\/\/api.w.org\/{rel}","templated":true}]}}