{"id":20939,"date":"2018-01-23T11:44:49","date_gmt":"2018-01-23T10:44:49","guid":{"rendered":"http:\/\/miradordeatarfe.es\/?p=20939"},"modified":"2018-01-22T11:55:38","modified_gmt":"2018-01-22T10:55:38","slug":"remodelacion-urbana-en-la-avenida-de-la-circunvalacion-para-mejorar-la-seguridad","status":"publish","type":"post","link":"https:\/\/miradordeatarfe.es\/?p=20939","title":{"rendered":"ATARFE: Remodelaci\u00f3n urbana en la Avenida de la Circunvalaci\u00f3n para mejorar la seguridad"},"content":{"rendered":"<div class=\"post-meta\">En una primera fase, que comprende el tramo de la Avenida de la Circunvalaci\u00f3n entre los cruces con el Camino de la Vi\u00f1uela y la calle Chauchina, est\u00e1 previsto ensanchar las aceras, ordenar los aparcamientos y calmar el tr\u00e1fico de la v\u00eda lateral para que tenga un uso residencial.<\/div>\n<p><!--more--><\/p>\n<div class=\"post-meta\">\u00a0El Ayuntamiento de Atarfe ha iniciado las obras de remodelaci\u00f3n urbana\u00a0en torno a la Ronda de Lindaraja que afecta a la Avenida de la Circunvalaci\u00f3n y a un tramo anexo de la GR-3417.<\/div>\n<p>Con la finalidad de mejorar la seguridad de la v\u00eda y fomentar una circulaci\u00f3n segura para veh\u00edculos, ciclistas y peatones, reivindicaci\u00f3n de los vecinos, se lleva a cabo en la actualidad una obra en distintas fases, dando prioridad al tramo con mayor densidad de poblaci\u00f3n.<\/p>\n<p>En esta primera fase, que comprende el tramo de la Avenida de la Circunvalaci\u00f3n entre los cruces con el Camino de la Vi\u00f1uela y la calle Chauchina, est\u00e1 previsto dotar de mayor anchura a las aceras existentes para que cumplan la normativa de accesibilidad, ordenar los aparcamientos y calmar el tr\u00e1fico en dicha zona para que la v\u00eda lateral a la carretera principal tenga un uso residencial y no se utilice como alternativa m\u00e1s r\u00e1pida a la circunvalaci\u00f3n.<\/p>\n<p>Para ello se habilitar\u00e1 en la Avenida de la Circunvalaci\u00f3n un paso de peat\u00f3n con bandas transversales de alerta en relieve, se\u00f1alizaci\u00f3n vertical y horizontal, la demolici\u00f3n de acerado y bordillos, el ensanche de acerados y zonas verdes, el tratamiento de los jardines, traslado de farolas y desplazamiento de imbornales.<\/p>\n<p><img data-recalc-dims=\"1\" loading=\"lazy\" decoding=\"async\" class=\"aligncenter\" src=\"https:\/\/i0.wp.com\/www.atarfe.es\/data\/CoreImages\/ronda-de-lindaraja-3.jpg?resize=640%2C426\" alt=\"\" width=\"640\" height=\"426\" \/><\/p>\n<p>Para el acondicionamiento del paso de peat\u00f3n en la Avenida de la Coircunvalaci\u00f3n, de titularidad de la Diputaci\u00f3n de Granada, se ha tenido en cuenta la instrucci\u00f3n t\u00e9cnica para la instalaci\u00f3n de reductores de velocidad y bandas transversales de alerta en la Red de Carreteras del Estado del Ministerio de Fomento y el documento t\u00e9cnico sobre el decreto andaluz de accesibilidad. El paso de peatones elevado no fue autorizado por la Diputaci\u00f3n.<\/p>\n<p>Estas bandas se instalar\u00e1n a una distancia prudencial del paso de peat\u00f3n, en todo el ancho de la carretera y se prolongar\u00e1 por el carril lateral para evitar que el tr\u00e1fico se desv\u00ede a la v\u00eda\u00a0residencial.<\/p>\n<p>Para la realizaci\u00f3n de los trabajos\u00a0ha sido necesario retirar los naranjos y lilos que en su d\u00eda se plantaron en los parterres que lindan con la circunvalaci\u00f3n y transplantarlos a otras zonas del pueblo, en concreto en la Avenida del Mar Mediterr\u00e1neo, la Avenida de la Diputaci\u00f3n y la calle Granada. El \u00e1rea de Jardiner\u00eda los sustituir\u00e1 por especies aut\u00f3ctonas que se adapten a las condiciones del terreno.<\/p>\n<p><img data-recalc-dims=\"1\" decoding=\"async\" class=\"aligncenter\" src=\"https:\/\/i0.wp.com\/www.atarfe.es\/data\/CoreImages\/transplante.jpg?w=640\" alt=\"\" \/><\/p>\n<p><em>Trasplante de un naranjo en la Avenida de la Diputaci\u00f3n<\/em><\/p>\n<div class=\"post-block post-share\"><\/div>\n","protected":false},"excerpt":{"rendered":"<p>En una primera fase, que comprende el tramo de la Avenida de la Circunvalaci\u00f3n entre&#8230;<\/p>\n","protected":false},"author":1,"featured_media":0,"comment_status":"closed","ping_status":"closed","sticky":false,"template":"","format":"standard","meta":{"_coblocks_attr":"","_coblocks_dimensions":"","_coblocks_responsive_height":"","_coblocks_accordion_ie_support":"","jetpack_post_was_ever_published":false,"_jetpack_newsletter_access":"","_jetpack_dont_email_post_to_subs":false,"_jetpack_newsletter_tier_id":0,"_jetpack_memberships_contains_paywalled_content":false,"_jetpack_memberships_contains_paid_content":false,"footnotes":"","jetpack_publicize_message":"","jetpack_publicize_feature_enabled":true,"jetpack_social_post_already_shared":false,"jetpack_social_options":{"image_generator_settings":{"template":"highway","default_image_id":0,"enabled":false},"version":2}},"categories":[2,186,44,15],"tags":[81,3008],"class_list":["post-20939","post","type-post","status-publish","format-standard","hentry","category-atarfe","category-instituciones","category-noticias-de-hoy","category-ultimas-noticias","tag-atarfe","tag-obras"],"jetpack_publicize_connections":[],"jetpack_featured_media_url":"","jetpack_likes_enabled":true,"jetpack_sharing_enabled":true,"_links":{"self":[{"href":"https:\/\/miradordeatarfe.es\/index.php?rest_route=\/wp\/v2\/posts\/20939","targetHints":{"allow":["GET"]}}],"collection":[{"href":"https:\/\/miradordeatarfe.es\/index.php?rest_route=\/wp\/v2\/posts"}],"about":[{"href":"https:\/\/miradordeatarfe.es\/index.php?rest_route=\/wp\/v2\/types\/post"}],"author":[{"embeddable":true,"href":"https:\/\/miradordeatarfe.es\/index.php?rest_route=\/wp\/v2\/users\/1"}],"replies":[{"embeddable":true,"href":"https:\/\/miradordeatarfe.es\/index.php?rest_route=%2Fwp%2Fv2%2Fcomments&post=20939"}],"version-history":[{"count":2,"href":"https:\/\/miradordeatarfe.es\/index.php?rest_route=\/wp\/v2\/posts\/20939\/revisions"}],"predecessor-version":[{"id":20942,"href":"https:\/\/miradordeatarfe.es\/index.php?rest_route=\/wp\/v2\/posts\/20939\/revisions\/20942"}],"wp:attachment":[{"href":"https:\/\/miradordeatarfe.es\/index.php?rest_route=%2Fwp%2Fv2%2Fmedia&parent=20939"}],"wp:term":[{"taxonomy":"category","embeddable":true,"href":"https:\/\/miradordeatarfe.es\/index.php?rest_route=%2Fwp%2Fv2%2Fcategories&post=20939"},{"taxonomy":"post_tag","embeddable":true,"href":"https:\/\/miradordeatarfe.es\/index.php?rest_route=%2Fwp%2Fv2%2Ftags&post=20939"}],"curies":[{"name":"wp","href":"https:\/\/api.w.org\/{rel}","templated":true}]}}