{"id":2095,"date":"2015-05-29T08:05:02","date_gmt":"2015-05-29T08:05:02","guid":{"rendered":"http:\/\/miradordeatarfe.es\/?p=2095"},"modified":"2015-05-30T10:22:42","modified_gmt":"2015-05-30T10:22:42","slug":"festival-de-cortometrajes-de-atarfe","status":"publish","type":"post","link":"https:\/\/miradordeatarfe.es\/?p=2095","title":{"rendered":"FESTIVAL DE CORTOMETRAJES DE ATARFE"},"content":{"rendered":"<p>Para Asistir a las Jornadas, talleres y Charlas ATAJO 2015, deber\u00e1s inscribirte en la p\u00e1gina web <a href=\"http:\/\/l.facebook.com\/l.php?u=http%3A%2F%2Fwww.atajofestivalatarfe.com%2F&amp;h=UAQHqF7qU&amp;enc=AZNcEGrk5eTCJ-j3NXxPsRxp2Bpob3kw_AkiIwTkzvNPAvW1VtHVwdwQ2M9XTZM6JKxTzWk8GySXV_1w5Xzzrqufi98OyLjGy9efYKZ_XvDFxl-4u1xIQx84A4ACotO_KXLjUAuZB90PiN-0hQzgciDxt3Ln9uJjHSJ1wrnei9ANR_oK8as7c8jQcISWfyyTnZ7P5nyuJtK1Uh_QdFMKZHS0&amp;s=1\" target=\"_blank\" rel=\"nofollow\">www.atajofestivalatarfe.com<\/a> (recuerda que son plazas limitadas). INSCRIBETE YA !!!<\/p>\n<p><!--more--><\/p>\n<div id=\"u_p_0\" class=\"_4-u2 mbm _5jmm _5pat _5v3q _4-u8\" data-ft=\"{&quot;top_level_post_id&quot;:&quot;1634613860103113&quot;,&quot;fbfeed_location&quot;:36}\" data-time=\"1432761453\">\n<div class=\"userContentWrapper _5pcr _3ccb\" data-gt=\"{&quot;type&quot;:&quot;click2canvas&quot;,&quot;fbstory&quot;:&quot;S:_I1621250761439423:1634613860103113&quot;,&quot;fbsource&quot;:703,&quot;ref&quot;:&quot;nf_generic&quot;}\">\n<div class=\"_5pbx userContent\" data-ft=\"{&quot;tn&quot;:&quot;K&quot;}\">\n<p><span class=\"fsl\">\u00bfQu\u00e9 es ATAJO?<\/p>\n<p>ATAJO Festival de Cortometrajes de Atarfe es un evento de car\u00e1cter nacional que organiza la Concejal\u00eda de Cultura del Ayuntamiento de Atarfe para promover y difundir el arte del cine en el Municipio de Atarfe. Con el Nombre de ATAJO y el eslogan &#8211; busca el camino m\u00e1s CORTO para emocionar al p\u00fablico &#8211; este festival pretende encontrar las grandes promesas del Cortometraje valorando entre otras cosas la capacidad de sintetizar en el tiempo &#8211; si lo bueno breve, dos veces bueno!!!.<br \/>\n<\/span><\/p>\n<p>Ya tenemos los 10 Cortometrajes que optan a los premios de la I Edici\u00f3n ATAJO Festival de Cortometrajes de Atarfe 2015. Todos estos cortometrajes ser\u00e1n proyectados en la Fiesta de Presentaci\u00f3n del Festival ATAJO del pr\u00f3ximo Viernes 29 de Mayo de 2015, para que los asistentes puedan votar cual es el \u00abCORTO FAVORITO\u00bb que se merece el PREMIO AL P\u00daBLICO ( premio dotado de: Trofeo + 300\u20ac). Los Seleccionados son:<\/p>\n<\/div>\n<div>\n<div data-ft=\"{&quot;tn&quot;:&quot;H&quot;}\"><\/div>\n<div>\n<div class=\"_5r69\">\n<div class=\"mtm\">\n<div data-ft=\"{&quot;tn&quot;:&quot;H&quot;}\">\n<div class=\"mtm\">\n<div class=\"_2a2q\">\n<div class=\"_46-h\"><img loading=\"lazy\" decoding=\"async\" class=\"_46-i img\" src=\"https:\/\/scontent-mad1-1.xx.fbcdn.net\/hphotos-xfa1\/v\/t1.0-9\/p240x240\/10406880_1427652137556415_2411086132123900675_n.jpg?oh=687a1fce49c9d7f8606ec887f9c91ea2&amp;oe=560A268E\" alt=\"Foto de Luis Miguel Jimena.\" width=\"240\" height=\"346\" \/><\/div>\n<div class=\"_46-h\"><img loading=\"lazy\" decoding=\"async\" class=\"_46-i img\" src=\"https:\/\/scontent-mad1-1.xx.fbcdn.net\/hphotos-xtf1\/v\/t1.0-9\/q86\/p235x165\/11032679_1427652450889717_2082052543177517289_n.jpg?oh=21df6ea55b7ca65be6cfe7d4995a868e&amp;oe=55F2AEAF\" alt=\"Foto de Luis Miguel Jimena.\" width=\"235\" height=\"339\" \/><\/div>\n<div class=\"_46-h\"><img loading=\"lazy\" decoding=\"async\" class=\"_46-i img\" src=\"https:\/\/scontent-mad1-1.xx.fbcdn.net\/hphotos-xft1\/v\/t1.0-9\/p75x225\/10292141_1427652614223034_3086301130921471744_n.jpg?oh=ed73bb9a466adf162b4f8b6f8786ba6d&amp;oe=55FD5EDE\" alt=\"Foto de Luis Miguel Jimena.\" width=\"159\" height=\"225\" \/><\/div>\n<div class=\"_46-h\"><img loading=\"lazy\" decoding=\"async\" class=\"_46-i img\" src=\"https:\/\/scontent-mad1-1.xx.fbcdn.net\/hphotos-xft1\/v\/t1.0-9\/p160x160\/11167792_1427652787556350_6907070901560225379_n.jpg?oh=16e7e8a79329acf9fe1de6e9db015090&amp;oe=55F15C3F\" alt=\"Foto de Luis Miguel Jimena.\" width=\"160\" height=\"186\" \/><\/div>\n<div class=\"_46-h\"><img loading=\"lazy\" decoding=\"async\" class=\"_46-i img\" src=\"https:\/\/scontent-mad1-1.xx.fbcdn.net\/hphotos-xpf1\/v\/t1.0-9\/p75x225\/10458925_1427653514222944_7764551077146046100_n.jpg?oh=b4d424d47f02e8e9068c788042cbf7fc&amp;oe=55F254B1\" alt=\"Foto de Luis Miguel Jimena.\" width=\"159\" height=\"225\" \/><\/div>\n<\/div>\n<\/div>\n<\/div>\n<div class=\"mtm plm _5pcm\"><br class=\"profileLink\" data-ft=\"{&quot;tn&quot;:&quot;l&quot;}\" data-hovercard=\"\/ajax\/hovercard\/user.php?id=100009349279131\" \/><\/p>\n<div class=\"mtm _5pco\" data-ft=\"{&quot;tn&quot;:&quot;K&quot;}\">\n<div class=\"userContentWrapper _5pcr _3ccb\" data-gt=\"{&quot;type&quot;:&quot;click2canvas&quot;,&quot;fbstory&quot;:&quot;S:_I1621250761439423:1634612066769959&quot;,&quot;fbsource&quot;:703,&quot;ref&quot;:&quot;nf_generic&quot;}\">\n<div>\n<div data-ft=\"{&quot;tn&quot;:&quot;H&quot;}\"><\/div>\n<div>\n<div class=\"_5r69\">\n<div class=\"mtm\">\n<div data-ft=\"{&quot;tn&quot;:&quot;H&quot;}\">\n<div class=\"mtm\">\n<div class=\"_5cq3\" data-ft=\"{&quot;tn&quot;:&quot;E&quot;}\">\n<div id=\"u_p_a\" class=\"_46-h _4-ep\"><img data-recalc-dims=\"1\" loading=\"lazy\" decoding=\"async\" class=\"_46-i img\" src=\"https:\/\/i0.wp.com\/fbcdn-sphotos-b-a.akamaihd.net\/hphotos-ak-xtp1\/v\/t1.0-9\/s480x480\/10306482_1427647080890254_5985018502156537148_n.jpg?resize=480%2C213&#038;ssl=1\" alt=\"Foto de Luis Miguel Jimena.\" width=\"480\" height=\"213\" \/><\/div>\n<\/div>\n<\/div>\n<\/div>\n<\/div>\n<\/div>\n<\/div>\n<\/div>\n<\/div>\n<\/div>\n<\/div>\n<\/div>\n<\/div>\n<\/div>\n<\/div>\n<\/div>\n<\/div>\n<div id=\"contentCol\" class=\"clearfix hasRightCol\">\n<div id=\"contentArea\">\n<div id=\"pagelet_timeline_main_column\" class=\"_5h60\" data-referrer=\"pagelet_timeline_main_column\" data-gt=\"{&quot;profile_owner&quot;:&quot;1621250761439423&quot;,&quot;ref&quot;:&quot;timeline:timeline&quot;}\">\n<div id=\"PagesTimelineTabController_1621250761439423\" data-referrer=\"PagesTimelineTabController_1621250761439423\">\n<div class=\"_5ay5\">\n<div class=\"_5onm\">\n<div class=\"clearfix\">\n<div class=\"_4bl7 _4mb8\">\n<div id=\"PagePostsPagelet_1621250761439423\" data-referrer=\"PagePostsPagelet_1621250761439423\">\n<div class=\"_5ay5\">\n<div id=\"PagePostsSectionPagelet-1621250761439423-0\" data-referrer=\"PagePostsSectionPagelet-1621250761439423-0\">\n<div class=\"_1k4h _5ay5\">\n<div class=\"_5sem\">\n<div id=\"u_ps_0_0_p\" class=\"_5t6j\">\n<div class=\"_1k4h _5ay5\">\n<div class=\"_5sem\"><\/div>\n<\/div>\n<\/div>\n<\/div>\n<\/div>\n<\/div>\n<\/div>\n<\/div>\n<\/div>\n<\/div>\n<\/div>\n<\/div>\n<\/div>\n<\/div>\n<\/div>\n<\/div>\n<p>JORNADAS DE FORMACI\u00d3N ATAJO<br \/>\n6 de JUNIO<br \/>\nCENTRO CULTURAL MEDINA ELVIRA ATARFE<br \/>\n( Entrada Gratuita &#8211; Aforo Limitado )<span class=\"text_exposed_show\"><br \/>\n10:00H \u2013 12:00H<br \/>\nTaller impartido por BARBATOS FX : Caracterizaci\u00f3n y Efectos Especiales.<br \/>\n12:00H \u2013 14:00H<br \/>\nTaller impartido por TODO TERROR : Efectos Especiales Lucha y Explosivos.<br \/>\n17:00H \u2013 18:30H<br \/>\nTaller impartido por JABATOS : Airsoft \u2013 Armas y Licencias para el rodaje.<br \/>\n18:30H \u2013 20:00H<br \/>\nCharlas \u2013 Coloquio: Luis Fern\u00e1ndez de Eribe y Jos\u00e9 S\u00e1nchez Monte<\/span><\/p>\n","protected":false},"excerpt":{"rendered":"<p>Para Asistir a las Jornadas, talleres y Charlas ATAJO 2015, deber\u00e1s inscribirte en la p\u00e1gina&#8230;<\/p>\n","protected":false},"author":1,"featured_media":2096,"comment_status":"closed","ping_status":"closed","sticky":false,"template":"","format":"standard","meta":{"_coblocks_attr":"","_coblocks_dimensions":"","_coblocks_responsive_height":"","_coblocks_accordion_ie_support":"","jetpack_post_was_ever_published":false,"_jetpack_newsletter_access":"","_jetpack_dont_email_post_to_subs":false,"_jetpack_newsletter_tier_id":0,"_jetpack_memberships_contains_paywalled_content":false,"_jetpack_memberships_contains_paid_content":false,"footnotes":"","jetpack_publicize_message":"","jetpack_publicize_feature_enabled":true,"jetpack_social_post_already_shared":false,"jetpack_social_options":{"image_generator_settings":{"template":"highway","default_image_id":0,"enabled":false},"version":2}},"categories":[2,12,15],"tags":[81,768],"class_list":["post-2095","post","type-post","status-publish","format-standard","has-post-thumbnail","hentry","category-atarfe","category-cultura","category-ultimas-noticias","tag-atarfe","tag-cortometraje"],"jetpack_publicize_connections":[],"jetpack_featured_media_url":"https:\/\/i0.wp.com\/miradordeatarfe.es\/wp-content\/uploads\/2015\/05\/11072061_1634743716756794_233819278544149436_n.jpg?fit=679%2C960&ssl=1","jetpack_likes_enabled":true,"jetpack_sharing_enabled":true,"_links":{"self":[{"href":"https:\/\/miradordeatarfe.es\/index.php?rest_route=\/wp\/v2\/posts\/2095","targetHints":{"allow":["GET"]}}],"collection":[{"href":"https:\/\/miradordeatarfe.es\/index.php?rest_route=\/wp\/v2\/posts"}],"about":[{"href":"https:\/\/miradordeatarfe.es\/index.php?rest_route=\/wp\/v2\/types\/post"}],"author":[{"embeddable":true,"href":"https:\/\/miradordeatarfe.es\/index.php?rest_route=\/wp\/v2\/users\/1"}],"replies":[{"embeddable":true,"href":"https:\/\/miradordeatarfe.es\/index.php?rest_route=%2Fwp%2Fv2%2Fcomments&post=2095"}],"version-history":[{"count":1,"href":"https:\/\/miradordeatarfe.es\/index.php?rest_route=\/wp\/v2\/posts\/2095\/revisions"}],"predecessor-version":[{"id":2097,"href":"https:\/\/miradordeatarfe.es\/index.php?rest_route=\/wp\/v2\/posts\/2095\/revisions\/2097"}],"wp:featuredmedia":[{"embeddable":true,"href":"https:\/\/miradordeatarfe.es\/index.php?rest_route=\/wp\/v2\/media\/2096"}],"wp:attachment":[{"href":"https:\/\/miradordeatarfe.es\/index.php?rest_route=%2Fwp%2Fv2%2Fmedia&parent=2095"}],"wp:term":[{"taxonomy":"category","embeddable":true,"href":"https:\/\/miradordeatarfe.es\/index.php?rest_route=%2Fwp%2Fv2%2Fcategories&post=2095"},{"taxonomy":"post_tag","embeddable":true,"href":"https:\/\/miradordeatarfe.es\/index.php?rest_route=%2Fwp%2Fv2%2Ftags&post=2095"}],"curies":[{"name":"wp","href":"https:\/\/api.w.org\/{rel}","templated":true}]}}