{"id":20999,"date":"2018-01-24T08:00:02","date_gmt":"2018-01-24T07:00:02","guid":{"rendered":"http:\/\/miradordeatarfe.es\/?p=20999"},"modified":"2018-01-23T14:09:29","modified_gmt":"2018-01-23T13:09:29","slug":"espana-es-campeona-en-desigualdad","status":"publish","type":"post","link":"https:\/\/miradordeatarfe.es\/?p=20999","title":{"rendered":"\u00abEspa\u00f1a es campeona en desigualdad\u00bb"},"content":{"rendered":"<div class=\"row-center\">\n<div class=\"col-xs-12 col-sm-12 col-md-12\">\n<header class=\"ep-detail-header\">\n<div class=\"subtitle\">\n<p>El director de Oxfam Interm\u00f3n advierte contra las subcontrataciones de servicios como precarizadores del empleo<\/p>\n<\/div>\n<\/header>\n<\/div>\n<\/div>\n<p><!--more--><\/p>\n<div class=\"ep-detail-body\">\n<div class=\"ep-media\">\n<div class=\"txt\">\n<p class=\"subtitle\" style=\"text-align: justify;\">FOTO: Jos\u00e9 Mar\u00eda Vera durante su locuci\u00f3n en los Desayunos de Primera Plana. \/ <span class=\"author\">ALBERT BERTRAN<\/span><\/p>\n<\/div>\n<\/div>\n<p style=\"text-align: justify;\">\u00abEspa\u00f1a es el pa\u00eds donde m\u00e1s creci\u00f3 la desigualdad desde la crisis hasta ahora, por el desempleo, por la fragilidad, el recorte en\u00a0<strong>pol\u00edticas p\u00fablicas\u00a0<\/strong>y porque la recuperaci\u00f3n se ha centrado en los m\u00e1s ricos\u00bb. As\u00ed se \u00a0ha expresado\u00a0<strong>Jos\u00e9 Mar\u00eda Vera<\/strong>, director de<strong>\u00a0<a href=\"https:\/\/www.oxfamintermon.org\/\" target=\"_blank\" rel=\"noopener\">Oxfam Interm\u00f3n\u00a0<\/a><\/strong>en el Desayuno Primera Plan@, que organizan EL\u00a0PERI\u00d3DICO\u00a0y Banc Sabadell.<\/p>\n<p style=\"text-align: justify;\">La oeneg\u00e9, que present\u00f3\u00a0<strong>este lunes un informe sobre la desigualdad\u00a0<\/strong>en el mundo, ha incidido\u00a0en que la recuperaci\u00f3n econ\u00f3mica en Espa\u00f1a no ha sido tal para amplios sectores de la poblaci\u00f3n, que ha servido para\u00a0<strong>acentuar las diferencias\u00a0<\/strong>entre ricos y pobres con salarios peores, mayor<strong>\u00a0vulnerabilidad laboral<\/strong>\u00a0y peores condiciones de trabajo. Una brecha que ha abierto la recuperaci\u00f3n econ\u00f3mica en toda Europa pero en la que \u00ab<a href=\"http:\/\/www.elperiodico.com\/es\/sociedad\/20180120\/espana-paraiso-de-la-desigualdad-social-6564891\">Espa\u00f1a -dijo- es campeona\u00bb.<\/a><\/p>\n<p style=\"text-align: justify;\">En concreto, seg\u00fan sus cifras, la tasa de pobreza en Espa\u00f1a alcanza ya al 13% de la poblaci\u00f3n, y se mantiene estancada, sobre todo porque los salarios no han crecido al nivel de los beneficios econ\u00f3micos. Seg\u00fan destac\u00f3 Vera, \u00abel 1% de la poblaci\u00f3n tiene la misma riqueza que el 70% de la poblaci\u00f3n; en el \u00faltimo a\u00f1o, ese 1% captur\u00f3 el 40% de ingresos mientras que el 70% no\u00bb. Mientras, cuatro espa\u00f1oles m\u00e1s aparecieron en la<a href=\"http:\/\/www.elperiodico.com\/es\/economia\/20171102\/las-mayores-fortunas-de-espana-encabezadas-por-amancio-ortega-crecen-el-2-6396667\">\u00a0lista de milmillonarios de la revista Forbes<\/a>, record\u00f3.<\/p>\n<h3 style=\"text-align: justify;\">Pobreza m\u00e1s alta<\/h3>\n<p style=\"text-align: justify;\">\u00abLas consecuencias de la desigualdad siempre se sienten en el lado de la pobreza. A mayor concentraci\u00f3n de la renta, la tasa de pobreza es m\u00e1s alta. Una cosa tiene que ver con la otra\u00bb, insisti\u00f3. Y remach\u00f3 que los salarios se est\u00e1n quedando muy por detr\u00e1s del ritmo del aumento de la productividad, y sufren una mayor carga fiscal que el aumento del capital patrimonial. La mayor\u00eda de las fortunas del mundo, insisti\u00f3, \u00abproceden de herencias, no por \u00a0m\u00e9ritos y esfuerzo\u00bb. \u00abM\u00e1s igualdad quiere decir que los que tienen m\u00e1s tengan menos\u00bb, reclam\u00f3.<\/p>\n<p style=\"text-align: justify;\">Vera ha insistido en este sentido en el papel de las subcontratas, empresas que asumen la externalizaci\u00f3n de servicios y partes de la producci\u00f3n que realizan algunas compa\u00f1\u00edas y que suponen una precarizaci\u00f3n de las condiciones laborales. Lo ha ejemplificado en el caso de Dolores Espinosa, una conductora municipal que al ser transferida de empresa pas\u00f3 de cobrar unos 1.100 euros al mes a poco m\u00e1s de 600, un 31% menos. Y se ha preguntado c\u00f3mo se puede vivir con ese sueldo y mantener a dos hijos en edad escolar.<\/p>\n<h3 style=\"text-align: justify;\">La soluci\u00f3n<\/h3>\n<p style=\"text-align: justify;\">Para el director de Oxfam-Interm\u00f2n, la soluci\u00f3n a estos desmanes pasa por un aumento de la presi\u00f3n de las administraciones, por \u00abel pliego de condiciones\u00bb en la contrataci\u00f3n p\u00fablica y por un cambio en el sistema fiscal. \u00abLa contrataci\u00f3n p\u00fablica puede ser un instrumento de cambio\u00bb, ha afirmado. Y ha pedido, en la l\u00ednea de economistas como Thomas Piketty, que se grave a los robots.<\/p>\n<p style=\"text-align: justify;\">Las mujeres son, adem\u00e1s, quienes se llevan la peor parte en t\u00e9rminos de desigualdad, porque son mayor\u00eda en sectores multiservicios y en empleos m\u00e1s precarios. \u00abEn Espa\u00f1a, las mujeres cobran menos, tanto en puestos directivos como en los m\u00e1s vulnerables, y tienen vidas laborales m\u00e1s cortas. Son adem\u00e1s, las m\u00e1s afectadas por la externalizaci\u00f3n y las multicontratas\u00bb. \u00abSi eres mujer y joven, parece que el sistema econ\u00f3mico no tiene sitio para ti\u00bb, afirm\u00f3 Vera, tras analizar casos como el de Espinosa pero tambi\u00e9n de trabajadoras rurales en Marruecos o de empleadas textiles en Vietnam.<\/p>\n<h3 style=\"text-align: justify;\">Responsabilidad social efectiva<\/h3>\n<p style=\"text-align: justify;\">Vera apel\u00f3 a la responsabilidad de los empresarios y del sistema y reclam\u00f3 que la responsabilidad social corporativa se extienda no solo hacia el medio ambiente sino tambi\u00e9n a la lucha contra la desigualdad como indicador de \u00e9xito de la empresa, con incidencia en los derechos laborales, las estructuras salariales y la responsabilidad fiscal. \u00abInditex est\u00e1 haciendo muchos esfuerzos en este sentido, a ver si sirve de ejemplo\u00bb, coment\u00f3.<\/p>\n<p style=\"text-align: justify;\">Tambi\u00e9n pidi\u00f3 un sistema fiscal internacional que no permita grietas y fugas de capitales. En ese sentido, record\u00f3 que Espa\u00f1a no tiene considerada a Panam\u00e1 como para\u00edso fiscal, y que seg\u00fan sus datos, Irlanda, Holanda y Luxemburgo siguen\u00a0<a href=\"http:\/\/www.elperiodico.com\/es\/economia\/20180123\/ue-retira-ocho-paises-lista-paraisos-fiscales-6571328\">siendo opacas fiscalmente.<\/a><\/p>\n<div class=\"ep-related\"><\/div>\n<\/div>\n<p><span class=\"author-link\">Carmen Jan\u00e9<\/span><\/p>\n<p><a href=\"http:\/\/www.elperiodico.com\/es\/sociedad\/20180123\/jose-maria-vera-director-de-oxafam-intermon-en-primera-plana-6571280\">http:\/\/www.elperiodico.com\/es\/sociedad\/20180123\/jose-maria-vera-director-de-oxafam-intermon-en-primera-plana-6571280<\/a><\/p>\n","protected":false},"excerpt":{"rendered":"<p>El director de Oxfam Interm\u00f3n advierte contra las subcontrataciones de servicios como precarizadores del empleo<\/p>\n","protected":false},"author":1,"featured_media":0,"comment_status":"closed","ping_status":"closed","sticky":false,"template":"","format":"standard","meta":{"_coblocks_attr":"","_coblocks_dimensions":"","_coblocks_responsive_height":"","_coblocks_accordion_ie_support":"","jetpack_post_was_ever_published":false,"_jetpack_newsletter_access":"","_jetpack_dont_email_post_to_subs":false,"_jetpack_newsletter_tier_id":0,"_jetpack_memberships_contains_paywalled_content":false,"_jetpack_memberships_contains_paid_content":false,"footnotes":"","jetpack_publicize_message":"","jetpack_publicize_feature_enabled":true,"jetpack_social_post_already_shared":false,"jetpack_social_options":{"image_generator_settings":{"template":"highway","default_image_id":0,"enabled":false},"version":2}},"categories":[1],"tags":[725,4586,4585,49],"class_list":["post-20999","post","type-post","status-publish","format-standard","hentry","category-uncategorized","tag-espana","tag-millonarios","tag-oxfam-intermon","tag-pobreza"],"jetpack_publicize_connections":[],"jetpack_featured_media_url":"","jetpack_likes_enabled":true,"jetpack_sharing_enabled":true,"_links":{"self":[{"href":"https:\/\/miradordeatarfe.es\/index.php?rest_route=\/wp\/v2\/posts\/20999","targetHints":{"allow":["GET"]}}],"collection":[{"href":"https:\/\/miradordeatarfe.es\/index.php?rest_route=\/wp\/v2\/posts"}],"about":[{"href":"https:\/\/miradordeatarfe.es\/index.php?rest_route=\/wp\/v2\/types\/post"}],"author":[{"embeddable":true,"href":"https:\/\/miradordeatarfe.es\/index.php?rest_route=\/wp\/v2\/users\/1"}],"replies":[{"embeddable":true,"href":"https:\/\/miradordeatarfe.es\/index.php?rest_route=%2Fwp%2Fv2%2Fcomments&post=20999"}],"version-history":[{"count":1,"href":"https:\/\/miradordeatarfe.es\/index.php?rest_route=\/wp\/v2\/posts\/20999\/revisions"}],"predecessor-version":[{"id":21001,"href":"https:\/\/miradordeatarfe.es\/index.php?rest_route=\/wp\/v2\/posts\/20999\/revisions\/21001"}],"wp:attachment":[{"href":"https:\/\/miradordeatarfe.es\/index.php?rest_route=%2Fwp%2Fv2%2Fmedia&parent=20999"}],"wp:term":[{"taxonomy":"category","embeddable":true,"href":"https:\/\/miradordeatarfe.es\/index.php?rest_route=%2Fwp%2Fv2%2Fcategories&post=20999"},{"taxonomy":"post_tag","embeddable":true,"href":"https:\/\/miradordeatarfe.es\/index.php?rest_route=%2Fwp%2Fv2%2Ftags&post=20999"}],"curies":[{"name":"wp","href":"https:\/\/api.w.org\/{rel}","templated":true}]}}