{"id":210,"date":"2015-03-01T11:05:40","date_gmt":"2015-03-01T11:05:40","guid":{"rendered":"http:\/\/miradordeatarfe.es\/?p=210"},"modified":"2015-03-11T11:07:32","modified_gmt":"2015-03-11T11:07:32","slug":"el-califato-de-las-redes-sociales","status":"publish","type":"post","link":"https:\/\/miradordeatarfe.es\/?p=210","title":{"rendered":"El califato de las redes sociales"},"content":{"rendered":"<div id=\"tamano\" class=\"tamano\">\n<p>Tienen prohibido el paso a las redes sociales m\u00e1s extendidas de occidente &#8211;<strong>Twitter, Facebook e Instagram<\/strong>-, pero cuelan sus v\u00eddeos propagand\u00edsticos en otras como <strong>YouTube <\/strong>para que sus atrocidades recorran todo el mundo.<\/p>\n<\/div>\n<p><!--more--><\/p>\n<p>Algo que parece no ser suficiente para los simpatizantes del<strong> IS<\/strong>, que han creado su primera red social -o intento de ella- parecida a la de <strong>Mark Zuckerberg<\/strong>. Con una est\u00e9tica muy similar, y aunque en estos momentos est\u00e1 cerrada temporalmente, amenazan con que<strong> Khilafa Book <\/strong>ser\u00e1 una plataforma para lanzar sus mensajes y poder reclutar partidarios de todo el mundo.<\/p>\n<p>En la red se pueden leer frases que son una clara declaraci\u00f3n de intenciones: \u00abAmamos morir tanto como vosotros am\u00e1is vivir y prometemos luchar hasta el \u00faltimo de nosotros. Si tenemos que morir, el ser m\u00e1rtir es nuestro camino y las generaciones venideras luchar\u00e1n hasta la victoria\u00bb. Todo ello acompa\u00f1ado de un mapa sobre el que cae la marca del Estado Isl\u00e1mico y donde ahora se puede leer que el cierre \u00abes temporal\u00bb para \u00abproteger la informaci\u00f3n y detalles de sus miembros\u00bb.<\/p>\n<p>La pol\u00e9mica estuvo servida en Twitter.\u00bbHeavy. Urgente. Hay que bloquear la p\u00e1gina por el bien del mundo, pretende seguir con atrocidades\u00bb, anunciaba <strong>@2535944<\/strong>. O aquellos que daban un paso m\u00e1s: \u00abEl futuro de las guerras, las batallas en el ciberespacio:<strong> #Anonymous versus #Isis<\/strong>\u00ab.<\/p>\n<p>Paralelamente, en otras plataformas sociales como foros, los seguidores del IS denunciaron que el <em>califabook <\/em>en realidad hab\u00eda sido creado \u00abpor los enemigos del yihadismo\u00bb para conseguir informaci\u00f3n, por lo que animaba a los suyos a no subir a la plataforma fotograf\u00edas que pudiesen identificarlos.<\/p>\n","protected":false},"excerpt":{"rendered":"<p>Tienen prohibido el paso a las redes sociales m\u00e1s extendidas de occidente &#8211;Twitter, Facebook e&#8230;<\/p>\n","protected":false},"author":1,"featured_media":0,"comment_status":"closed","ping_status":"closed","sticky":false,"template":"","format":"standard","meta":{"_coblocks_attr":"","_coblocks_dimensions":"","_coblocks_responsive_height":"","_coblocks_accordion_ie_support":"","jetpack_post_was_ever_published":false,"_jetpack_newsletter_access":"","_jetpack_dont_email_post_to_subs":false,"_jetpack_newsletter_tier_id":0,"_jetpack_memberships_contains_paywalled_content":false,"_jetpack_memberships_contains_paid_content":false,"footnotes":"","jetpack_publicize_message":"","jetpack_publicize_feature_enabled":true,"jetpack_social_post_already_shared":false,"jetpack_social_options":{"image_generator_settings":{"template":"highway","default_image_id":0,"enabled":false},"version":2}},"categories":[1],"tags":[124,121,35,125],"class_list":["post-210","post","type-post","status-publish","format-standard","hentry","category-uncategorized","tag-facebook","tag-redes-sociales","tag-tecnologia","tag-twitter"],"jetpack_publicize_connections":[],"jetpack_featured_media_url":"","jetpack_likes_enabled":true,"jetpack_sharing_enabled":true,"_links":{"self":[{"href":"https:\/\/miradordeatarfe.es\/index.php?rest_route=\/wp\/v2\/posts\/210","targetHints":{"allow":["GET"]}}],"collection":[{"href":"https:\/\/miradordeatarfe.es\/index.php?rest_route=\/wp\/v2\/posts"}],"about":[{"href":"https:\/\/miradordeatarfe.es\/index.php?rest_route=\/wp\/v2\/types\/post"}],"author":[{"embeddable":true,"href":"https:\/\/miradordeatarfe.es\/index.php?rest_route=\/wp\/v2\/users\/1"}],"replies":[{"embeddable":true,"href":"https:\/\/miradordeatarfe.es\/index.php?rest_route=%2Fwp%2Fv2%2Fcomments&post=210"}],"version-history":[{"count":1,"href":"https:\/\/miradordeatarfe.es\/index.php?rest_route=\/wp\/v2\/posts\/210\/revisions"}],"predecessor-version":[{"id":212,"href":"https:\/\/miradordeatarfe.es\/index.php?rest_route=\/wp\/v2\/posts\/210\/revisions\/212"}],"wp:attachment":[{"href":"https:\/\/miradordeatarfe.es\/index.php?rest_route=%2Fwp%2Fv2%2Fmedia&parent=210"}],"wp:term":[{"taxonomy":"category","embeddable":true,"href":"https:\/\/miradordeatarfe.es\/index.php?rest_route=%2Fwp%2Fv2%2Fcategories&post=210"},{"taxonomy":"post_tag","embeddable":true,"href":"https:\/\/miradordeatarfe.es\/index.php?rest_route=%2Fwp%2Fv2%2Ftags&post=210"}],"curies":[{"name":"wp","href":"https:\/\/api.w.org\/{rel}","templated":true}]}}