{"id":21061,"date":"2018-01-28T11:27:46","date_gmt":"2018-01-28T10:27:46","guid":{"rendered":"http:\/\/miradordeatarfe.es\/?p=21061"},"modified":"2018-01-26T16:30:58","modified_gmt":"2018-01-26T15:30:58","slug":"fin-de-ciclo-por-juan-alfredo-bellon","status":"publish","type":"post","link":"https:\/\/miradordeatarfe.es\/?p=21061","title":{"rendered":"FIN DE CICLO  por Juan Alfredo Bell\u00f3n"},"content":{"rendered":"<p><i><b>FIN DE CICLO <\/b><\/i><b>por Juan Alfredo Bell\u00f3n <\/b><b>para\u00a0 EL MIRADOR DE ATARFE <\/b><b>del domingo 28-01-2018<\/b><!--more--><\/p>\n<p><b> <\/b>El jueves pasado escuch\u00e9 decir a I\u00f1aqui Gabilondo en la SER que Rajoy es un c\u00ednico o un<\/p>\n<p align=\"JUSTIFY\">memo de solemnidad por haber afirmado estar dispuesto a volver a aspirar a la elecci\u00f3n para ser de nuevo presidente del Gobierno de Espa\u00f1a. Con lo que est\u00e1 cayendo sobre el Partido Popular que, entre la crisis derivada del desarrollo del proceso judicial de la Gurtel y del otro proceso soberanista en Catalu\u00f1a le han crecido los enanos en el circo electoral con la irrupci\u00f3n de Ciudadanos y se encuentra en unas horas tan francamente malas como las que tuvo la UCD antes de ser pr\u00e1cticamente barrida del panorama pol\u00edtico, primero en Catalu\u00f1a y luego en el resto del estado.<\/p>\n<p align=\"JUSTIFY\">Y algo de raz\u00f3n debe tener el veterano periodista cuando se da el caso de que<i> el enroque a la gallega <\/i>ya no puede ser la \u00fanica soluci\u00f3n para afrontar lo insostenible de la situaci\u00f3n de su partido y de lo deteriorado de su liderazgo.<\/p>\n<p align=\"JUSTIFY\">En 1978 prim\u00f3 una <i>urgencia nacional <\/i>para sacar adelante la Constituci\u00f3n m\u00e1s consensuada de nuestra historia y ahora nadie duda que se unen a estas razones de urgencia nacional otras de \u00e1mbito mundial como son la crisis internacional desatada por el ascenso de Trump al liderazgo universal y el agravamiento del terrorismo yihadista, coincidiendo, en contrapartida, en nuestro caso, con el fin del terrorismo de ETA.<\/p>\n<p align=\"JUSTIFY\">Ahora Rajoy se ha convertido en un estorbo para estimular nuestra transformaci\u00f3n democr\u00e1tica hacia lo que algunos han llamado <i>Segunda Transici\u00f3n <\/i>por no haber sido capaz de liderar la lucha contra la corrupci\u00f3n y por hab\u00e9rsele atragantado el conflicto soberanista catal\u00e1n, siendo as\u00ed que ambos fracasos desaconsejan su continuidad al frente del Ejecutivo tanto para los sectores m\u00e1s din\u00e1micos de sus huestes como para otros no gubernamentales de la derecha espa\u00f1ola. donde ha irrumpido Ciudadanos como fuerza emergente de car\u00e1cter potencialmente decisivo.<\/p>\n<p align=\"JUSTIFY\">En realidad se trata de un momento hist\u00f3rico de fin de ciclo donde est\u00e1n mudando las normas del juego social y el n\u00famero de los protagonistas que lo representan en la etapa llamada Segunda Transici\u00f3n, los Aparatos Ideol\u00f3gicos del Estado (las instituciones culturales, la Literatura, el Cine, el Teatro, la Radio, la Televisi\u00f3n, los Videojuegos, las Series) y los soportes de difusi\u00f3n que los caracterizan: editoriales, prensa, radios, cadenas de televisi\u00f3n, telefon\u00eda m\u00f3vil, tabletas, ect. As\u00ed como las instituciones llamadas Aparatos Represivos del Estado como son las Fuerzas Armadas, las Cuerpos y Fuerzas de Seguridad del Estado incluidas las Auton\u00f3micas, la Judicatura, la Fiscal\u00eda, la Polic\u00eda Judicial, la Guardia Civil, la Polic\u00eda de Investigaci\u00f3n Fiscal.<\/p>\n<p align=\"JUSTIFY\">De hecho, pocos de los elementos sociales de la antigua tradici\u00f3n permanecen en su estado primitivo y hoy han mutado a otra nueva donde los nuevos l\u00edderes (as\u00ed Rajoy) ya no tienen qu\u00e9 papel desempe\u00f1ar aunque ahora se resistan a abandonar la escena y a hacer mutis por el foro.<\/p>\n<p align=\"JUSTIFY\">Por lo que urge reconocer la inexorabilidad de los nuevos tiempos y de los nuevos papeles que poco a poco ir\u00e1n dando lugar a las nuevas representaciones con otros protagonistas, ciclos y relatos capaces de renovar las administraciones espa\u00f1olas y la historia que entre todas estamos construyendo. Y esto es particularmente cierto en la Comunidad Auton\u00f3mica Valenciana donde se est\u00e1 sustanciando judicialmente la responsabilidad cierta del PP y de sus l\u00edderes Francisco Camps y Ricardo Costa en el amasijo de corrupci\u00f3n que envolv\u00eda las instituciones gobernadas por los <i>Populares <\/i>hasta la nausea en lo que parecen ser las postrimer\u00edas de este nuevo y definitivo ciclo.<\/p>\n<p align=\"JUSTIFY\">Ojal\u00e1 pronto se sustancie el conjunto de las tramas de corrupci\u00f3n nacional y de la responsabilidad en ellas de Mariano Rajoy y del resto de los nuevos l\u00edderes que vinieron a auxiliar a la vieja direcci\u00f3n corrupta y no han sabido m\u00e1s que ayudarle a seguir tapando a duras penas sus verg\u00fcenzas.<\/p>\n","protected":false},"excerpt":{"rendered":"<p>FIN DE CICLO por Juan Alfredo Bell\u00f3n para\u00a0 EL MIRADOR DE ATARFE del domingo 28-01-2018<\/p>\n","protected":false},"author":1,"featured_media":0,"comment_status":"closed","ping_status":"closed","sticky":false,"template":"","format":"standard","meta":{"_coblocks_attr":"","_coblocks_dimensions":"","_coblocks_responsive_height":"","_coblocks_accordion_ie_support":"","jetpack_post_was_ever_published":false,"_jetpack_newsletter_access":"","_jetpack_dont_email_post_to_subs":false,"_jetpack_newsletter_tier_id":0,"_jetpack_memberships_contains_paywalled_content":false,"_jetpack_memberships_contains_paid_content":false,"footnotes":"","jetpack_publicize_message":"","jetpack_publicize_feature_enabled":true,"jetpack_social_post_already_shared":false,"jetpack_social_options":{"image_generator_settings":{"template":"highway","default_image_id":0,"enabled":false},"version":2}},"categories":[1161,36,44,15],"tags":[64,4597,349,2071],"class_list":["post-21061","post","type-post","status-publish","format-standard","hentry","category-ciudadania","category-opinion-de-juan-alfredo-bellon","category-noticias-de-hoy","category-ultimas-noticias","tag-corrupcion","tag-inaki-gabilondo","tag-pp","tag-rajoy"],"jetpack_publicize_connections":[],"jetpack_featured_media_url":"","jetpack_likes_enabled":true,"jetpack_sharing_enabled":true,"_links":{"self":[{"href":"https:\/\/miradordeatarfe.es\/index.php?rest_route=\/wp\/v2\/posts\/21061","targetHints":{"allow":["GET"]}}],"collection":[{"href":"https:\/\/miradordeatarfe.es\/index.php?rest_route=\/wp\/v2\/posts"}],"about":[{"href":"https:\/\/miradordeatarfe.es\/index.php?rest_route=\/wp\/v2\/types\/post"}],"author":[{"embeddable":true,"href":"https:\/\/miradordeatarfe.es\/index.php?rest_route=\/wp\/v2\/users\/1"}],"replies":[{"embeddable":true,"href":"https:\/\/miradordeatarfe.es\/index.php?rest_route=%2Fwp%2Fv2%2Fcomments&post=21061"}],"version-history":[{"count":1,"href":"https:\/\/miradordeatarfe.es\/index.php?rest_route=\/wp\/v2\/posts\/21061\/revisions"}],"predecessor-version":[{"id":21063,"href":"https:\/\/miradordeatarfe.es\/index.php?rest_route=\/wp\/v2\/posts\/21061\/revisions\/21063"}],"wp:attachment":[{"href":"https:\/\/miradordeatarfe.es\/index.php?rest_route=%2Fwp%2Fv2%2Fmedia&parent=21061"}],"wp:term":[{"taxonomy":"category","embeddable":true,"href":"https:\/\/miradordeatarfe.es\/index.php?rest_route=%2Fwp%2Fv2%2Fcategories&post=21061"},{"taxonomy":"post_tag","embeddable":true,"href":"https:\/\/miradordeatarfe.es\/index.php?rest_route=%2Fwp%2Fv2%2Ftags&post=21061"}],"curies":[{"name":"wp","href":"https:\/\/api.w.org\/{rel}","templated":true}]}}