{"id":21065,"date":"2018-01-29T11:33:28","date_gmt":"2018-01-29T10:33:28","guid":{"rendered":"http:\/\/miradordeatarfe.es\/?p=21065"},"modified":"2018-01-28T17:42:20","modified_gmt":"2018-01-28T16:42:20","slug":"sietepodiums-del-atletismo-atarfe-en-el-cross-de-moraleda-de-zafayona","status":"publish","type":"post","link":"https:\/\/miradordeatarfe.es\/?p=21065","title":{"rendered":"SIETE\u2026PODIUMS DEL ATLETISMO ATARFE EN EL CROSS DE MORALEDA DE ZAFAYONA."},"content":{"rendered":"<p align=\"JUSTIFY\"><span style=\"color: #26282a;\"><span style=\"font-size: small;\"><span style=\"font-family: Arial, serif;\">El siete es un n\u00famero misterioso y m\u00e1gico. Muchos aspectos de la vida del hombre son regidos por este n\u00famero. Son siete d\u00edas los que tiene la semana, los mismos que ocup\u00f3 dios para formar la tierra. Son siete los mares del planeta. Los ind\u00fas han descubierto siete chacras o puntos de energ\u00eda en el cuerpo, siete maravillas del mundo, siete pecados capitales, siete calamidades.<\/span><\/span><\/span><!--more--><\/p>\n<p align=\"JUSTIFY\"><span style=\"color: #26282a;\"><span style=\"font-size: small;\"><span style=\"font-family: Arial, serif;\"> Dante describe siete infiernos, los metaf\u00edsicos hablan de siete niveles de conciencia, Blanca Nieves se acompa\u00f1a por siete enanos, el arco iris tiene siete colores, son siete las notas musicales, las botas de siete leguas, siete vidas tiene un gato y la serpiente de siete cabezas, entre otras muchas.<\/span><\/span><\/span><\/p>\n<p align=\"JUSTIFY\"><span style=\"color: #26282a;\"><span style=\"font-size: small;\"><span style=\"font-family: Arial, serif;\">Pues <\/span><\/span><\/span><span style=\"color: #26282a;\"><span style=\"font-family: Arial, serif;\">precisamente SIETE han sido los puestos de p\u00f3dium conseguidos por nuestr@s atletas en la cuarta etapa del Circuito Provincial de Cross Diputaci\u00f3n de Granada que tuvo su sede en la localidad del Poniente granadino Moraleda de Zafayona. En un circuito que discurr\u00eda entre olivares junto al campo de futbol de la localidad 26 atletas representaron la el\u00e1stica rojiverde del ATLETISMO ATARFE y m\u00e1s de una cuarta parte se trajeron premio para casa adem\u00e1s de apuntalar su clasificaci\u00f3n para la general del circuito. <\/span><\/span><\/p>\n<p align=\"JUSTIFY\"><span style=\"color: #26282a;\"><span style=\"font-family: Arial, serif;\">L@s siete magnif\u00edc@s por orden de clasificaci\u00f3n y edad fueron: <\/span><\/span><\/p>\n<p align=\"JUSTIFY\"><span style=\"color: #26282a;\"><span style=\"font-family: Arial, serif;\">&#8211;<\/span><\/span><span style=\"color: #26282a;\"><span style=\"font-family: Arial, serif;\"><b>ALEJANDRA HERRERA RIVERA<\/b><\/span><\/span><span style=\"color: #26282a;\"><span style=\"font-family: Arial, serif;\">, primera clasificada en Sub 10. Aut\u00e9ntica sorpresa de la temporada que ya se impuso en el Cross de Lecr\u00edn y fue 3\u00aa en La Zubia. Con estas puntuaciones termina Segunda el Circuito pues a igualdad de puntos prevalece el mayor n\u00famero de pruebas finalizadas y la buena de Alejandra no puntu\u00f3 en Cuevas del Campo. En todo caso enorme \u00e9xito el suyo y una recompensa de 60 \u20ac en material deportivo para que contin\u00fae practicando atletismo. <\/span><\/span><\/p>\n<p align=\"JUSTIFY\"><span style=\"color: #26282a;\"><span style=\"font-family: Arial, serif;\">&#8211;<\/span><\/span><span style=\"color: #26282a;\"><span style=\"font-family: Arial, serif;\"><b>CURRO AVIL\u00c9S TORRECILLAS, <\/b><\/span><\/span><span style=\"color: #26282a;\"><span style=\"font-family: Arial, serif;\">primer clasificado Sub 12. Lo de Curro es una confirmaci\u00f3n de la calidad que atesora, se ha impuesto en todas las etapas del Circuito en que ha tomado parte y por tanto es el primero de la General adjudic\u00e1ndose un vale por importe de 80 \u20ac. Ahora toca centrarse en la pista y en los triatlones donde seguro contin\u00faa cosechando \u00e9xitos y sobre todo disfrutando de su deporte favorito. <\/span><\/span><\/p>\n<p align=\"JUSTIFY\"><span style=\"color: #26282a;\"><span style=\"font-family: Arial, serif;\"><b>-MAR\u00cdA P\u00c9REZ G\u00d3MEZ, <\/b><\/span><\/span><span style=\"color: #26282a;\"><span style=\"font-family: Arial, serif;\">segunda clasificada en Sub 14. Si el trabajo tiene su recompensa sin duda que Mar\u00eda se merec\u00eda un puesto de honor por la seriedad y entusiasmo que deposita en sus entrenamientos. Aunque no clasifica en la general al haber concluido \u00fanicamente dos pruebas debe estar muy Lecrin.<\/span><\/span><\/p>\n<p align=\"JUSTIFY\"><span style=\"color: #26282a;\"><span style=\"font-family: Arial, serif;\">&#8211;<\/span><\/span><span style=\"color: #26282a;\"><span style=\"font-family: Arial, serif;\"><b>ADRI\u00c1N L\u00d3PEZ LAFUENTE, <\/b><\/span><\/span><span style=\"color: #26282a;\"><span style=\"font-family: Arial, serif;\">tercero en Sub 14.<\/span><\/span><b> <\/b><span style=\"color: #26282a;\"><span style=\"font-family: Arial, serif;\">Atleta que se debate en la duda hamletiana, \u201cser o no ser crossista\u201d, pero porqu\u00e9 elegir si en cualquier faceta atl\u00e9tica nos vienes sorprendiendo. Sin duda que Adri\u00e1n tiene aptitudes para destacar en pruebas de pista pero no por ello debe renunciar a disfrutar de la tierra y el barro. Prueba de ello es este magn\u00edfico tercer lugar tras disparar al palo en las tres pruebas anteriores, quien la sigue la consigue, y su regularidad se ver\u00e1 gratificada con un tercer puesto en la clasificaci\u00f3n final con 45 \u20ac para seguir cultivando sus ilusiones. <\/span><\/span><\/p>\n<p align=\"JUSTIFY\"><span style=\"color: #26282a;\"><span style=\"font-family: Arial, serif;\">&#8211;<\/span><\/span><span style=\"color: #26282a;\"><span style=\"font-family: Arial, serif;\"><b>MARCOS FERN\u00c1NDEZ REQUENA<\/b><\/span><\/span><span style=\"color: #26282a;\"><span style=\"font-family: Arial, serif;\">, tercero en Sub 18. Se hac\u00eda de esperar la vuelta a la competici\u00f3n de Marcos tras varias temporadas alejado del atletismo, todos le dec\u00edan que con su calidad era una pena que no continuara y sin duda que les ha dado la raz\u00f3n a todos ellos consiguiendo un puesto de privilegio en una carrera muy disputada. Gran refuerzo para nuestro equipo Sub 18. <\/span><\/span><\/p>\n<p align=\"JUSTIFY\"><span style=\"color: #26282a;\"><span style=\"font-family: Arial, serif;\">&#8211;<\/span><\/span><span style=\"color: #26282a;\"><span style=\"font-family: Arial, serif;\"><b>JUAN JOS\u00c9 URQUIZA SIERRA, <\/b><\/span><\/span><span style=\"color: #26282a;\"><span style=\"font-family: Arial, serif;\">tercero en Sub 23. Nuevo eslab\u00f3n dorado en la cadena competitiva de Juan Jos\u00e9 con el que consolida un segundo puesto muy merecido en la clasificaci\u00f3n final del circuito. Recordar que Juan Jos\u00e9 gan\u00f3 en Cuevas del Campo y fue cuarto en La Zubia. <\/span><\/span><\/p>\n<p align=\"JUSTIFY\"><span style=\"color: #26282a;\"><span style=\"font-family: Arial, serif;\">&#8211;<\/span><\/span><span style=\"color: #26282a;\"><span style=\"font-family: Arial, serif;\"><b>JOS\u00c9 ANTONIO JUSTICIA RUIZ, <\/b><\/span><\/span><span style=\"color: #26282a;\"><span style=\"font-family: Arial, serif;\">tercero en Senior. Hay que esperar al descarte de atletas que no toman parte en el circuito para conocer el puesto final de Jose en la general pero sin perjuicio de ello su tercer puesto de hoy es un trabajado premio fruto de la constancia y perseverancia que pone en todos y cada uno de los entrenamientos. <\/span><\/span><\/p>\n<p align=\"JUSTIFY\"><span style=\"color: #26282a;\"><span style=\"font-family: Arial, serif;\">Las clasificaciones completas de nuestr@s atletas fueron: <\/span><\/span><b> <\/b><\/p>\n<p align=\"JUSTIFY\"><span style=\"font-family: Arial, serif;\"><span style=\"font-size: small;\"><strong>SUB 10 M:<\/strong> <\/span><\/span><\/p>\n<p align=\"JUSTIFY\"><span style=\"font-family: Arial, serif;\"><span style=\"font-size: small;\">15\u00ba RAYAN REDOUANE ELHOUFAIRI<\/span><\/span><\/p>\n<p align=\"JUSTIFY\"><span style=\"font-family: Arial, serif;\"><span style=\"font-size: small;\"> 17\u00ba SAMUEL GARCIA RODRIGUEZ<\/span><\/span><\/p>\n<p align=\"JUSTIFY\"><span style=\"font-family: Arial, serif;\"><span style=\"font-size: small;\"> 29\u00ba ADRIAN HUERTAS JIMENEZ<\/span><\/span><\/p>\n<p align=\"JUSTIFY\"><span style=\"font-family: Arial, serif;\"><span style=\"font-size: small;\"> 36\u00ba AMARO OMAR HEREDIA EN NASIRY<\/span><\/span><\/p>\n<p align=\"JUSTIFY\"><span style=\"font-family: Arial, serif;\"><span style=\"font-size: small;\"> 43\u00ba FRAN HERRERA CARMONA<\/span><\/span><\/p>\n<p align=\"JUSTIFY\"><span style=\"font-family: Arial, serif;\"><span style=\"font-size: small;\"> 52\u00ba IZAN LOUBARESSE MOYANO<\/span><\/span><\/p>\n<p align=\"JUSTIFY\"><span style=\"font-size: small;\"><strong><span style=\"font-family: Arial, serif;\">SUB 10 F<\/span><\/strong><\/span><\/p>\n<p align=\"JUSTIFY\"><span style=\"font-family: Arial, serif;\"><span style=\"font-size: small;\">: 1\u00aa ALEJANDRA HERRERA RIVERA<\/span><\/span><\/p>\n<p align=\"JUSTIFY\"><span style=\"font-family: Arial, serif;\"><span style=\"font-size: small;\"> 4\u00aa ELENA LUCENA RUIZ<\/span><\/span><\/p>\n<p align=\"JUSTIFY\"><span style=\"font-family: Arial, serif;\"><span style=\"font-size: small;\"> 15\u00aa ELISABETH LOPEZ LAFUENTE<\/span><\/span><\/p>\n<p align=\"JUSTIFY\"><span style=\"font-size: small;\"><strong><span style=\"font-family: Arial, serif;\">SUB 12 F<\/span><\/strong><\/span><\/p>\n<p align=\"JUSTIFY\"><span style=\"font-family: Arial, serif;\"><span style=\"font-size: small;\">: 52\u00aa IRIA GONZALEZ GAITERO<\/span><\/span><\/p>\n<p align=\"JUSTIFY\"><span style=\"font-family: Arial, serif;\"><span style=\"font-size: small;\"> 53\u00aa NEREA MU\u00d1OZ ESPEJO<\/span><\/span><\/p>\n<p align=\"JUSTIFY\"><span style=\"font-family: Arial, serif;\"><span style=\"font-size: small;\"><strong>SUB 12 M<\/strong>: <\/span><\/span><\/p>\n<p align=\"JUSTIFY\"><span style=\"font-family: Arial, serif;\"><span style=\"font-size: small;\">1\u00ba CURRO AVILES TORRECILLAS<\/span><\/span><\/p>\n<p align=\"JUSTIFY\"><span style=\"font-family: Arial, serif;\"><span style=\"font-size: small;\"> 6\u00ba ALVARO HERNANDEZ SANCHEZ<\/span><\/span><\/p>\n<p align=\"JUSTIFY\"><span style=\"font-family: Arial, serif;\"><span style=\"font-size: small;\"> 12\u00ba DIEGO FUENTES ESCOBAR<\/span><\/span><\/p>\n<p align=\"JUSTIFY\"><span style=\"font-family: Arial, serif;\"><span style=\"font-size: small;\"> 52\u00ba MIGUEL AVILES TORRECILLAS<\/span><\/span><\/p>\n<p align=\"JUSTIFY\"><span style=\"font-size: small;\"><strong><span style=\"font-family: Arial, serif;\">SUB 14 F:<\/span><\/strong><\/span><\/p>\n<p align=\"JUSTIFY\"><span style=\"font-family: Arial, serif;\"><span style=\"font-size: small;\"> 2\u00aa MARIA PEREZ GOMEZ<\/span><\/span><\/p>\n<p align=\"JUSTIFY\"><span style=\"font-family: Arial, serif;\"><span style=\"font-size: small;\"><strong>SUB 14 M:<\/strong> <\/span><\/span><\/p>\n<p align=\"JUSTIFY\"><span style=\"font-family: Arial, serif;\"><span style=\"font-size: small;\">3\u00ba ADRIAN LOPEZ LAFUENTE<\/span><\/span><\/p>\n<p align=\"JUSTIFY\"><span style=\"font-family: Arial, serif;\"><span style=\"font-size: small;\"> 15\u00ba CARLOS PE\u00d1A GALINDO<\/span><\/span><\/p>\n<p align=\"JUSTIFY\"><span style=\"font-family: Arial, serif;\"><span style=\"font-size: small;\"> 16\u00ba JORGE LUIS TORRES ENRIQUEZ<\/span><\/span><\/p>\n<p align=\"JUSTIFY\"><span style=\"font-family: Arial, serif;\"><span style=\"font-size: small;\"> 33\u00ba DANIEL PEREZ CANO<\/span><\/span><\/p>\n<p align=\"JUSTIFY\"><span style=\"font-size: small;\"><strong><span style=\"font-family: Arial, serif;\">SUB 16 M<\/span><\/strong><\/span><\/p>\n<p align=\"JUSTIFY\"><span style=\"font-family: Arial, serif;\"><span style=\"font-size: small;\">\u00a05\u00ba DAVID HERNANDEZ SANCHEZ <\/span><\/span><\/p>\n<p align=\"JUSTIFY\"><span style=\"font-size: small;\"><strong><span style=\"font-family: Arial, serif;\">SUB 18 M<\/span><\/strong><\/span><\/p>\n<p align=\"JUSTIFY\"><span style=\"font-family: Arial, serif;\"><span style=\"font-size: small;\">: 3\u00ba MARCOS FERN\u00c1NDEZ REQUENA<\/span><\/span><\/p>\n<p align=\"JUSTIFY\"><span style=\"font-family: Arial, serif;\"><span style=\"font-size: small;\"> 6\u00ba PABLO MARTIN SANTIAGO<\/span><\/span><\/p>\n<p align=\"JUSTIFY\"><span style=\"font-size: small;\"><strong><span style=\"font-family: Arial, serif;\">SUB 23 M:<\/span><\/strong><\/span><\/p>\n<p align=\"JUSTIFY\"><span style=\"font-family: Arial, serif;\"><span style=\"font-size: small;\"> 3\u00ba JUAN JOSE URQUIZA SIERRA<\/span><\/span><\/p>\n<p align=\"JUSTIFY\"><span style=\"font-size: small;\"><strong><span style=\"font-family: Arial, serif;\">SENIOR M:<\/span><\/strong><\/span><\/p>\n<p align=\"JUSTIFY\">3\u00ba JOSE ANTONIO JUSTICIA RUIZ<\/p>\n<p align=\"JUSTIFY\">7\u00ba FRANCISCO JAVIER URQUIZA SIERRA<\/p>\n<p align=\"JUSTIFY\"><span style=\"font-family: Arial, serif;\"><span style=\"font-size: small;\">\u00a0<a href=\"https:\/\/i0.wp.com\/miradordeatarfe.es\/wp-content\/uploads\/2018\/01\/moraleda-2.png?ssl=1\"><img data-recalc-dims=\"1\" loading=\"lazy\" decoding=\"async\" class=\"alignnone size-full wp-image-21067\" src=\"https:\/\/i0.wp.com\/miradordeatarfe.es\/wp-content\/uploads\/2018\/01\/moraleda-2.png?resize=220%2C220&#038;ssl=1\" alt=\"\" width=\"220\" height=\"220\" srcset=\"https:\/\/i0.wp.com\/miradordeatarfe.es\/wp-content\/uploads\/2018\/01\/moraleda-2.png?w=220&amp;ssl=1 220w, https:\/\/i0.wp.com\/miradordeatarfe.es\/wp-content\/uploads\/2018\/01\/moraleda-2.png?resize=150%2C150&amp;ssl=1 150w\" sizes=\"auto, (max-width: 220px) 100vw, 220px\" \/>\u00a0\u00a0\u00a0\u00a0\u00a0\u00a0\u00a0\u00a0<\/a><a href=\"https:\/\/i0.wp.com\/miradordeatarfe.es\/wp-content\/uploads\/2018\/01\/moraleda-1.png?ssl=1\"><img data-recalc-dims=\"1\" loading=\"lazy\" decoding=\"async\" class=\"alignnone size-full wp-image-21066\" src=\"https:\/\/i0.wp.com\/miradordeatarfe.es\/wp-content\/uploads\/2018\/01\/moraleda-1.png?resize=205%2C220&#038;ssl=1\" alt=\"\" width=\"205\" height=\"220\" \/><\/a> <\/span><\/span><\/p>\n","protected":false},"excerpt":{"rendered":"<p>El siete es un n\u00famero misterioso y m\u00e1gico. Muchos aspectos de la vida del hombre&#8230;<\/p>\n","protected":false},"author":1,"featured_media":21068,"comment_status":"closed","ping_status":"closed","sticky":false,"template":"","format":"standard","meta":{"_coblocks_attr":"","_coblocks_dimensions":"","_coblocks_responsive_height":"","_coblocks_accordion_ie_support":"","jetpack_post_was_ever_published":false,"_jetpack_newsletter_access":"","_jetpack_dont_email_post_to_subs":false,"_jetpack_newsletter_tier_id":0,"_jetpack_memberships_contains_paywalled_content":false,"_jetpack_memberships_contains_paid_content":false,"footnotes":"","jetpack_publicize_message":"","jetpack_publicize_feature_enabled":true,"jetpack_social_post_already_shared":false,"jetpack_social_options":{"image_generator_settings":{"template":"highway","default_image_id":0,"enabled":false},"version":2}},"categories":[182,44,15],"tags":[81,85],"class_list":["post-21065","post","type-post","status-publish","format-standard","has-post-thumbnail","hentry","category-deportes","category-noticias-de-hoy","category-ultimas-noticias","tag-atarfe","tag-atletismo"],"jetpack_publicize_connections":[],"jetpack_featured_media_url":"https:\/\/i0.wp.com\/miradordeatarfe.es\/wp-content\/uploads\/2018\/01\/moraleda-3.png?fit=283%2C220&ssl=1","jetpack_likes_enabled":true,"jetpack_sharing_enabled":true,"_links":{"self":[{"href":"https:\/\/miradordeatarfe.es\/index.php?rest_route=\/wp\/v2\/posts\/21065","targetHints":{"allow":["GET"]}}],"collection":[{"href":"https:\/\/miradordeatarfe.es\/index.php?rest_route=\/wp\/v2\/posts"}],"about":[{"href":"https:\/\/miradordeatarfe.es\/index.php?rest_route=\/wp\/v2\/types\/post"}],"author":[{"embeddable":true,"href":"https:\/\/miradordeatarfe.es\/index.php?rest_route=\/wp\/v2\/users\/1"}],"replies":[{"embeddable":true,"href":"https:\/\/miradordeatarfe.es\/index.php?rest_route=%2Fwp%2Fv2%2Fcomments&post=21065"}],"version-history":[{"count":4,"href":"https:\/\/miradordeatarfe.es\/index.php?rest_route=\/wp\/v2\/posts\/21065\/revisions"}],"predecessor-version":[{"id":21072,"href":"https:\/\/miradordeatarfe.es\/index.php?rest_route=\/wp\/v2\/posts\/21065\/revisions\/21072"}],"wp:featuredmedia":[{"embeddable":true,"href":"https:\/\/miradordeatarfe.es\/index.php?rest_route=\/wp\/v2\/media\/21068"}],"wp:attachment":[{"href":"https:\/\/miradordeatarfe.es\/index.php?rest_route=%2Fwp%2Fv2%2Fmedia&parent=21065"}],"wp:term":[{"taxonomy":"category","embeddable":true,"href":"https:\/\/miradordeatarfe.es\/index.php?rest_route=%2Fwp%2Fv2%2Fcategories&post=21065"},{"taxonomy":"post_tag","embeddable":true,"href":"https:\/\/miradordeatarfe.es\/index.php?rest_route=%2Fwp%2Fv2%2Ftags&post=21065"}],"curies":[{"name":"wp","href":"https:\/\/api.w.org\/{rel}","templated":true}]}}