{"id":21107,"date":"2018-02-05T09:20:42","date_gmt":"2018-02-05T08:20:42","guid":{"rendered":"http:\/\/miradordeatarfe.es\/?p=21107"},"modified":"2018-02-02T15:37:46","modified_gmt":"2018-02-02T14:37:46","slug":"la-increible-reduccion-de-costes-de-la-energia-solar","status":"publish","type":"post","link":"https:\/\/miradordeatarfe.es\/?p=21107","title":{"rendered":"La incre\u00edble reducci\u00f3n de costes de la energ\u00eda solar"},"content":{"rendered":"<p style=\"text-align: justify;\">La sociedad sigue discutiendo sobre si es acertado no apostar fuerte por las energ\u00edas renovables (energ\u00eda solar, e\u00f3lica entre otras). <strong>Las tecnolog\u00edas energ\u00e9ticas est\u00e1n adelantando a los gobiernos de medio mundo<\/strong> y van camino de convertir este debate en algo totalmente desfasado.<!--more--><\/p>\n<p style=\"text-align: justify;\">Uno de los grandes problemas o impedimentos que tienen algunas energ\u00edas renovables es el elevado coste de inversi\u00f3n inicial. Sin embargo, seg\u00fan un nuevo informe de GTM Research,<strong> los precios de las instalaciones de energ\u00eda solar van a seguir decayendo hasta un 27% para el a\u00f1o 2022.<\/strong> Ir\u00e1n cayendo de media los precios en un 4,4% de media hasta llegar al 27%.<span id=\"more-44485\"><\/span><\/p>\n<h2 style=\"text-align: justify;\"><span id=\"Bajan_los_precios_de_la_energiacutea_solar\">Bajan los precios de la energ\u00eda solar<\/span><\/h2>\n<p style=\"text-align: justify;\">En el informe se realiza un pron\u00f3stico sobre los precios de los sistemas solares fotovoltaico. En \u00e9l se puede observar una tendencia continua que contribuye a la bajada de los precios de los proyectos solares. Estos precios no s\u00f3lo ser\u00e1n bajados de precio por la disminuci\u00f3n del precio en los m\u00f3dulos, <strong>sino tambi\u00e9n por un abaratamiento de los inversores, seguidores, e incluso de los costes de mano de obra.<\/strong><\/p>\n<p style=\"text-align: justify;\">De esta bajada de precios se beneficiar\u00e1n todas las regiones que podr\u00e1n optar por las energ\u00edas renovables. \u00a0Los precios r\u00e9cord m\u00e1s bajos recientes provienen de la India, donde el sistema de subastas del pa\u00eds se ha ido produciendo de manera constante y ha dado lugar a ofertas muy competitivas. Esto ha provocado que los precios est\u00e9n cada vez m\u00e1s bajos.<\/p>\n<p style=\"text-align: justify;\">Esto es una gran noticia para todas aquellas personas que opten por las energ\u00edas renovables para la generaci\u00f3n de energ\u00eda. \u00bfSer\u00e1 este el nuevo paso para evolucionar en la transici\u00f3n energ\u00e9tica hacia el predominio de las renovables?<\/p>\n<p style=\"text-align: justify;\">Todo esto est\u00e1 genial, pero no es suficiente. Si la energ\u00eda solar quiere ser un actor mundial a tener en cuenta necesita ser <strong>m\u00e1s rentable que en otras fuentes de energ\u00eda a corto plazo<\/strong>: Actualmente ya lo es, adem\u00e1s, en m\u00e1s de 50 pa\u00edses, la energ\u00eda solar es la energ\u00eda m\u00e1s barata de todas.<\/p>\n<p style=\"text-align: justify;\"><img data-recalc-dims=\"1\" loading=\"lazy\" decoding=\"async\" class=\"alignnone size-responsive-content wp-image-43320\" src=\"https:\/\/i0.wp.com\/www.renovablesverdes.com\/wp-content\/uploads\/2017\/06\/100MWRajasthan_51201-944x350-830x307.jpg?resize=640%2C237&#038;ssl=1\" sizes=\"auto, (max-width: 830px) 100vw, 830px\" srcset=\"https:\/\/www.renovablesverdes.com\/wp-content\/uploads\/2017\/06\/100MWRajasthan_51201-944x350.jpg 830w, https:\/\/www.renovablesverdes.com\/wp-content\/uploads\/2017\/06\/100MWRajasthan_51201-944x350-300x111.jpg 300w, https:\/\/www.renovablesverdes.com\/wp-content\/uploads\/2017\/06\/100MWRajasthan_51201-944x350-768x284.jpg 768w, https:\/\/www.renovablesverdes.com\/wp-content\/uploads\/2017\/06\/100MWRajasthan_51201-944x350-400x148.jpg 400w, https:\/\/www.renovablesverdes.com\/wp-content\/uploads\/2017\/06\/100MWRajasthan_51201-944x350-500x185.jpg 500w\" alt=\"Kurnool Ultra Mega Solar Park\" width=\"640\" height=\"237\" \/><\/p>\n<h2 style=\"text-align: justify;\"><span id=\"La_batalla_de_la_energiacutea_se_da_a_20_antildeos_vista\">La batalla de la energ\u00eda se da a 20 a\u00f1os vista<\/span><\/h2>\n<p style=\"text-align: justify;\">Pese a que normalmente nos fijamos en el precio de producci\u00f3n del kilovatio hora, <strong>ese no es el precio m\u00e1s interesante de cara a la adopci\u00f3n<\/strong> de las energ\u00edas renovables. Al menos, en un contexto como el actual en el que las renovables no disponen de subvenciones para costear las inversiones.<\/p>\n<p style=\"text-align: justify;\">Los sistemas energ\u00e9ticos con estructuras gigantes en las inversiones se hacen con varios a\u00f1os de previsi\u00f3n, incluso d\u00e9cadas. Eso es una de las razones porque\u00a0<strong>la adopci\u00f3n de las energ\u00edas renovables es lenta<\/strong>: una vez construida una central nuclear, de gas, carb\u00f3n (o de cualquier otro tipo) no es viable apagarla hasta el fin de su vida \u00fatil. Si se hiciera, normalmente n<strong>o se recuperar\u00eda la inversi\u00f3n<\/strong>, cosa que no va a pasar por los grandes lobbies que hay.<\/p>\n<p style=\"text-align: justify;\"><img data-recalc-dims=\"1\" loading=\"lazy\" decoding=\"async\" class=\"alignnone size-responsive-content wp-image-40678\" src=\"https:\/\/i0.wp.com\/www.renovablesverdes.com\/wp-content\/uploads\/2015\/11\/Carbon-830x400.jpg?resize=640%2C308&#038;ssl=1\" sizes=\"auto, (max-width: 830px) 100vw, 830px\" srcset=\"https:\/\/www.renovablesverdes.com\/wp-content\/uploads\/2015\/11\/Carbon.jpg 830w, https:\/\/www.renovablesverdes.com\/wp-content\/uploads\/2015\/11\/Carbon-300x145.jpg 300w, https:\/\/www.renovablesverdes.com\/wp-content\/uploads\/2015\/11\/Carbon-400x193.jpg 400w, https:\/\/www.renovablesverdes.com\/wp-content\/uploads\/2015\/11\/Carbon-500x241.jpg 500w\" alt=\"\" width=\"640\" height=\"308\" \/><\/p>\n<p style=\"text-align: justify;\">Es decir, que si queremos estudiar con detalle c\u00f3mo va a evolucionar la composici\u00f3n del mercado energ\u00e9tico, debemos fijarnos en cu\u00e1nto cuesta poner en marcha cada energ\u00eda desde cero. <strong>La rentabilidad a corto y medio plazo de las centrales energ\u00e9ticas es clave<\/strong> en la decisi\u00f3n final de los empresarios y de los pol\u00edticos; o, dicho de otra manera, una energ\u00eda muy barata de producir que requiera una inversi\u00f3n inicial muy alta no llegar\u00e1 a adoptarse nunca.<\/p>\n<h2 style=\"text-align: justify;\"><span id=\"La_energiacutea_solar_puede_competir_con_cualquiera\">La energ\u00eda solar puede competir con cualquiera<\/span><\/h2>\n<p style=\"text-align: justify;\">Segun varios informes de m\u00e1s de un organismo, sobre la industria energ\u00e9tica: \u201c<strong>La energ\u00eda solar no subvencionada est\u00e1 empezando a sacar del mercado al carb\u00f3n y al gas natural<\/strong>\u00a0, Adem\u00e1s, los nuevos proyectos solares en los mercados emergentes est\u00e1n costando menos que los e\u00f3licos\u201d.<\/p>\n<p style=\"text-align: justify;\"><img data-recalc-dims=\"1\" loading=\"lazy\" decoding=\"async\" class=\"alignnone size-responsive-content wp-image-43199\" src=\"https:\/\/i0.wp.com\/www.renovablesverdes.com\/wp-content\/uploads\/2017\/05\/energ%C3%ADa-solar-830x467.jpg?resize=640%2C360&#038;ssl=1\" sizes=\"auto, (max-width: 830px) 100vw, 830px\" srcset=\"https:\/\/www.renovablesverdes.com\/wp-content\/uploads\/2017\/05\/energ\u00eda-solar.jpg 830w, https:\/\/www.renovablesverdes.com\/wp-content\/uploads\/2017\/05\/energ\u00eda-solar-300x169.jpg 300w, https:\/\/www.renovablesverdes.com\/wp-content\/uploads\/2017\/05\/energ\u00eda-solar-768x432.jpg 768w, https:\/\/www.renovablesverdes.com\/wp-content\/uploads\/2017\/05\/energ\u00eda-solar-400x225.jpg 400w, https:\/\/www.renovablesverdes.com\/wp-content\/uploads\/2017\/05\/energ\u00eda-solar-500x281.jpg 500w, https:\/\/www.renovablesverdes.com\/wp-content\/uploads\/2017\/05\/energ\u00eda-solar-170x96.jpg 170w\" alt=\"Portugal se abastecer cuatro d\u00edas de energ\u00edas renovables\" width=\"640\" height=\"360\" \/><\/p>\n<p style=\"text-align: justify;\">Y, efectivamente, en casi sesenta pa\u00edses emergentes el precio medio de las instalaciones solares necesarias para <strong>producir cada megavatio ya ha ca\u00eddo a 1.650.000 d\u00f3lares<\/strong>, por debajo del 1.660.000 que cuesta la energ\u00eda e\u00f3lica.<\/p>\n<p style=\"text-align: justify;\"><img data-recalc-dims=\"1\" loading=\"lazy\" decoding=\"async\" class=\"alignnone size-responsive-content wp-image-43169\" src=\"https:\/\/i0.wp.com\/www.renovablesverdes.com\/wp-content\/uploads\/2017\/05\/progreso-energia-solar-y-eolica-830x552.jpg?resize=640%2C426&#038;ssl=1\" sizes=\"auto, (max-width: 830px) 100vw, 830px\" srcset=\"https:\/\/www.renovablesverdes.com\/wp-content\/uploads\/2017\/05\/progreso-energia-solar-y-eolica.jpg 830w, https:\/\/www.renovablesverdes.com\/wp-content\/uploads\/2017\/05\/progreso-energia-solar-y-eolica-300x200.jpg 300w, https:\/\/www.renovablesverdes.com\/wp-content\/uploads\/2017\/05\/progreso-energia-solar-y-eolica-768x511.jpg 768w, https:\/\/www.renovablesverdes.com\/wp-content\/uploads\/2017\/05\/progreso-energia-solar-y-eolica-400x266.jpg 400w, https:\/\/www.renovablesverdes.com\/wp-content\/uploads\/2017\/05\/progreso-energia-solar-y-eolica-451x300.jpg 451w\" alt=\"\" width=\"640\" height=\"426\" \/><\/p>\n<p style=\"text-align: justify;\">Tal y como podemos ver en la anterior gr\u00e1fica la evoluci\u00f3n est\u00e1 bastante clara. Esto significa que los pa\u00edses emergentes, que en general son los que suponen un mayor incremento en \u00a0emisiones de CO<sub>2.<\/sub><\/p>\n<p style=\"text-align: justify;\"><img data-recalc-dims=\"1\" loading=\"lazy\" decoding=\"async\" class=\"alignnone size-responsive-content wp-image-43016\" src=\"https:\/\/i0.wp.com\/www.renovablesverdes.com\/wp-content\/uploads\/2017\/03\/emisiones-de-Co2-830x571.jpg?resize=640%2C440&#038;ssl=1\" sizes=\"auto, (max-width: 830px) 100vw, 830px\" srcset=\"https:\/\/www.renovablesverdes.com\/wp-content\/uploads\/2017\/03\/emisiones-de-Co2.jpg 830w, https:\/\/www.renovablesverdes.com\/wp-content\/uploads\/2017\/03\/emisiones-de-Co2-300x206.jpg 300w, https:\/\/www.renovablesverdes.com\/wp-content\/uploads\/2017\/03\/emisiones-de-Co2-768x528.jpg 768w, https:\/\/www.renovablesverdes.com\/wp-content\/uploads\/2017\/03\/emisiones-de-Co2-400x275.jpg 400w, https:\/\/www.renovablesverdes.com\/wp-content\/uploads\/2017\/03\/emisiones-de-Co2-436x300.jpg 436w\" alt=\"Espa\u00f1a no reduce las emisiones de CO2\" width=\"640\" height=\"440\" \/><\/p>\n<p style=\"text-align: justify;\">Han encontrado una forma de generar electricidad a un precio competitivo y de forma totalmente renovable.<\/p>\n<h2 style=\"text-align: justify;\"><span id=\"El_precio_de_la_energiacutea_solar_vs_precio_carboacuten\"><span id=\"El_precio_a_mitad_del_carbon\"><strong>El precio de la energ\u00eda solar vs precio carb\u00f3n<\/strong><\/span><\/span><\/h2>\n<p style=\"text-align: justify;\">Este a\u00f1o se ha comprobado una carrera por la energ\u00eda solar en todos los aspectos,<strong> desde la evoluci\u00f3n tecnol\u00f3gica<\/strong>, hasta las subastas donde las empresas privadas compiten por esos contratos enormes del suministro de electricidad, mes tras mes se establece un r\u00e9cord de energ\u00eda solar m\u00e1s barata.<\/p>\n<p style=\"text-align: justify;\">El a\u00f1o pasado\u00a0empez\u00f3 un contrato para <strong>producirse electricidad por 64$ por MW\/hora<\/strong> desde el pa\u00eds de la India. \u00a0Un nuevo acuerdo en el mes de agosto rebaj\u00f3 la cifra a la incre\u00edble cifra de un poco m\u00e1s de <strong>29$ megavatio<\/strong> hora en Chile. Esa cantidad, es un hito en cuanto al coste de la electricidad, siendo casi un<strong> 50% m\u00e1s barato<\/strong> que el preci\u00f3 que ofrece\u00a0el carb\u00f3n.<\/p>\n<p style=\"text-align: justify;\"><img data-recalc-dims=\"1\" loading=\"lazy\" decoding=\"async\" class=\"alignnone size-responsive-content wp-image-42387\" src=\"https:\/\/i0.wp.com\/www.renovablesverdes.com\/wp-content\/uploads\/2016\/12\/carb%C3%B3n-830x466.jpg?resize=640%2C359&#038;ssl=1\" sizes=\"auto, (max-width: 830px) 100vw, 830px\" srcset=\"https:\/\/www.renovablesverdes.com\/wp-content\/uploads\/2016\/12\/carb\u00f3n.jpg 830w, https:\/\/www.renovablesverdes.com\/wp-content\/uploads\/2016\/12\/carb\u00f3n-300x168.jpg 300w, https:\/\/www.renovablesverdes.com\/wp-content\/uploads\/2016\/12\/carb\u00f3n-768x431.jpg 768w, https:\/\/www.renovablesverdes.com\/wp-content\/uploads\/2016\/12\/carb\u00f3n-400x225.jpg 400w, https:\/\/www.renovablesverdes.com\/wp-content\/uploads\/2016\/12\/carb\u00f3n-500x281.jpg 500w, https:\/\/www.renovablesverdes.com\/wp-content\/uploads\/2016\/12\/carb\u00f3n-170x96.jpg 170w\" alt=\"Carb\u00f3n\" width=\"640\" height=\"359\" \/><\/p>\n<p style=\"text-align: justify;\">Con el informe <em><a href=\"https:\/\/www.lazard.com\/media\/438038\/levelized-cost-of-energy-v100.pdf\" target=\"_blank\" rel=\"noopener noreferrer\">Levelized Costs Of Energy<\/a>\u00a0<\/em>(Costes Nivelados de las diferentes tecnolog\u00edas Energ\u00e9ticas, sin subvenciones). Se constata que cada a\u00f1o, las renovables<strong> son m\u00e1s baratas y las convencionales m\u00e1s caras.<\/strong><\/p>\n<p style=\"text-align: justify;\"><img data-recalc-dims=\"1\" loading=\"lazy\" decoding=\"async\" class=\"alignnone size-responsive-content wp-image-43166\" src=\"https:\/\/i0.wp.com\/www.renovablesverdes.com\/wp-content\/uploads\/2017\/05\/comparacion-precios-energia-830x573.jpg?resize=640%2C442&#038;ssl=1\" sizes=\"auto, (max-width: 830px) 100vw, 830px\" srcset=\"https:\/\/www.renovablesverdes.com\/wp-content\/uploads\/2017\/05\/comparacion-precios-energia.jpg 830w, https:\/\/www.renovablesverdes.com\/wp-content\/uploads\/2017\/05\/comparacion-precios-energia-300x207.jpg 300w, https:\/\/www.renovablesverdes.com\/wp-content\/uploads\/2017\/05\/comparacion-precios-energia-768x530.jpg 768w, https:\/\/www.renovablesverdes.com\/wp-content\/uploads\/2017\/05\/comparacion-precios-energia-400x276.jpg 400w, https:\/\/www.renovablesverdes.com\/wp-content\/uploads\/2017\/05\/comparacion-precios-energia-435x300.jpg 435w\" alt=\"\" width=\"640\" height=\"442\" \/><\/p>\n<p style=\"text-align: justify;\">Y la tendencia de costes est\u00e1 <strong>m\u00e1s que clara &#x1f600;<\/strong><\/p>\n<p style=\"text-align: justify;\"><img data-recalc-dims=\"1\" loading=\"lazy\" decoding=\"async\" class=\"alignnone size-responsive-content wp-image-43168\" src=\"https:\/\/i0.wp.com\/www.renovablesverdes.com\/wp-content\/uploads\/2017\/05\/costes-eolica-solar-1-830x559.jpg?resize=640%2C431&#038;ssl=1\" sizes=\"auto, (max-width: 830px) 100vw, 830px\" srcset=\"https:\/\/www.renovablesverdes.com\/wp-content\/uploads\/2017\/05\/costes-eolica-solar-1.jpg 830w, https:\/\/www.renovablesverdes.com\/wp-content\/uploads\/2017\/05\/costes-eolica-solar-1-300x202.jpg 300w, https:\/\/www.renovablesverdes.com\/wp-content\/uploads\/2017\/05\/costes-eolica-solar-1-768x517.jpg 768w, https:\/\/www.renovablesverdes.com\/wp-content\/uploads\/2017\/05\/costes-eolica-solar-1-400x269.jpg 400w, https:\/\/www.renovablesverdes.com\/wp-content\/uploads\/2017\/05\/costes-eolica-solar-1-445x300.jpg 445w\" alt=\"\" width=\"640\" height=\"431\" \/><\/p>\n<div class=\"adsb30\" style=\"text-align: justify;\"><\/div>\n<div class=\"bottom-post\">\n<div class=\"bottom-post-title\" style=\"text-align: justify;\">Ahorra en tu factura de la luz<\/div>\n<div class=\"bottom-post-description\" style=\"text-align: justify;\">\u00bfQuieres ahorrar en tu factura de la luz? Consigue un descuento de 30\u20ac GRATIS usando el c\u00f3digo HOLA30.<\/div>\n<div class=\"bottom-post-buttons\" style=\"text-align: justify;\"><a class=\"myButton\" href=\"http:\/\/ad.zanox.com\/ppc\/?41933325C948751173T\" rel=\"nofollow\">Ahorra con energ\u00eda 100% verde<\/a><\/div>\n<\/div>\n","protected":false},"excerpt":{"rendered":"<p>La sociedad sigue discutiendo sobre si es acertado no apostar fuerte por las energ\u00edas renovables&#8230;<\/p>\n","protected":false},"author":1,"featured_media":0,"comment_status":"closed","ping_status":"closed","sticky":false,"template":"","format":"standard","meta":{"_coblocks_attr":"","_coblocks_dimensions":"","_coblocks_responsive_height":"","_coblocks_accordion_ie_support":"","jetpack_post_was_ever_published":false,"_jetpack_newsletter_access":"","_jetpack_dont_email_post_to_subs":false,"_jetpack_newsletter_tier_id":0,"_jetpack_memberships_contains_paywalled_content":false,"_jetpack_memberships_contains_paid_content":false,"footnotes":"","jetpack_publicize_message":"","jetpack_publicize_feature_enabled":true,"jetpack_social_post_already_shared":false,"jetpack_social_options":{"image_generator_settings":{"template":"highway","default_image_id":0,"enabled":false},"version":2}},"categories":[1161,44,15],"tags":[901,100,99],"class_list":["post-21107","post","type-post","status-publish","format-standard","hentry","category-ciudadania","category-noticias-de-hoy","category-ultimas-noticias","tag-beneficios","tag-energia-solar","tag-medio-ambiente"],"jetpack_publicize_connections":[],"jetpack_featured_media_url":"","jetpack_likes_enabled":true,"jetpack_sharing_enabled":true,"_links":{"self":[{"href":"https:\/\/miradordeatarfe.es\/index.php?rest_route=\/wp\/v2\/posts\/21107","targetHints":{"allow":["GET"]}}],"collection":[{"href":"https:\/\/miradordeatarfe.es\/index.php?rest_route=\/wp\/v2\/posts"}],"about":[{"href":"https:\/\/miradordeatarfe.es\/index.php?rest_route=\/wp\/v2\/types\/post"}],"author":[{"embeddable":true,"href":"https:\/\/miradordeatarfe.es\/index.php?rest_route=\/wp\/v2\/users\/1"}],"replies":[{"embeddable":true,"href":"https:\/\/miradordeatarfe.es\/index.php?rest_route=%2Fwp%2Fv2%2Fcomments&post=21107"}],"version-history":[{"count":1,"href":"https:\/\/miradordeatarfe.es\/index.php?rest_route=\/wp\/v2\/posts\/21107\/revisions"}],"predecessor-version":[{"id":21109,"href":"https:\/\/miradordeatarfe.es\/index.php?rest_route=\/wp\/v2\/posts\/21107\/revisions\/21109"}],"wp:attachment":[{"href":"https:\/\/miradordeatarfe.es\/index.php?rest_route=%2Fwp%2Fv2%2Fmedia&parent=21107"}],"wp:term":[{"taxonomy":"category","embeddable":true,"href":"https:\/\/miradordeatarfe.es\/index.php?rest_route=%2Fwp%2Fv2%2Fcategories&post=21107"},{"taxonomy":"post_tag","embeddable":true,"href":"https:\/\/miradordeatarfe.es\/index.php?rest_route=%2Fwp%2Fv2%2Ftags&post=21107"}],"curies":[{"name":"wp","href":"https:\/\/api.w.org\/{rel}","templated":true}]}}