{"id":2117,"date":"2015-06-01T08:09:57","date_gmt":"2015-06-01T08:09:57","guid":{"rendered":"http:\/\/miradordeatarfe.es\/?p=2117"},"modified":"2015-06-02T10:22:52","modified_gmt":"2015-06-02T10:22:52","slug":"y-ahora-que-por-manuel-codina","status":"publish","type":"post","link":"https:\/\/miradordeatarfe.es\/?p=2117","title":{"rendered":"Y TRAS LAS ELECCIONES MUNICIPALES EN ATARFE \u00bfAHORA QUE? por Manuel Codina"},"content":{"rendered":"<p>Las elecciones en Atarfe han creado incentidumbre en el pueblo. Todas las fuerzas polit\u00edticas deben\u00a0 respetar la decisi\u00f3n y los deseos del pueblo, que mayoritariamente\u00a0 ha votado opciones de izquierda. Debemos exigirle transparencia, sin oscurantismo, como lo exige hoy la mayor\u00eda de la ciudadan\u00eda.<!--more--><\/p>\n<p>HAGAMOS UN POCO DE HISTORIA NUM\u00c9RICA<\/p>\n<p>En estas ELECCIONES , el PSOE, que lleva gobernando en la localidad desde los a\u00f1os 80, y con mayor\u00eda absoluta desde 1995 a 2007, ha conseguido cinco concejales, dos concejales cada uno de los partidos como el PP, Ciudadanos, y Ganemos Atarfe para la Gente . Este panorama pol\u00edtico es sin embargo de incertidumbre, por lo que incluso un posible pacto entre dos fuerzas no alcanzar\u00eda una mayor\u00eda absoluta.<\/p>\n<p>Desde 1995 que pasamos como municipio de 13 concejales a 17 ( 1991)\u00a0 s\u00f3lo hab\u00eda tres partidos representados en el gobierno municipal de Atarfe: PSOE, IU, PP.<\/p>\n<p>Haciendo un mero an\u00e1lisis desde el 2007 al 2015 ( las ultimas tres legislaturas)<\/p>\n<p>Psoe pierde 6 concejales y\u00a0 1450 votantes<\/p>\n<p>IU-ganemos 2 concejales y 531 votantes<\/p>\n<p>PP recupero cuatro y los vuelve a perder, perdiendo su techo por arriba ( 1587) y volviendo a su techo por abajo (853) aunque en 2003 tuvo 768 votantes, que fue su techo m\u00e1s bajo.<\/p>\n<p><span style=\"font-size: medium;\">RESUMIENDO: <em>AMBAS FORMACIONES PIERDEN DE LA ANTERIOR LEGISLATURA<\/em> A ESTA<\/span> 8 CONCEJALES\u00a0 :<\/p>\n<p><b>PP: 4 ; <\/b><\/p>\n<p><b>IU-GANEMOS : 2 <\/b><\/p>\n<p><b>Y PSOE : 2<\/b><\/p>\n<p>GANAN ESOS 8 CONCEJALES:<\/p>\n<p><b>PASI 6 Y <\/b><\/p>\n<p><b>CIUDADANOS 2<\/b><\/p>\n<p>El PSOE siendo durante 32 a\u00f1os la fuerza m\u00e1s votada pasa a ser la segunda fuerza en el municipio de Atarfe.\u00a0 IU-Ganemos era la segunda fuerza m\u00e1s votada (hasta en la anterior legislatura que pas\u00f3 a ser la tercera ) y hoy pasa a la 5 fuerza m\u00e1s votada.<\/p>\n<p>El PP sigue siendo la tercera fuerza m\u00e1s votada ( excepto en la anterior legislatura que fue la segunda)<\/p>\n<p>Y las nuevas agrupaciones y partidos ( PASI-\u00a0 y Ciudadnos) entran en la maquinaria electoral por primera vez,\u00a0 siendo PASI la fuerza m\u00e1s votada y Ciudadanos la cuarta.<\/p>\n<h3>\u00a0As\u00ed el panorama <span style=\"font-size: large;\"><b>\u00bfAHORA QUE?<\/b><\/span><\/h3>\n<p>Suele decirse que las elecciones son necesarias pero no suficientes para hablar de democracia, un t\u00e9rmino sobre el cual se ha reflexionado desde la antig\u00fcedad cl\u00e1sica; que viene acompa\u00f1ado de infinidad de adjetivos; y que puede ser concebido desde las m\u00e1s diversas corrientes de pensamiento pol\u00edtico, intereses y percepciones.<\/p>\n<p>El problema fundamental de la democracia como la de todo r\u00e9gimen pol\u00edtico, es <strong>el del poder<\/strong>: \u00abquien lo posee, detenta o ejerce y a favor de qui\u00e9n\u201d .<\/p>\n<p>Estas elecciones municipales \u2014en toda Espa\u00f1a\u2014 y auton\u00f3micas \u2014en 13 comunidades\u2014 no pueden ser entendidas como un anticipo de las generales de finales de este a\u00f1o, pero s\u00ed como el preludio de <b>un tiempo nuevo con un escenario pol\u00edtico m\u00e1s plural y, por tanto, m\u00e1s acorde con la diversidad de nuestra sociedad<\/b>. Que es lo que la ciudadan\u00eda lleva tiempo reclamando y que \u00a0acoge con satisfacci\u00f3n. El 69% de los espa\u00f1oles (seg\u00fan datos de un sondeo de Metroscopia efectuado los d\u00edas 12 y 13 de este mes) considera positiva para nuestra vida pol\u00edtica la <b>desaparici\u00f3n de las mayor\u00edas absolutas<\/b> y la emergencia de nuevos partidos que se sumen a los hasta ahora gobernantes.<\/p>\n<h4 class=\"western\"><span style=\"font-size: large;\">\u00bfCuando y c\u00f3mo se elige al alcalde?<\/span><\/h4>\n<p>El alcalde se elige, seg\u00fan la normativa legal,\u00a0 en la misma sesi\u00f3n de constituci\u00f3n de la Corporaci\u00f3n ( dia 13 de Junio). Pueden ser candidatos quienes hubieran encabezado las correspondientes listas electorales y si alguno obtiene la mayor\u00eda absoluta de los votos puede ser proclamado alcalde.<\/p>\n<p>Si ninguno obtiene dicha mayor\u00eda, <strong>es proclamado alcalde quien encabece la lista que haya obtenido mayor n\u00famero de votos populares en el correspondiente municipio.<\/strong> En caso de que dos listas hubieran obtenido el mismo n\u00famero de votos populares, el empate se resolver\u00e1 por sorteo, (cuesti\u00f3n que no ocurre en Atarfe).<\/p>\n<p>Quien resulte proclamado alcalde debe tomar posesi\u00f3n ante el Pleno de la Corporaci\u00f3n. Si no estuviera presente en la sesi\u00f3n de constituci\u00f3n, tiene un plazo de 48 horas para hacerlo, si no se entender\u00e1 que la alcald\u00eda est\u00e1 vacante.<\/p>\n<h3>T<span style=\"font-size: medium;\">anto PASI como PSOE dicen (y se habla por el pueblo) que inician los di\u00e1logos para formar \u00a0gobierno \u201ccon el mayor consenso posible\u201d.<\/span>El panorama pol\u00edtico de Atarfe es sin embargo de INCERTIDUMBRE , por lo que incluso un posible pacto entre dos fuerzas no alcanzar\u00eda una mayor\u00eda absoluta (excepto entre PASI Y PSOE)<\/h3>\n<p>Como dice Jos\u00e9 Juan Torabia (columnista de varios medios):<\/p>\n<p>\u201c<i>Lo cierto es que, de entrada, los espa\u00f1oles (<\/i>y en nuestro caso los Atarfe\u00f1os<i>) no ponen precisamente muchas trabas a una din\u00e1mica pol\u00edtica de nuevo cu\u00f1o sustentada en el pacto permanente y pluridireccional\u201d<\/i>\u2026 y sigue<\/p>\n<p>\u201c<i>los ciudadanos que creen que, en la nueva escena pol\u00edtica que se avecina, los partidos deben tener libertad para negociar acuerdos en unos sitios con unos partidos y en otros sitios con otros. Es decir, los denominados pactos de geometr\u00eda variable no ser\u00edan vistos por los votantes como entreguismo, dejaci\u00f3n de principios y pasteleo, sino como medio para superar d\u00eda a d\u00eda las dificultades de una convivencia plural y libre, trazando para cada problema una puerta de salida lo suficientemente holgada para que quien pase por ella no tenga que agachar excesivamente la cabeza<\/i>.\u201d<\/p>\n<p>Desde el Mirador de Atarfe animamos a nuestros partidos a regenerarse, si es menester, y\u00a0 a nuestros representantes municipales a <em>no tener miedo al funcionamiento de las normas del Estado democr\u00e1tico<\/em>. Quedan 13 d\u00edas para saber como se resuelve este enigma y no podemos permitirnos como <span style=\"text-decoration: underline;\">CIUDADANOS DEJAR DE SENTIRNOS ORGULLOSOS DE SER ATARFE\u00d1OS, siendo UN GRAN PUEBLO, presidido por el di\u00e1logo y la estabilidad.<br \/>\n<\/span><\/p>\n<p>Manuel Codina<\/p>\n","protected":false},"excerpt":{"rendered":"<p>Las elecciones en Atarfe han creado incentidumbre en el pueblo. Todas las fuerzas polit\u00edticas deben\u00a0&#8230;<\/p>\n","protected":false},"author":1,"featured_media":1971,"comment_status":"closed","ping_status":"closed","sticky":false,"template":"","format":"standard","meta":{"_coblocks_attr":"","_coblocks_dimensions":"","_coblocks_responsive_height":"","_coblocks_accordion_ie_support":"","jetpack_post_was_ever_published":false,"_jetpack_newsletter_access":"","_jetpack_dont_email_post_to_subs":false,"_jetpack_newsletter_tier_id":0,"_jetpack_memberships_contains_paywalled_content":false,"_jetpack_memberships_contains_paid_content":false,"footnotes":"","jetpack_publicize_message":"","jetpack_publicize_feature_enabled":true,"jetpack_social_post_already_shared":false,"jetpack_social_options":{"image_generator_settings":{"template":"highway","default_image_id":0,"enabled":false},"version":2}},"categories":[2,15],"tags":[171],"class_list":["post-2117","post","type-post","status-publish","format-standard","has-post-thumbnail","hentry","category-atarfe","category-ultimas-noticias","tag-elecciones"],"jetpack_publicize_connections":[],"jetpack_featured_media_url":"https:\/\/i0.wp.com\/miradordeatarfe.es\/wp-content\/uploads\/2015\/05\/AYUN.jpg?fit=177%2C147&ssl=1","jetpack_likes_enabled":true,"jetpack_sharing_enabled":true,"_links":{"self":[{"href":"https:\/\/miradordeatarfe.es\/index.php?rest_route=\/wp\/v2\/posts\/2117","targetHints":{"allow":["GET"]}}],"collection":[{"href":"https:\/\/miradordeatarfe.es\/index.php?rest_route=\/wp\/v2\/posts"}],"about":[{"href":"https:\/\/miradordeatarfe.es\/index.php?rest_route=\/wp\/v2\/types\/post"}],"author":[{"embeddable":true,"href":"https:\/\/miradordeatarfe.es\/index.php?rest_route=\/wp\/v2\/users\/1"}],"replies":[{"embeddable":true,"href":"https:\/\/miradordeatarfe.es\/index.php?rest_route=%2Fwp%2Fv2%2Fcomments&post=2117"}],"version-history":[{"count":7,"href":"https:\/\/miradordeatarfe.es\/index.php?rest_route=\/wp\/v2\/posts\/2117\/revisions"}],"predecessor-version":[{"id":2197,"href":"https:\/\/miradordeatarfe.es\/index.php?rest_route=\/wp\/v2\/posts\/2117\/revisions\/2197"}],"wp:featuredmedia":[{"embeddable":true,"href":"https:\/\/miradordeatarfe.es\/index.php?rest_route=\/wp\/v2\/media\/1971"}],"wp:attachment":[{"href":"https:\/\/miradordeatarfe.es\/index.php?rest_route=%2Fwp%2Fv2%2Fmedia&parent=2117"}],"wp:term":[{"taxonomy":"category","embeddable":true,"href":"https:\/\/miradordeatarfe.es\/index.php?rest_route=%2Fwp%2Fv2%2Fcategories&post=2117"},{"taxonomy":"post_tag","embeddable":true,"href":"https:\/\/miradordeatarfe.es\/index.php?rest_route=%2Fwp%2Fv2%2Ftags&post=2117"}],"curies":[{"name":"wp","href":"https:\/\/api.w.org\/{rel}","templated":true}]}}