{"id":21214,"date":"2018-02-04T11:15:03","date_gmt":"2018-02-04T10:15:03","guid":{"rendered":"http:\/\/miradordeatarfe.es\/?p=21214"},"modified":"2020-06-26T13:33:55","modified_gmt":"2020-06-26T11:33:55","slug":"se-acabo-y-los-codigos-por-juan-alfredo-bellon","status":"publish","type":"post","link":"https:\/\/miradordeatarfe.es\/?p=21214","title":{"rendered":"SE ACAB\u00d3 Y LOS C\u00d3DIGOS  por Juan Alfredo Bell\u00f3n"},"content":{"rendered":"<p style=\"text-align: justify;\"><i><b>SE ACAB\u00d3 Y LOS C\u00d3DIGOS <\/b><\/i><b>por Juan Alfredo Bell\u00f3n<\/b><b>\u00a0 para\u00a0 EL MIRADOR DE ATARFE <\/b><b>del domingo 04-02-2018<\/b><!--more--><\/p>\n<p style=\"text-align: justify;\"><b> C<\/b>omo dice la copla de Mar\u00eda Jim\u00e9nez y los mensajes de Puigdemont a su consejero Comin, el pasado mi\u00e9rcoles, en el auto-exilio belga, <i>esto se acab\u00f3 y ya no resiste m\u00e1s.<\/i> Ni nosotros, con estos centralistas de mierda, pis\u00e1ndonos las tripas y el estern\u00f3n. Tampoco tiene sentido seguir monopolizando la informaci\u00f3n y la opini\u00f3n publicadas locales, nacionales e internacionales y estirando nuestra presencia en los medios como quien estira un chicle pasado de textura y de sabor, por la misma inercia del tiempo y de la <i>masticaci\u00f3n.<\/i> Nos han vencido poniendo al descubierto nuestra irrelevancia y nuestras contradicciones secundarias, que dir\u00eda el otro.<\/p>\n<p style=\"text-align: justify;\">Adem\u00e1s, por mucho que proclamemos la fuerza y la latencia pertinaz de la Primera Rep\u00fablica Catalana (y Tercera de Espa\u00f1a) casi nata, casi nonata, mitad de turr\u00f3n de Alacant y mitad de crema pastelera, tendremos que agachar la cerviz y reconocer a los cuatro vientos el fracaso de nuestro proyecto y yo, Puigdemont primero de Catalu\u00f1a y nada, casi nada de Alemania, con el escarmiento doloroso de Maci\u00e1, tendr\u00e9 que dedicar la larga vida que me queda a limpiar mi honra y mi memoria de esta m\u00e1cula de proporciones impresionantes, de este gatillazo hist\u00f3rico y memorable, de este <i>Grado Cero de mi Escritura<\/i>, que dir\u00eda el semi\u00f3logo franc\u00e9s Roland Barthes (Oh la-la-l\u00e1) en el tercer tercio del siglo XX.<\/p>\n<p style=\"text-align: justify;\">Y lo peor de todo es que nos hemos apropiado de un protagonismo nacional incontestable para nada, hablando por hablar y reivindicando por reivindicar: jodiendo por joder, como el gallego aquel, como el gallego. Y hablando de gallegos, hemos acabado por hacer bueno a Rajoy y a la C<i>hiquitilla<\/i> solo con ponerles a su lado a la S\u00e1nchez Camacho y al Garc\u00eda Albiol. Mira t\u00fa si tenemos m\u00e9rito yo y mis Jordis frente a estos dragones centralistas que, como Montoro, comienzan ahora a blandir desde sus <i>para\u00edsos interiores <\/i>el se\u00f1uelo del replanteamiento constitucional y el de la refinanciaci\u00f3n de las autonom\u00edas, incluida Catalu\u00f1a y los cupos vasco-navarros, si lo apuran\u2026<\/p>\n<p style=\"text-align: justify;\">Y es que en estos tiempos de mudanza nada es lo que parece. As\u00ed, en mi Lanjar\u00f3n maritalmente natal, la concejal de turismo actual, tambi\u00e9n ella perteneciente a una fanmilia de rancio abolengo hostelero local, acaba de pasar por FITUR para apoyar las muchas posibilidades tur\u00edsticas de presente y de futuro de su localidad pero, de camino, confundi\u00f3 los lazos amarillos que luc\u00edan los seguratas en la chaqueta por solidaridad con la infancia doliente de c\u00e1ncer y, tom\u00e1ndolos por defensores de los catalanistas enchiquerados por las autoridades judiciales (<i>sic <\/i>el Junqueras) les form\u00f3 un foll\u00f3n de p\u00e1rate y no te menees i<i>n situ<\/i> y en las redes sociales y, de camino, arremeti\u00f3 contra la presidenta de la Junta por haberlos supuestamente contratado y permitido en su territorio de dicha Feria Internacional llevar a cabo actividades catalanistas radicales reclamando la libertad para los Jordis, el Junqueras, y dem\u00e1s separatistas de mal vivir.<\/p>\n<p style=\"text-align: justify;\">El semi\u00f3logo Roland Barthes hubiera dicho que la tal edil del PP debi\u00f3 sufrir una confusi\u00f3n entre el amarillo como perteneciente a un c\u00f3digo sanitario y otro como elemento de un c\u00f3digo sociopol\u00edtico separatista. Lo que, en rom\u00e1n paladino equivale a tener harto ardor reaccionario, muchas ganas de hacer m\u00e9ritos para ir en las pr\u00f3ximas listas electorales y, ay de ella, confundir el mism\u00edsimo culo con las temporas<\/p>\n<p>FOTO: <b class=\"source\">Fuente\/Auto@r: Turismo Cultura Lanjaron<\/b><\/p>\n","protected":false},"excerpt":{"rendered":"<p>SE ACAB\u00d3 Y LOS C\u00d3DIGOS por Juan Alfredo Bell\u00f3n\u00a0 para\u00a0 EL MIRADOR DE ATARFE del&#8230;<\/p>\n","protected":false},"author":1,"featured_media":0,"comment_status":"closed","ping_status":"closed","sticky":false,"template":"","format":"standard","meta":{"_coblocks_attr":"","_coblocks_dimensions":"","_coblocks_responsive_height":"","_coblocks_accordion_ie_support":"","jetpack_post_was_ever_published":false,"_jetpack_newsletter_access":"","_jetpack_dont_email_post_to_subs":false,"_jetpack_newsletter_tier_id":0,"_jetpack_memberships_contains_paywalled_content":false,"_jetpack_memberships_contains_paid_content":false,"footnotes":"","jetpack_publicize_message":"","jetpack_publicize_feature_enabled":true,"jetpack_social_post_already_shared":false,"jetpack_social_options":{"image_generator_settings":{"template":"highway","default_image_id":0,"enabled":false},"version":2}},"categories":[12,186,36,44,15],"tags":[152,4624,232,2888,2071],"class_list":["post-21214","post","type-post","status-publish","format-standard","hentry","category-cultura","category-instituciones","category-opinion-de-juan-alfredo-bellon","category-noticias-de-hoy","category-ultimas-noticias","tag-cataluna","tag-fitur","tag-independencia","tag-lanjaron","tag-rajoy"],"jetpack_publicize_connections":[],"jetpack_featured_media_url":"","jetpack_likes_enabled":true,"jetpack_sharing_enabled":true,"_links":{"self":[{"href":"https:\/\/miradordeatarfe.es\/index.php?rest_route=\/wp\/v2\/posts\/21214","targetHints":{"allow":["GET"]}}],"collection":[{"href":"https:\/\/miradordeatarfe.es\/index.php?rest_route=\/wp\/v2\/posts"}],"about":[{"href":"https:\/\/miradordeatarfe.es\/index.php?rest_route=\/wp\/v2\/types\/post"}],"author":[{"embeddable":true,"href":"https:\/\/miradordeatarfe.es\/index.php?rest_route=\/wp\/v2\/users\/1"}],"replies":[{"embeddable":true,"href":"https:\/\/miradordeatarfe.es\/index.php?rest_route=%2Fwp%2Fv2%2Fcomments&post=21214"}],"version-history":[{"count":1,"href":"https:\/\/miradordeatarfe.es\/index.php?rest_route=\/wp\/v2\/posts\/21214\/revisions"}],"predecessor-version":[{"id":21216,"href":"https:\/\/miradordeatarfe.es\/index.php?rest_route=\/wp\/v2\/posts\/21214\/revisions\/21216"}],"wp:attachment":[{"href":"https:\/\/miradordeatarfe.es\/index.php?rest_route=%2Fwp%2Fv2%2Fmedia&parent=21214"}],"wp:term":[{"taxonomy":"category","embeddable":true,"href":"https:\/\/miradordeatarfe.es\/index.php?rest_route=%2Fwp%2Fv2%2Fcategories&post=21214"},{"taxonomy":"post_tag","embeddable":true,"href":"https:\/\/miradordeatarfe.es\/index.php?rest_route=%2Fwp%2Fv2%2Ftags&post=21214"}],"curies":[{"name":"wp","href":"https:\/\/api.w.org\/{rel}","templated":true}]}}