{"id":2124,"date":"2015-06-01T07:57:35","date_gmt":"2015-06-01T07:57:35","guid":{"rendered":"http:\/\/miradordeatarfe.es\/?p=2124"},"modified":"2015-06-02T08:33:39","modified_gmt":"2015-06-02T08:33:39","slug":"seguire-en-alemania-pero-algun-dia-espero-poder-jugar-en-el-granada","status":"publish","type":"post","link":"https:\/\/miradordeatarfe.es\/?p=2124","title":{"rendered":"\u00abSeguir\u00e9 en Alemania, pero alg\u00fan d\u00eda espero poder jugar en el Granada\u00bb"},"content":{"rendered":"<p>El Werder Bremen le ha realizado una oferta a \u00c1lex G\u00e1lvez, defensa granadino, para renovar que le ilusiona y de cara al futuro apunta que \u00abser\u00eda un orgullo vestir la rojiblanca\u00bb<!--more--><\/p>\n<p>El defensa \u00c1lex G\u00e1lvez se encuentra de vuelta a la ciudad despu\u00e9s de haber demostrado su calidad en el Werder Bremen, conjunto alem\u00e1n en el que le reservan planes de futuro seductores a la vista de que no ha tocado techo y de su enorme proyecci\u00f3n. Ahora bien, que esto sea as\u00ed no necesariamente implica que a m\u00e1s largo plazo no se le pueda ver de rojiblanco. As\u00ed lo aclara en esta primera entrevista que concede en su regreso a Espa\u00f1a, que es en la que deja patente su marcado granadinismo. Y tambi\u00e9n, que no ha perdido ni la humildad ni la sencillez.<\/p>\n<p class=\"compLadillo\">-\u00bfQu\u00e9 tal su experiencia en Alemania?<\/p>\n<p>-Pues la verdad es que muy bien. Estoy muy feliz de mi paso por el Werder Bremen. Me ilusiona el proyecto que prepara para el futuro.<\/p>\n<table class=\"degradadoGris\" width=\"100%\" cellspacing=\"0\" cellpadding=\"5\">\n<tbody>\n<tr>\n<td valign=\"top\">\n<div>\n<div class=\"v13190e7fb\">\n<div>Alejandro Galvez Jimena<\/div>\n<\/div>\n<\/div>\n<p>&nbsp;<\/p>\n<ul type=\"square\">\n<li><span style=\"color: #00257e; font-family: Verdana,Arial,Helvetica,sans-serif;\"><b>CLUB AL QUE PERTENECE: <\/b><span style=\"color: #000000;\">Werder Bremen<\/span><\/span><br \/>\n<b><\/b><\/li>\n<li><b><span style=\"color: #00257e; font-family: Verdana,Arial,Helvetica,sans-serif;\">CATEGOR\u00cdA: <\/span><\/b><span style=\"color: #00257e; font-family: Verdana,Arial,Helvetica,sans-serif;\"><span style=\"color: #000000;\">Senior<\/span><\/span><br \/>\n<b><\/b><\/li>\n<li><b><span style=\"color: #00257e; font-family: Verdana,Arial,Helvetica,sans-serif;\">POSICI\u00d3N: <\/span><\/b><span style=\"color: #00257e; font-family: Verdana,Arial,Helvetica,sans-serif;\"><span style=\"color: #000000;\">Defensa<\/span><\/span><br \/>\n<b><\/b><\/li>\n<li><b><span style=\"color: #00257e; font-family: Verdana,Arial,Helvetica,sans-serif;\">POSICI\u00d3N ESPEC\u00cdFICA: <\/span><\/b><span style=\"color: #00257e; font-family: Verdana,Arial,Helvetica,sans-serif;\"><span style=\"color: #000000;\">Central<\/span><\/span><br \/>\n<b><\/b><\/li>\n<li><b><span style=\"color: #00257e; font-family: Verdana,Arial,Helvetica,sans-serif;\">LUGAR DE NACIMIENTO: <\/span><\/b><span style=\"color: #00257e; font-family: Verdana,Arial,Helvetica,sans-serif;\"><span style=\"color: #000000;\">Atarfe (Granada)<\/span><\/span><br \/>\n<b><\/b><\/li>\n<li><b><span style=\"color: #00257e; font-family: Verdana,Arial,Helvetica,sans-serif;\">FECHA DE NACIMIENTO: <\/span><\/b><span style=\"color: #00257e; font-family: Verdana,Arial,Helvetica,sans-serif;\"><span style=\"color: #000000;\">06\/06\/1989<\/span><\/span><br \/>\n<b><\/b><\/li>\n<li><b><span style=\"color: #00257e; font-family: Verdana,Arial,Helvetica,sans-serif;\">EDAD: <\/span><\/b><span style=\"color: #00257e; font-family: Verdana,Arial,Helvetica,sans-serif;\"><span style=\"color: #000000;\">25 A\u00f1os<\/span><\/span><br \/>\n<b><\/b><\/li>\n<li><b><span style=\"color: #00257e; font-family: Verdana,Arial,Helvetica,sans-serif;\">PESO: <\/span><\/b><span style=\"color: #00257e; font-family: Verdana,Arial,Helvetica,sans-serif;\"><span style=\"color: #000000;\">84 Kg.<\/span><\/span><br \/>\n<b><\/b><\/li>\n<li><b><span style=\"color: #00257e; font-family: Verdana,Arial,Helvetica,sans-serif;\">ALTURA: <\/span><\/b><span style=\"color: #00257e; font-family: Verdana,Arial,Helvetica,sans-serif;\"><span style=\"color: #000000;\">190 cm.<\/span><\/span><br \/>\n<b><\/b><\/li>\n<li><b><span style=\"color: #00257e; font-family: Verdana,Arial,Helvetica,sans-serif;\">EQUIPO DE PROCEDENCIA: <\/span><\/b><span style=\"color: #00257e; font-family: Verdana,Arial,Helvetica,sans-serif;\"><span style=\"color: #000000;\">Rayo Vallecano<\/span><\/span><br \/>\n<b><\/b><\/li>\n<li><b><span style=\"color: #00257e; font-family: Verdana,Arial,Helvetica,sans-serif;\">OTRAS OBSERVACIONES: <\/span><\/b><span style=\"color: #00257e; font-family: Verdana,Arial,Helvetica,sans-serif;\"><span style=\"color: #000000;\">Albacete juvenil (05-07) Villarreal juvenil (07-08) Onda (08-09) Villanovense (09-10)<\/span><\/span><\/li>\n<\/ul>\n<div align=\"center\"><\/div>\n<\/td>\n<td valign=\"top\"><\/td>\n<\/tr>\n<\/tbody>\n<\/table>\n","protected":false},"excerpt":{"rendered":"<p>El Werder Bremen le ha realizado una oferta a \u00c1lex G\u00e1lvez, defensa granadino, para renovar&#8230;<\/p>\n","protected":false},"author":1,"featured_media":2137,"comment_status":"closed","ping_status":"closed","sticky":false,"template":"","format":"standard","meta":{"_coblocks_attr":"","_coblocks_dimensions":"","_coblocks_responsive_height":"","_coblocks_accordion_ie_support":"","jetpack_post_was_ever_published":false,"_jetpack_newsletter_access":"","_jetpack_dont_email_post_to_subs":false,"_jetpack_newsletter_tier_id":0,"_jetpack_memberships_contains_paywalled_content":false,"_jetpack_memberships_contains_paid_content":false,"footnotes":"","jetpack_publicize_message":"","jetpack_publicize_feature_enabled":true,"jetpack_social_post_already_shared":false,"jetpack_social_options":{"image_generator_settings":{"template":"highway","default_image_id":0,"enabled":false},"version":2}},"categories":[2,182,15],"tags":[776,775,666],"class_list":["post-2124","post","type-post","status-publish","format-standard","has-post-thumbnail","hentry","category-atarfe","category-deportes","category-ultimas-noticias","tag-alemania","tag-alex-galvez","tag-futbol"],"jetpack_publicize_connections":[],"jetpack_featured_media_url":"https:\/\/i0.wp.com\/miradordeatarfe.es\/wp-content\/uploads\/2015\/06\/gracf-kym-alex-490x5781.jpg?fit=314%2C223&ssl=1","jetpack_likes_enabled":true,"jetpack_sharing_enabled":true,"_links":{"self":[{"href":"https:\/\/miradordeatarfe.es\/index.php?rest_route=\/wp\/v2\/posts\/2124","targetHints":{"allow":["GET"]}}],"collection":[{"href":"https:\/\/miradordeatarfe.es\/index.php?rest_route=\/wp\/v2\/posts"}],"about":[{"href":"https:\/\/miradordeatarfe.es\/index.php?rest_route=\/wp\/v2\/types\/post"}],"author":[{"embeddable":true,"href":"https:\/\/miradordeatarfe.es\/index.php?rest_route=\/wp\/v2\/users\/1"}],"replies":[{"embeddable":true,"href":"https:\/\/miradordeatarfe.es\/index.php?rest_route=%2Fwp%2Fv2%2Fcomments&post=2124"}],"version-history":[{"count":2,"href":"https:\/\/miradordeatarfe.es\/index.php?rest_route=\/wp\/v2\/posts\/2124\/revisions"}],"predecessor-version":[{"id":2138,"href":"https:\/\/miradordeatarfe.es\/index.php?rest_route=\/wp\/v2\/posts\/2124\/revisions\/2138"}],"wp:featuredmedia":[{"embeddable":true,"href":"https:\/\/miradordeatarfe.es\/index.php?rest_route=\/wp\/v2\/media\/2137"}],"wp:attachment":[{"href":"https:\/\/miradordeatarfe.es\/index.php?rest_route=%2Fwp%2Fv2%2Fmedia&parent=2124"}],"wp:term":[{"taxonomy":"category","embeddable":true,"href":"https:\/\/miradordeatarfe.es\/index.php?rest_route=%2Fwp%2Fv2%2Fcategories&post=2124"},{"taxonomy":"post_tag","embeddable":true,"href":"https:\/\/miradordeatarfe.es\/index.php?rest_route=%2Fwp%2Fv2%2Ftags&post=2124"}],"curies":[{"name":"wp","href":"https:\/\/api.w.org\/{rel}","templated":true}]}}