{"id":2127,"date":"2015-06-01T08:02:09","date_gmt":"2015-06-01T08:02:09","guid":{"rendered":"http:\/\/miradordeatarfe.es\/?p=2127"},"modified":"2015-06-02T08:33:31","modified_gmt":"2015-06-02T08:33:31","slug":"algunas-reflexiones-sobre-las-elecciones-municipales-y-autonomicas-de-2015","status":"publish","type":"post","link":"https:\/\/miradordeatarfe.es\/?p=2127","title":{"rendered":"Algunas reflexiones sobre las elecciones municipales y auton\u00f3micas de 2015"},"content":{"rendered":"<div align=\"justify\"><b>La primera reflexi\u00f3n<\/b> clara es que las pol\u00edticas de austeridad han sido derrotadas en estas elecciones. Tanto el PP, como CIU (a nivel local), como CC, han sido duramente castigados en estas elecciones. Tambi\u00e9n han sido castigadas las actitudes desp\u00f3ticas o chulescas, las acciones antidemocr\u00e1ticas, las pol\u00edticas antisociales y la corrupci\u00f3n.<\/div>\n<p><!--more--><\/p>\n<div align=\"justify\">\u00a0<b>La segunda reflexi\u00f3n<\/b> que me suscitan los resultados electorales locales es que las Candidaturas de Unidad Popular, all\u00e1 donde se han logrado, han sido mayoritarias o han logrado buenos resultados, colocando, en muchos casos, al PSOE en una posici\u00f3n de posible socio menor rompiendo la din\u00e1mica habitual en la democracia (exceptuando en algunas localidades).<\/div>\n<div align=\"justify\">\u00a0Excelentes resultados ha sacado Manuela Carmena con Ahora Madrid (donde participaban los cr\u00edticos de IU, Podemos, EQUO, movimientos sociales, etc.), que permitir\u00e1n, con el apoyo del PSOE, desalojar al PP y derrotar a Esperanza Aguirre, arrebatando uno de los bastiones del poder del PP m\u00e1s importantes. La estrategia de IUCM de Madrid ha sido desastrosa, tanto por no lograr representaci\u00f3n en el Ayuntamiento, al igual que de influir negativamente los resultados de la Comunidad Aut\u00f3noma, donde tampoco han entrado. Esto demuestra que la desuni\u00f3n es castigada. A Manuela le ha ayudado la estrategia electoral equivocada de Aguirre, que la ha colocado como su principal contendiente y la ha atacado con extrema agresividad d\u00e1ndola a conocer y haciendo que el efecto \u00abvoto \u00fatil\u00bb se centrase sobre su candidatura.<\/div>\n<div align=\"justify\">\u00a0En el caso de Barcelona los resultados han sido muy buenos. La candidatura de Ada Colau, con el apoyo de la coalici\u00f3n entre ICV-EUIA, Podem, Proceso Constituyente, y los movimientos sociales, la han aupado al poder derrotando a Tr\u00edas (CIU) a la primera. Tendr\u00e1 m\u00e1s dif\u00edcil gobernar la ciudad debido a la inestabilidad de los apoyos para sacar leyes (para obtener la mayor\u00eda absoluta requerir\u00eda del PSC, ERC y las CUP). Tambi\u00e9n ha supuesto un muro de contenci\u00f3n contra el independentismo, ya que sale derrotado en su mayor basti\u00f3n.<\/div>\n<div align=\"justify\"><\/div>\n<div align=\"justify\">\u00a0Hay que se\u00f1alar que ni Manuela Carmena, ni Ada Colau, son de Podemos, y parece que ese hecho ha ayudado a lograr mejores resultados electorales.<\/div>\n<div align=\"justify\">\u00a0Zaragoza es otro modelo de partido instrumental, donde IU, Podemos, movimientos sociales y otras fuerzas se han coaligado, logrando superar al PSOE, y pudiendo gobernar en la ciudad. Otro ejemplo es Santiago de Compostela, donde Marti\u00f1o Noriega (ANOVA) ser\u00e1 el pr\u00f3ximo alcalde de la ciudad en una lista similar a la de Zaragoza (pero con ANOVA). En Las Palmas se han quedado a un concejal de ser la fuerza mayoritaria, y a 63 votos en las primarias de que Sergio Millares (IU) hubiese sido cabeza de lista y alcalde, pero la actitud torticera de IUC ha provocado que el pr\u00f3ximo alcalde sea del PSOE (si finalmente hay acuerdo con Las Palmas Puede y NC).<\/div>\n<div align=\"justify\"><\/div>\n<div align=\"justify\">\u00a0<b>Tercera reflexi\u00f3n<\/b>, all\u00ed donde no se ha logrado la unidad popular, ya sea por Podemos o por IU, los resultados han sido peores, e incluso se ha reforzado el bipartidismo. El ejemplo m\u00e1s claro es Sevilla, donde se han presentado la falsa marca de Ganemos, Participa Sevilla (CUT-BAI+Podemos), EQUO e IU, y el pr\u00f3ximo alcalde muy probablemente sea del PSOE. Otros ejemplos son algunas capitales de provincia de Castilla la Mancha, donde la desuni\u00f3n entre los \u00abGanemos\u00bb (IU) y los de Podemos ha permitido por un concejal que gobierne el PP con apoyo, si se lo dan, de C\u00b4S.<\/div>\n<div align=\"justify\">Las excepciones han sido C\u00e1diz y Oviedo, donde gobernar\u00e1 las listas de miembros de Podemos, con apoyo de IU y el PSOE, o Zamora donde gobernar\u00e1 IU, con el apoyo de Podemos y PSOE como socios menores.<\/div>\n<div align=\"justify\"><\/div>\n<div align=\"justify\"><b>Cuarta reflexi\u00f3n<\/b>, ha habido un giro evidente hacia la izquierda a pesar de que las elecciones ha bajado un 1% la participaci\u00f3n. Sin embargo la dispersi\u00f3n del voto de la izquierda nos aboca a un complicado panorama de pactos y acuerdos de gobierno donde habr\u00e1n que despejar algunas inc\u00f3gnitas. \u00bfSer\u00e1 posible que el PSOE, Podemos e IU (o el Comprom\u00eds de Oltra y otras fuerzas) se coaliguen para desplazar al PP (o CIU, CC, etc.)? \u00bfQu\u00e9 papel jugar\u00e1 C\u00b4S? \u00bfSer\u00e1 muleta del PP o jugar\u00e1 a dar el voto dependiendo de las circunstancias de cada municipio o Comunidad Aut\u00f3noma?<\/div>\n<div align=\"justify\">\u00a0El resultado de los pactos, el como se hagan tendr\u00e1n un impacto importante en las pr\u00f3ximas elecciones (las Generales), ya que pueden reforzar a unos partidos y debilitar a otros.<\/div>\n<div align=\"justify\"><\/div>\n<div align=\"justify\"><b>Quinta reflexi\u00f3n<\/b>, las burbujas demosc\u00f3picas de Ciudadanos y de Podemos han pinchado, y podemos ir viendo cual es su apoyo real, y por lo tanto podremos prever resultados m\u00e1s afinados para las elecciones Generales.<\/div>\n<div align=\"justify\"><\/div>\n<div align=\"justify\">\u00a0En el caso de Ciudadanos, el llamado , ha sacado la mitad de lo que pronosticaba el CIS (un 6 y algo % de apoyo), lo que lo convierte en decisivo en tres CCAA para la gobernabilidad (Madrid, Murcia y Castilla y Le\u00f3n), gobernadas desde hace tiempo por el PP, y es decisivo en la conformaci\u00f3n de muchos ayuntamientos (como Albacete o Ciudad Real).<\/div>\n<div align=\"justify\">\u00a0Por el lado de Podemos, se convierte en vital para la formaci\u00f3n de gobiernos en Asturias, Castilla la Mancha, Extremadura, Valencia (junto a Comprom\u00eds y al PSPV), Baleares (junto a varias fuerzas), Cantabria (junto al PSOE y al partido de Miguel Revilla) y Arag\u00f3n, mejorando un poco los resultados de IU en el a\u00f1o 1995. Es irrelevante en el resto de CCAA en este sentido. La media nacional de votos en las auton\u00f3micas es de alrededor del 13-14%, por detr\u00e1s del PSOE que es la segunda fuerza m\u00e1s votada, y eso marca la imposibilidad de alcanzar el gobierno ellos solos. Esta idea es reforzada por el hecho que all\u00e1 donde se presentan en candidaturas de Unidad Popular, con o sin referente y en uni\u00f3n a otros partidos y movimientos sociales, multiplican los resultados y salen mejor que en las votaciones en la Comunidad Aut\u00f3noma (con algunas excepciones, como Las Palmas). Un ejemplo de ello es Madrid, donde los votos a Ahora Madrid doblan a los de Podemos en la Comunidad (519.000 votos frente a 285.000 de Podemos en solitario). La conclusi\u00f3n es clara, donde Podemos ha ido de la mano de otras formaciones pol\u00edticas y movimientos sociales los resultados son mejores, desmintiendo la hip\u00f3tesis de Podemos de que ir juntos restaba.<\/div>\n<div align=\"justify\"><\/div>\n<div align=\"justify\"><b>Sexta reflexi\u00f3n<\/b>, las estrategias comunicativas de la \u00abcasta\u00bb y de \u00abni de izquierdas ni de derechas\u00bb para ocupar \u00abla centralidad del tablero\u00bb han fracasado. El PSOE sigue siendo mayoritario en la \u00abizquierda\u00bb, aunque no hegem\u00f3nico como pretenden vender, y es necesario para alcanzar acuerdos y desalojar al PP, con lo que se pacta con una parte de la \u00abcasta\u00bb, que por arte de magia se ha transformado en un socio respetable de izquierdas que debe girar hacia la izquierda para alcanzar acuerdos.<\/div>\n<div align=\"justify\">\u00a0Podemos se ha revelado como un partido m\u00e1s dentro del panorama plural de la izquierda, y que no alcanza en solitario la tan deseada \u00abcentralidad del tablero\u00bb. Las elecciones, como las andaluzas, han supuesto una cura de humildad a las pretensiones de creer que el cambio pol\u00edtico que derrotar\u00e1 al R\u00e9gimen del 78 estaba a la vuelta de la esquina. Sin embargo vemos como hemos pasado de la \u00abguerra de movimientos\u00bb (en t\u00e9rminos gramscianos) a la \u00abguerra de posiciones\u00bb en pocos meses, lo que va a obligar a una guerra m\u00e1s prolongada que necesitar\u00e1 de una acumulaci\u00f3n de fuerzas muy grande, y de conformar una estructura mucho m\u00e1s s\u00f3lida que la construida en los \u00faltimos meses. \u00bfHar\u00e1n la lectura adecuada de los resultados y afinar\u00e1n la estrategia en estos meses antes de las Generales? Lo veremos pronto.<\/div>\n<div align=\"justify\"><\/div>\n<div align=\"justify\"><b>S\u00e9ptima reflexi\u00f3n<\/b>, a IU no le quedar\u00e1 m\u00e1s remedio que realizar un an\u00e1lisis autocr\u00edtico sobre los m\u00faltiples fallos en las elecciones a las Comunidades Aut\u00f3nomas, que los han dejado fuera en casi todas. Posteriormente IU deber\u00e1 de buscar alianzas con diversas fuerzas de izquierdas y tratar de constituir un polo nuevo, reformado, distinto al actual, que supere el espacio de IU-PCE y constituya un germen de una especie de SYRIZA. Una vez logrado deber\u00e1 de apostar fuertemente por la Unidad Popular por encima de las defensas a ultranza de la identidad y de las siglas de muchos de sus miembros.<\/div>\n<div align=\"justify\">\u00a0A pesar de todo, IU mantiene un espacio importante en el \u00e1mbito local, con alcald\u00edas grandes como las de Zamora, \u00a0y formar\u00e1n gobierno en muchos ayuntamientos peque\u00f1os o grandes. En n\u00famero de concejales se mantiene, aunque si se suman los que han sido electos en candidaturas de Unidad Popular el n\u00famero es mayor que el que ten\u00edan, y ser\u00e1n claves en muchas localidades.<\/div>\n<div align=\"justify\"><\/div>\n<div align=\"justify\"><b>Octava reflexi\u00f3n<\/b>, el PSOE no ha muerto, ni se ha producido \u00abla Gran Coalici\u00f3n\u00bb, sino que estamos a punto de inaugurar una situaci\u00f3n a la italiana, donde el PSOE jugar\u00e1 un papel clave en el desarrollo de los acontecimientos. A pesar de haber perdido 700.000 votos en las elecciones va a recuperar un poder territorial inmenso y va a ganar Autonom\u00edas clave, y localidades clave, o servir para formar gobiernos de progreso. Habr\u00e1 que ver si la irrupci\u00f3n de Podemos, m\u00e1s Comprom\u00eds, ICV-IU, etc., sirve para influir en sus pol\u00edticas hacia la izquierda. La actitud que mantenga el PSOE ser\u00e1 clave para ver si el desalojo del poder del PP del Gobierno central trae un panorama de progreso y avance democr\u00e1tico o se queda a medias tintas y se termina de cerrar las posibilidades de impedir la Restauraci\u00f3n.<\/div>\n<div align=\"justify\"><\/div>\n<div align=\"justify\"><b>Novena reflexi\u00f3n<\/b>, en la pol\u00edtica de alianzas hay que saber atinar. Se puede ayudar a formar gobiernos (ya sea desde dentro o desde fuera) y desalojar al PP como prioridad (o a CIU), y a la misma vez ir pacientemente comi\u00e9ndole terreno al PSOE, trabajando en los barrios populares y de las clases medias, construyendo una red de asociaciones, haciendo activismo social, etc., que permita cambiar la correlaci\u00f3n de fuerzas a favor de las fuerzas m\u00e1s a la izquierda. Eso requiere un trabajo paciente, con una buena pol\u00edtica de comunicaci\u00f3n, y social, haciendo pol\u00edtica de otra forma, tal y como nos han ense\u00f1ado Ahora Madrid y Barcelona en Com\u00fa. Ese es el camino.<\/div>\n<div align=\"justify\"><\/div>\n<div align=\"justify\"><b>D\u00e9cima reflexi\u00f3n<\/b>, la derecha neoliberal (encarnada principalmente por el PP, CIU y CC, aunque no s\u00f3lo), ha sido derrotada de forma clara en las elecciones municipales y auton\u00f3micas. Han perdido poder en los ayuntamientos clave (como Madrid, Valencia, Sevilla, Zaragoza o Barcelona), han perdido poder en ayuntamientos donde gobernaban desde 1995 (como Vallalodid, Segovia, Toledo, Zamora, etc.), y han perdido poder en las CCAA (aunque CC mantiene la de Canarias gracias a un acuerdo con el PSC), y dependen de C\u00b4S en tres comunidades. Por suerte no todos los votos que pierde el PP se van a Ciudadanos, sino que parte se va a la abstenci\u00f3n. Eso si Ciudadanos es colocado como una fuerza m\u00e1s en la derecha y que tendr\u00e1 dif\u00edcil alcanzar acuerdos con el PP, en muchos lugares muy corrupto, y aspirar a superar al PP. UPYD ha desaparecido casi por completo absorbido por Ciudadanos, y toda esta desuni\u00f3n de la derecha, m\u00e1s la deslegitimaci\u00f3n de sus pol\u00edticas, han permitido que estemos celebrando estos resultados electorales con alegr\u00eda.<\/div>\n<div align=\"justify\"><\/div>\n<div align=\"justify\"><b>Conclusi\u00f3n<\/b>: Es necesario construir una Candidatura de Unidad Popular para las elecciones Generales, que creo que es el garante, por las lecciones que podemos sacar de estas elecciones, para poder superar al PSOE (y colocarlo en una posici\u00f3n subalterna) a la vez que permite construir una alternativa de progreso en nuestro pa\u00eds (y ayudar a Grecia).<\/div>\n<div align=\"justify\">\u00a0Habr\u00e1 que ver como construir de forma org\u00e1nica dicha confluencia, si es a trav\u00e9s de una sola marca nueva, o de una coalici\u00f3n con las distintos s\u00edmbolos de cada partido. Creo que se podr\u00eda hacer por provincias, aunque habr\u00eda que mantener un mismo nombre para todo el Estado y publicitarlo. En cualquier caso, si queremos \u00abasaltar la Moncloa\u00bb el electorado nos manda un mensaje: UNIDAD o derrota. Tomemos nota de \u00e9l.<\/div>\n<div align=\"justify\"><\/div>\n<div align=\"right\">Pedro Gonz\u00e1lez de Molina<\/div>\n","protected":false},"excerpt":{"rendered":"<p>La primera reflexi\u00f3n clara es que las pol\u00edticas de austeridad han sido derrotadas en estas&#8230;<\/p>\n","protected":false},"author":1,"featured_media":2135,"comment_status":"closed","ping_status":"closed","sticky":false,"template":"","format":"standard","meta":{"_coblocks_attr":"","_coblocks_dimensions":"","_coblocks_responsive_height":"","_coblocks_accordion_ie_support":"","jetpack_post_was_ever_published":false,"_jetpack_newsletter_access":"","_jetpack_dont_email_post_to_subs":false,"_jetpack_newsletter_tier_id":0,"_jetpack_memberships_contains_paywalled_content":false,"_jetpack_memberships_contains_paid_content":false,"footnotes":"","jetpack_publicize_message":"","jetpack_publicize_feature_enabled":true,"jetpack_social_post_already_shared":false,"jetpack_social_options":{"image_generator_settings":{"template":"highway","default_image_id":0,"enabled":false},"version":2}},"categories":[15],"tags":[171,42],"class_list":["post-2127","post","type-post","status-publish","format-standard","has-post-thumbnail","hentry","category-ultimas-noticias","tag-elecciones","tag-politica"],"jetpack_publicize_connections":[],"jetpack_featured_media_url":"https:\/\/i0.wp.com\/miradordeatarfe.es\/wp-content\/uploads\/2015\/06\/REFE.jpg?fit=250%2C201&ssl=1","jetpack_likes_enabled":true,"jetpack_sharing_enabled":true,"_links":{"self":[{"href":"https:\/\/miradordeatarfe.es\/index.php?rest_route=\/wp\/v2\/posts\/2127","targetHints":{"allow":["GET"]}}],"collection":[{"href":"https:\/\/miradordeatarfe.es\/index.php?rest_route=\/wp\/v2\/posts"}],"about":[{"href":"https:\/\/miradordeatarfe.es\/index.php?rest_route=\/wp\/v2\/types\/post"}],"author":[{"embeddable":true,"href":"https:\/\/miradordeatarfe.es\/index.php?rest_route=\/wp\/v2\/users\/1"}],"replies":[{"embeddable":true,"href":"https:\/\/miradordeatarfe.es\/index.php?rest_route=%2Fwp%2Fv2%2Fcomments&post=2127"}],"version-history":[{"count":2,"href":"https:\/\/miradordeatarfe.es\/index.php?rest_route=\/wp\/v2\/posts\/2127\/revisions"}],"predecessor-version":[{"id":2136,"href":"https:\/\/miradordeatarfe.es\/index.php?rest_route=\/wp\/v2\/posts\/2127\/revisions\/2136"}],"wp:featuredmedia":[{"embeddable":true,"href":"https:\/\/miradordeatarfe.es\/index.php?rest_route=\/wp\/v2\/media\/2135"}],"wp:attachment":[{"href":"https:\/\/miradordeatarfe.es\/index.php?rest_route=%2Fwp%2Fv2%2Fmedia&parent=2127"}],"wp:term":[{"taxonomy":"category","embeddable":true,"href":"https:\/\/miradordeatarfe.es\/index.php?rest_route=%2Fwp%2Fv2%2Fcategories&post=2127"},{"taxonomy":"post_tag","embeddable":true,"href":"https:\/\/miradordeatarfe.es\/index.php?rest_route=%2Fwp%2Fv2%2Ftags&post=2127"}],"curies":[{"name":"wp","href":"https:\/\/api.w.org\/{rel}","templated":true}]}}