{"id":2132,"date":"2015-06-02T08:12:59","date_gmt":"2015-06-02T08:12:59","guid":{"rendered":"http:\/\/miradordeatarfe.es\/?p=2132"},"modified":"2015-06-03T15:15:37","modified_gmt":"2015-06-03T15:15:37","slug":"52-martes-en-las-antipodas","status":"publish","type":"post","link":"https:\/\/miradordeatarfe.es\/?p=2132","title":{"rendered":"\u00ab52 martes\u00bb: En las ant\u00edpodas\u2026"},"content":{"rendered":"<p style=\"text-align: justify;\">Solo en el contexto de la oferta m\u00e1s radical del\u00a0\u00a0SEFF le ha sido dado a la ciudad de Sevilla disfrutar de un tipo de cine, tan rompedor y diferente, como el que representa esta pel\u00edcula australiana. En efecto,\u00a0es un aut\u00e9ntico\u00a0lujo su presencia en las carteleras de una urbe nada proclive a exhibir\u00a0cintas tan transgresoras, en su fondo y forma, como\u00a0esta. \u201952 martes\u2019 te sorprende de principio a fin. \u201952 martes\u2019 no es previsible nunca, ni siquiera en su manera de contar cada uno de esos periodos de tiempo semanales, pese a que pudiera parecerlo as\u00ed en un principio.<!--more--><\/p>\n<p style=\"text-align: justify;\">\u201952 martes\u2019 se rod\u00f3 tambi\u00e9n, durante m\u00e1s\u00a0de un a\u00f1o, una vez a la semana en paralelo a su historia. A prop\u00f3sito de la historia, trata sobre\u00a0una adolescente de 16 a\u00f1os, inserta en un grupo\u00a0familiar m\u00e1s que abierto,\u00a0que quiere volar por su cuenta, pero a la que su madre convence para que se encuentren semanalmente y afronten juntas el proceso f\u00edsico y emocional concomitante al cambio radical de la progenitora. Su puesta en escena es deliberadamente\u00a0fragmentaria, pero nunca dispersa.<\/p>\n<p style=\"text-align: justify;\">Antes al contrario, la coherencia\u00a0preside el registro\u00a0de\u00a0la evoluci\u00f3n de cada uno de los personajes y de sus relaciones, junto a la de los\u00a0flashes, al comienzo de cada ep\u00edgrafe \u2013 estos, por cierto, son distintos en cada ocasi\u00f3n, en cada encuentro \u2013 de las convulsiones pol\u00edtico-sociales del mundo y la sociedad en la que est\u00e1n inmersos-as. Con esto consigue a la vez una narrativa\u00a0radical \u2013\u00a0a a\u00f1os luz de la que suele exhibir el llamado cine independiente\u2026 \u2013\u00a0y una cohesi\u00f3n argumental, desde el inicio hasta la conclusi\u00f3n.<\/p>\n<p style=\"text-align: justify;\">Consigue tambi\u00e9n una rara combinaci\u00f3n de perspectiva y cercan\u00eda. De una ausencia absoluta de cualquier tentaci\u00f3n moralista, incluso en los episodios m\u00e1s, por llamarlos de alguna manera, espinosos. Nos acerca a un grupo humano, persona a persona, con especial\u00a0\u00e9nfasis en las dos protagonistas,\u00a0en una situaci\u00f3n l\u00edmite de cambio.<\/p>\n<p style=\"text-align: justify;\">Con todas las consecuencias emocionales, f\u00edsicas, sexuales\u00a0y mentales que de ello se derivan, sin aspavientos, ni paroxismos, ni subrayados, ni exasperaci\u00f3n. Por el contrario, con una perspectiva\u00a0de comprensi\u00f3n, lucidez y aceptaci\u00f3n, pero sin eludir ning\u00fan conflicto. Con sensibilidad,\u00a0sabidur\u00eda, radicalidad y emoci\u00f3n. Con una madurez impropia de una \u00f3pera prima.<\/p>\n<p style=\"text-align: justify;\">Fechada en el 2013. 103 minutos de metraje.\u00a0Realizada y coescrita por una mujer, Sophie Hyde, que comparte el gui\u00f3n con Matthew Cormack. Su fotograf\u00eda\u00a0es de Bryan Mason y su partitura, de Benjamin Speed. Con un reparto en estado de gracia, del que destacamos a las inmensas Tilda Cobham- Hervey y Del Herbert Jane.\u00a0Est\u00e1 en las ant\u00edpodas, no solo geogr\u00e1ficas, sino\u00a0narrativas, estil\u00edsticas, er\u00f3ticas,\u00a0est\u00e9ticas,\u00a0\u00e9ticas y morales de todo lo que han visto hasta ahora. Una apuesta sin ambages por la libertad de elecci\u00f3n, por el respeto a la diferencia. Una mirada de mujer honesta, rigurosa, insobornable y valiente. H\u00e1ganse el regalo de no perd\u00e9rsela.<\/p>\n<p>PUBLICADO EN : <a href=\"http:\/\/sevillacinefila.com\/2015\/05\/31\/52-martes-en-las-antipodas\/\">http:\/\/sevillacinefila.com\/2015\/05\/31\/52-martes-en-las-antipodas\/<\/a><\/p>\n<p>&nbsp;<\/p>\n","protected":false},"excerpt":{"rendered":"<p>Solo en el contexto de la oferta m\u00e1s radical del\u00a0\u00a0SEFF le ha sido dado a&#8230;<\/p>\n","protected":false},"author":1,"featured_media":2134,"comment_status":"closed","ping_status":"closed","sticky":false,"template":"","format":"standard","meta":{"_coblocks_attr":"","_coblocks_dimensions":"","_coblocks_responsive_height":"","_coblocks_accordion_ie_support":"","jetpack_post_was_ever_published":false,"_jetpack_newsletter_access":"","_jetpack_dont_email_post_to_subs":false,"_jetpack_newsletter_tier_id":0,"_jetpack_memberships_contains_paywalled_content":false,"_jetpack_memberships_contains_paid_content":false,"footnotes":"","jetpack_publicize_message":"","jetpack_publicize_feature_enabled":true,"jetpack_social_post_already_shared":false,"jetpack_social_options":{"image_generator_settings":{"template":"highway","default_image_id":0,"enabled":false},"version":2}},"categories":[12,9,15],"tags":[778,90],"class_list":["post-2132","post","type-post","status-publish","format-standard","has-post-thumbnail","hentry","category-cultura","category-medio-ambiente","category-ultimas-noticias","tag-cine","tag-cultura"],"jetpack_publicize_connections":[],"jetpack_featured_media_url":"https:\/\/i0.wp.com\/miradordeatarfe.es\/wp-content\/uploads\/2015\/06\/cropped-20070423182315-bringing-up-baby-2.jpg?fit=990%2C180&ssl=1","jetpack_likes_enabled":true,"jetpack_sharing_enabled":true,"_links":{"self":[{"href":"https:\/\/miradordeatarfe.es\/index.php?rest_route=\/wp\/v2\/posts\/2132","targetHints":{"allow":["GET"]}}],"collection":[{"href":"https:\/\/miradordeatarfe.es\/index.php?rest_route=\/wp\/v2\/posts"}],"about":[{"href":"https:\/\/miradordeatarfe.es\/index.php?rest_route=\/wp\/v2\/types\/post"}],"author":[{"embeddable":true,"href":"https:\/\/miradordeatarfe.es\/index.php?rest_route=\/wp\/v2\/users\/1"}],"replies":[{"embeddable":true,"href":"https:\/\/miradordeatarfe.es\/index.php?rest_route=%2Fwp%2Fv2%2Fcomments&post=2132"}],"version-history":[{"count":1,"href":"https:\/\/miradordeatarfe.es\/index.php?rest_route=\/wp\/v2\/posts\/2132\/revisions"}],"predecessor-version":[{"id":2133,"href":"https:\/\/miradordeatarfe.es\/index.php?rest_route=\/wp\/v2\/posts\/2132\/revisions\/2133"}],"wp:featuredmedia":[{"embeddable":true,"href":"https:\/\/miradordeatarfe.es\/index.php?rest_route=\/wp\/v2\/media\/2134"}],"wp:attachment":[{"href":"https:\/\/miradordeatarfe.es\/index.php?rest_route=%2Fwp%2Fv2%2Fmedia&parent=2132"}],"wp:term":[{"taxonomy":"category","embeddable":true,"href":"https:\/\/miradordeatarfe.es\/index.php?rest_route=%2Fwp%2Fv2%2Fcategories&post=2132"},{"taxonomy":"post_tag","embeddable":true,"href":"https:\/\/miradordeatarfe.es\/index.php?rest_route=%2Fwp%2Fv2%2Ftags&post=2132"}],"curies":[{"name":"wp","href":"https:\/\/api.w.org\/{rel}","templated":true}]}}