{"id":21362,"date":"2018-02-11T11:13:12","date_gmt":"2018-02-11T10:13:12","guid":{"rendered":"http:\/\/miradordeatarfe.es\/?p=21362"},"modified":"2018-02-10T16:21:14","modified_gmt":"2018-02-10T15:21:14","slug":"el-bardal-del-invierno-por-juan-alfredo-bellon","status":"publish","type":"post","link":"https:\/\/miradordeatarfe.es\/?p=21362","title":{"rendered":"EL BARDAL DEL INVIERNO  por Juan Alfredo Bell\u00f3n"},"content":{"rendered":"<p align=\"LEFT\">\n<p align=\"LEFT\"><i><b>EL BARDAL DEL INVIERNO <\/b><\/i><b>por Juan Alfredo Bell\u00f3n <\/b><span style=\"color: #00000a;\"><span style=\"font-family: Liberation\\ Serif, serif;\"><span style=\"font-size: medium;\"><b>para\u00a0 EL MIRADOR DE ATARFE <\/b><\/span><\/span><\/span><span style=\"color: #00000a;\"><span style=\"font-family: Liberation\\ Serif, serif;\"><span style=\"font-size: medium;\"><b>del domingo 11-02-2018<\/b><\/span><\/span><\/span><!--more--><\/p>\n<p align=\"JUSTIFY\"><span style=\"color: #00000a;\"><span style=\"font-family: Liberation\\ Serif, serif;\"><span style=\"font-size: medium;\"> Ahora que tanto se lleva eso de la <\/span><\/span><\/span><span style=\"color: #00000a;\"><span style=\"font-family: Liberation\\ Serif, serif;\"><span style=\"font-size: medium;\"><i>re-fronterizaci\u00f3n<\/i><\/span><\/span><\/span><span style=\"color: #00000a;\"><span style=\"font-family: Liberation\\ Serif, serif;\"><span style=\"font-size: medium;\"> de Eurasia, Am\u00e9rica, \u00c1frica y Ocean\u00eda; ahora que el barrido de aranceles y fronteras que en su tiempo predic\u00f3 y adopt\u00f3 la Uni\u00f3n Europea ha pasado a mejor vida; ahora que el internacionalismo, aunque sea burgu\u00e9s, ha dejado de prevalecer en nuestras vidas cotidianas; ahora que cualquier presupuesto gubernamental se aprueba tan lleno de cortapisas econ\u00f3micas, pol\u00edticas y sociales; ahora es la hora de nuestra verdad y acaso tambi\u00e9n de nuestras mentiras y casi todos podremos llamar de una vez por todas al pan pan y al vino vino, como mandan los c\u00e1nones sagrados, y delimitar el fr\u00edo invernal del pre-primaveral y el crudo invierno de la agradable primavera. <\/span><\/span><\/span><\/p>\n<p align=\"JUSTIFY\"><span style=\"color: #00000a;\"><span style=\"font-family: Liberation\\ Serif, serif;\"><span style=\"font-size: medium;\"> Por ejemplo \u00bfc\u00f3mo es que est\u00e1 nevando tanto, dada la teor\u00eda del calentamiento imparable de los casquetes polares? \u00bfy c\u00f3mo es que la sequedad tradicional de la vieja Espa\u00f1a se ha tornado humedad ben\u00e9fica este a\u00f1o en un santiam\u00e9n a penas al saltar el bardal del invierno, y cuando todav\u00eda febrero nos permite y exige la poda de las plantas invernales catat\u00f3nicas y los injertos de los \u00e1rboles frutales suspendidos de empleo y sueldo de la savia primaveral?<\/span><\/span><\/span><\/p>\n<p align=\"JUSTIFY\"><span style=\"color: #00000a;\"><span style=\"font-family: Liberation\\ Serif, serif;\"><span style=\"font-size: medium;\"> Queremos pensar y creer que a enero se le anticipan los augurios del Carnaval y que este mismo mes se sumerge en la primavera a trav\u00e9s de do\u00f1a Cuaresma, por lo que fecbero es como el bardal, la tapia, el muro que, de ser Donald Trump como el mismo Dios, le hubiera gustado levantar entre yanquis y mexicanos apestosos para mantenerse aquellos puros y predominantes y a salvo de estos, mezclados y predominados.<\/span><\/span><\/span><\/p>\n<p align=\"JUSTIFY\"><span style=\"color: #00000a;\"><span style=\"font-family: Liberation\\ Serif, serif;\"><span style=\"font-size: medium;\"> Por eso me siento andar por el mism\u00edsimo<\/span><\/span><\/span><span style=\"color: #00000a;\"><span style=\"font-family: Liberation\\ Serif, serif;\"><span style=\"font-size: medium;\"><i> parteaguas <\/i><\/span><\/span><\/span><span style=\"color: #00000a;\"><span style=\"font-family: Liberation\\ Serif, serif;\"><span style=\"font-size: medium;\">o <\/span><\/span><\/span><span style=\"color: #00000a;\"><span style=\"font-family: Liberation\\ Serif, serif;\"><span style=\"font-size: medium;\"><i>bardal del invierno <\/i><\/span><\/span><\/span><span style=\"color: #00000a;\"><span style=\"font-family: Liberation\\ Serif, serif;\"><span style=\"font-size: medium;\">que aqu\u00ed en Granada se caracteriza por estar La Vega y todos los c\u00e1rmenes y huertas en plena actividad de sus agricultores y jardineros y llegar al mercado las primeras habas de Gran\u00e1, con ese picor caracter\u00edstico en el paladar pero todav\u00eda desiguales, demasiado grandes unas, demasiado peque\u00f1as otras, como por el ensalmo de los calores anticipados y de los fr\u00edos retrasados, all\u00e1 en las solaneras de la Vega y del Monte Sacro. Y eso mismo andar\u00e1 ocurriendo con las alcachofas, las collejas y los esp\u00e1rragos trigueros, sobre todo en sus versiones silvestres, que tanto alegran el paladar en los guisos tradicionales de esta \u00e9poca como son las ollas y potajes y los pucheros de Carnaval, Curesma, Vigilia y Semana Santa, platos veganos y de entretiempo, mixturas de frutos verdeantes crudos, cocidos y a veces aderezados con sus correspondientes enga\u00f1ifas al calor del fuego del hogar. <\/span><\/span><\/span><\/p>\n<p align=\"JUSTIFY\"><span style=\"color: #00000a;\"><span style=\"font-family: Liberation\\ Serif, serif;\"><span style=\"font-size: medium;\"> Y eso mismo de las permanencias invernales y de los atisbos primaverales ocurre con la pol\u00edtica, con las veleidades de futuro de Ciudadanos y del PSOE, tan proclives a facilitar la gobernanza por medio de una Gran Coalici\u00f3n con el PP, m\u00e1s castigado y desigual que las primeras habas de Gran\u00e1; con el dulzor y el picante de alcachofas, que dejan el paladar inundado de pimienta y dulzor, y con el amargor de los esp\u00e1rragos trigueros, hijos silvestres aclimatados a balates y acequias y luego domesticados en bancales de riego por el caeite que los fr\u00ede junto a un huevo de gallina de corral, como una candidatura de Podemos y otra de ERC, domesticadas por las exigencias de otra campa\u00f1a electoral con o sin Puigdemont.las pencas bien chupadas de unos alcauciles o cardos, primos hermanos pobres de las <\/span><\/span><\/span><\/p>\n<p align=\"JUSTIFY\"><span style=\"color: #00000a;\"><span style=\"font-family: Liberation\\ Serif, serif;\"><span style=\"font-size: medium;\"> Y para terminar, el paradigma de los parteluces gastron\u00f3micos fronterizos, que pod\u00eda ser la Puerta de Brandenburgo de cualquier muro berlin\u00e9s, siendo en verdad el <\/span><\/span><\/span><span style=\"color: #00000a;\"><span style=\"font-family: Liberation\\ Serif, serif;\"><span style=\"font-size: medium;\"><i>potaje halal de bacalao<\/i><\/span><\/span><\/span><span style=\"color: #00000a;\"><span style=\"font-family: Liberation\\ Serif, serif;\"><span style=\"font-size: medium;\">, <\/span><\/span><\/span><span style=\"color: #00000a;\"><span style=\"font-family: Liberation\\ Serif, serif;\"><span style=\"font-size: medium;\"><i>espinacas y garbanzos<\/i><\/span><\/span><\/span><span style=\"color: #00000a;\"><span style=\"font-family: Liberation\\ Serif, serif;\"><span style=\"font-size: medium;\">, con solo picatostes y unas \u00f1oras pasadas por el mortero, sin mezcla de cerdo impuro alguno al eatilo de la <\/span><\/span><\/span><span style=\"color: #00000a;\"><span style=\"font-family: Liberation\\ Serif, serif;\"><span style=\"font-size: medium;\"><i>manduca magreb\u00ed <\/i><\/span><\/span><\/span><span style=\"color: #00000a;\"><span style=\"font-family: Liberation\\ Serif, serif;\"><span style=\"font-size: medium;\">de un paso fronterizo hispano-marroqu\u00ed, por las frontras respectivas con Ceuta o Melilla; total, una coalici\u00f3n electoral para aprobar a Montoro los Presupuestos Generales del Estado con el PNV u otra con Coalici\u00f3n Canaria (adobada con <\/span><\/span><\/span><span style=\"color: #00000a;\"><span style=\"font-family: Liberation\\ Serif, serif;\"><span style=\"font-size: medium;\"><i>mojo<\/i><\/span><\/span><\/span> <span style=\"color: #00000a;\"><span style=\"font-family: Liberation\\ Serif, serif;\"><span style=\"font-size: medium;\"><i>pic\u00f3n <\/i><\/span><\/span><\/span><span style=\"color: #00000a;\"><span style=\"font-family: Liberation\\ Serif, serif;\"><span style=\"font-size: medium;\">o con el famoso <\/span><\/span><\/span><span style=\"color: #00000a;\"><span style=\"font-family: Liberation\\ Serif, serif;\"><span style=\"font-size: medium;\"><i>chumi churri<\/i><\/span><\/span><\/span><span style=\"color: #00000a;\"><span style=\"font-family: Liberation\\ Serif, serif;\"><span style=\"font-size: medium;\">) a\u00f1adiendo, eso s\u00ed, un buen vaso de t\u00e9 chino verde, azucarado a la moruna, para calmar la sed de paz y justicia social y aderezado con verduras de Tolosa, tan cerca de Calanda y de la rivera izquierda del Ebro donde la celebraci\u00f3n tamborera cuaresmal se hace al estilo vegetal bu\u00f1uelesco: navarro-aragoneses, riojanos y vascongados, temblando todos por la exclusividad de sus fueros y privilegios medievales, ojo, que vienen por ellos los catalanes y, si no, Susana D\u00edaz, que tampoco es mal pico reclamante de igualdad. <\/span><\/span><\/span><\/p>\n<p align=\"JUSTIFY\"><span style=\"color: #00000a;\"><span style=\"font-family: Liberation\\ Serif, serif;\"><span style=\"font-size: medium;\"> Y habr\u00e1 que refundar Espa\u00f1a, la democracia varada en un bardal entre los siglos XIX y XX, que ya va siendo hora de repasarla y repensarla, joder, en t\u00e9rminos del siglo XXI.<\/span><\/span><\/span><\/p>\n<p align=\"JUSTIFY\">\n<p align=\"JUSTIFY\">nota:<\/p>\n<div id=\"resultados\" role=\"main\">\n<div id=\"a0\">\n<article id=\"54f3CoD\">\n<header class=\"f\">bardal <span class=\"n_acep\">1. <\/span><abbr class=\"d\" title=\"nombre masculino\">m.<\/abbr> <a class=\"a\" href=\"http:\/\/dle.rae.es\/?id=54S8igV#2CBGLcn\">barda<\/a> (\u2016 <mark>cubierta<\/mark> <mark data-id=\"BtDkacL|BtFYznp\">de<\/mark> <mark>espinos<\/mark>). saltando <u>bardal<\/u>es<\/header>\n<p id=\"2CFZqvz\" class=\"m\"><span class=\"n_acep\">1. <\/span><abbr class=\"d\" title=\"locuci\u00f3n adverbial coloquial desusada\">loc. adv. coloq. desus.<\/abbr> <mark data-id=\"KmZs0cy\">Huyendo<\/mark> <mark data-id=\"XwHtfb4\">sin<\/mark> <mark>reparar<\/mark> <mark data-id=\"EuPaWdO\">en<\/mark> <mark>obst\u00e1culos<\/mark>.<\/p>\n<\/article>\n<p class=\"o\">Real Academia Espa\u00f1ola \u00a9 Todos los derechos reservados<\/p>\n<\/div>\n<\/div>\n","protected":false},"excerpt":{"rendered":"<p>EL BARDAL DEL INVIERNO por Juan Alfredo Bell\u00f3n para\u00a0 EL MIRADOR DE ATARFE del domingo&#8230;<\/p>\n","protected":false},"author":1,"featured_media":21363,"comment_status":"closed","ping_status":"closed","sticky":false,"template":"","format":"standard","meta":{"_coblocks_attr":"","_coblocks_dimensions":"","_coblocks_responsive_height":"","_coblocks_accordion_ie_support":"","jetpack_post_was_ever_published":false,"_jetpack_newsletter_access":"","_jetpack_dont_email_post_to_subs":false,"_jetpack_newsletter_tier_id":0,"_jetpack_memberships_contains_paywalled_content":false,"_jetpack_memberships_contains_paid_content":false,"footnotes":"","jetpack_publicize_message":"","jetpack_publicize_feature_enabled":true,"jetpack_social_post_already_shared":false,"jetpack_social_options":{"image_generator_settings":{"template":"highway","default_image_id":0,"enabled":false},"version":2}},"categories":[186,36,44,15],"tags":[1465,42],"class_list":["post-21362","post","type-post","status-publish","format-standard","has-post-thumbnail","hentry","category-instituciones","category-opinion-de-juan-alfredo-bellon","category-noticias-de-hoy","category-ultimas-noticias","tag-naturaleza","tag-politica"],"jetpack_publicize_connections":[],"jetpack_featured_media_url":"https:\/\/i0.wp.com\/miradordeatarfe.es\/wp-content\/uploads\/2018\/02\/inviernos-en-el-mundo-1.jpg?fit=750%2C497&ssl=1","jetpack_likes_enabled":true,"jetpack_sharing_enabled":true,"_links":{"self":[{"href":"https:\/\/miradordeatarfe.es\/index.php?rest_route=\/wp\/v2\/posts\/21362","targetHints":{"allow":["GET"]}}],"collection":[{"href":"https:\/\/miradordeatarfe.es\/index.php?rest_route=\/wp\/v2\/posts"}],"about":[{"href":"https:\/\/miradordeatarfe.es\/index.php?rest_route=\/wp\/v2\/types\/post"}],"author":[{"embeddable":true,"href":"https:\/\/miradordeatarfe.es\/index.php?rest_route=\/wp\/v2\/users\/1"}],"replies":[{"embeddable":true,"href":"https:\/\/miradordeatarfe.es\/index.php?rest_route=%2Fwp%2Fv2%2Fcomments&post=21362"}],"version-history":[{"count":1,"href":"https:\/\/miradordeatarfe.es\/index.php?rest_route=\/wp\/v2\/posts\/21362\/revisions"}],"predecessor-version":[{"id":21364,"href":"https:\/\/miradordeatarfe.es\/index.php?rest_route=\/wp\/v2\/posts\/21362\/revisions\/21364"}],"wp:featuredmedia":[{"embeddable":true,"href":"https:\/\/miradordeatarfe.es\/index.php?rest_route=\/wp\/v2\/media\/21363"}],"wp:attachment":[{"href":"https:\/\/miradordeatarfe.es\/index.php?rest_route=%2Fwp%2Fv2%2Fmedia&parent=21362"}],"wp:term":[{"taxonomy":"category","embeddable":true,"href":"https:\/\/miradordeatarfe.es\/index.php?rest_route=%2Fwp%2Fv2%2Fcategories&post=21362"},{"taxonomy":"post_tag","embeddable":true,"href":"https:\/\/miradordeatarfe.es\/index.php?rest_route=%2Fwp%2Fv2%2Ftags&post=21362"}],"curies":[{"name":"wp","href":"https:\/\/api.w.org\/{rel}","templated":true}]}}