{"id":21372,"date":"2018-02-12T11:08:27","date_gmt":"2018-02-12T10:08:27","guid":{"rendered":"http:\/\/miradordeatarfe.es\/?p=21372"},"modified":"2022-02-12T12:46:36","modified_gmt":"2022-02-12T11:46:36","slug":"atletismo-fin-de-semana-intenso-no-lo-siguiente","status":"publish","type":"post","link":"https:\/\/miradordeatarfe.es\/?p=21372","title":{"rendered":"ATLETISMO: \u00bfFIN DE SEMANA INTENSO?, NO, LO SIGUIENTE."},"content":{"rendered":"<p align=\"JUSTIFY\"><span style=\"font-family: Tahoma, serif;\"><span style=\"font-size: medium;\">Se preve\u00eda que este fin de semana la actividad del ATLETISMO ATARFE iba a ser prol\u00edfica y sin duda que lo fue, pues los nuestros diversificaron su esfuerzo hasta en tres escenarios distintos. <\/span><\/span><!--more--><\/p>\n<p align=\"JUSTIFY\"><span style=\"font-family: Tahoma, serif;\"><span style=\"font-size: medium;\">Comencemos por lo m\u00e1s relevante del intenso \u201cfinde\u201d que tuvo lugar en la localidad gaditana de San Roque, en un paraje de ensue\u00f1o, el Pinar del Rey donde se disput\u00f3 el 48\u00ba Campeonato de Andaluc\u00eda de Cross para las categor\u00edas Sub 16 a M\u00e1ster. P<\/span><\/span><span style=\"font-family: Tahoma, serif;\"><span style=\"font-size: medium;\">ara que os hag\u00e1is una idea del lugar os dir\u00e9 que es como La Moleona pero a lo bestia, son<\/span><\/span><span style=\"font-family: Tahoma, serif;\"><span style=\"font-size: medium;\"> 338 hect\u00e1reas situadas en el centro de la comarca. Este para\u00edso forestal singular tiene una historia curiosa e interesante, data de 1800 cuando la Marina espa\u00f1ola plant\u00f3 \u00e1rboles para suministrar madera para los barcos de guerra. Hoy en d\u00eda es el pulm\u00f3n natural del Campo de Gibraltar, junto con el Parque Natural de Los Alcornocales. <\/span><\/span><\/p>\n<p align=\"JUSTIFY\"><span style=\"font-family: Tahoma, serif;\"><span style=\"font-size: medium;\">Curiosamente no vimos all\u00ed ni al perro ni a Ram\u00f3n Ram\u00edrez a quien hubi\u00e9ramos afeado su gesto de cortarle el rabo al famoso can pero s\u00ed que vimos una nueva exhibici\u00f3n de nuestro campe\u00f3n Manuel Jim\u00e9nez L\u00f3pez que se ha alzado con el triunfo en la categor\u00eda Sub 18 en el que es ya su QUINTO Campeonato de Andaluc\u00eda de Cross (2013 Alev\u00edn Villamanrique de la Condesa; 2015 Infantil Chiclana Fra.; 2016 Cadete Roquetas de Mar; 2017 Cadete La Carolina). <\/span><\/span><\/p>\n<p align=\"JUSTIFY\"><a href=\"https:\/\/i0.wp.com\/miradordeatarfe.es\/wp-content\/uploads\/2018\/02\/San-Roque-2018-podium.jpg?ssl=1\"><img data-recalc-dims=\"1\" loading=\"lazy\" decoding=\"async\" class=\"alignnone size-full wp-image-21374\" src=\"https:\/\/i0.wp.com\/miradordeatarfe.es\/wp-content\/uploads\/2018\/02\/San-Roque-2018-podium.jpg?resize=640%2C640&#038;ssl=1\" alt=\"\" width=\"640\" height=\"640\" srcset=\"https:\/\/i0.wp.com\/miradordeatarfe.es\/wp-content\/uploads\/2018\/02\/San-Roque-2018-podium.jpg?w=1280&amp;ssl=1 1280w, https:\/\/i0.wp.com\/miradordeatarfe.es\/wp-content\/uploads\/2018\/02\/San-Roque-2018-podium.jpg?resize=150%2C150&amp;ssl=1 150w, https:\/\/i0.wp.com\/miradordeatarfe.es\/wp-content\/uploads\/2018\/02\/San-Roque-2018-podium.jpg?resize=300%2C300&amp;ssl=1 300w, https:\/\/i0.wp.com\/miradordeatarfe.es\/wp-content\/uploads\/2018\/02\/San-Roque-2018-podium.jpg?resize=768%2C768&amp;ssl=1 768w, https:\/\/i0.wp.com\/miradordeatarfe.es\/wp-content\/uploads\/2018\/02\/San-Roque-2018-podium.jpg?resize=1024%2C1024&amp;ssl=1 1024w, https:\/\/i0.wp.com\/miradordeatarfe.es\/wp-content\/uploads\/2018\/02\/San-Roque-2018-podium.jpg?resize=600%2C600&amp;ssl=1 600w\" sizes=\"auto, (max-width: 640px) 100vw, 640px\" \/><\/a><\/p>\n<p align=\"JUSTIFY\"><span style=\"font-family: Tahoma, serif;\"><span style=\"font-size: medium;\">Manuel ha sabido recomponerse de una s\u00fabita lesi\u00f3n en su rodilla derecha que hizo peligrar su participaci\u00f3n habiendo estado toda la semana guardando reposo, sin duda que los cuidados de \u00d3scar Rosales desde su Cl\u00ednica de Fisioterapia en Albolote que tiene concertado un acuerdo de colaboraci\u00f3n con nuestro Club han sido vitales en su recuperaci\u00f3n. En cuanto a la carrera rese\u00f1ar que Manuel se estuvo probando las primeras vueltas y tras comprobar que la rodilla marchaba bien decidi\u00f3 atacar a falta de un kil\u00f3metro para el final consiguiendo unos metros de ventaja que fue incrementando hasta la llegada. <\/span><\/span><\/p>\n<p align=\"JUSTIFY\"><span style=\"font-family: Tahoma, serif;\"><span style=\"font-size: medium;\">En esta categor\u00eda Sub 18 otros tres componentes del ATLETISMO ATARFE fueron de la partida, Jaime Vico Guzm\u00e1n que hizo la posici\u00f3n 16\u00ba, Marcos Fern\u00e1ndez Requena 37\u00ba y Ra\u00fal Castillo Santiago 81\u00ba. Si todos ellos hubieran corrido con la camiseta rojiverde hubi\u00e9ramos conseguido una Sexta posici\u00f3n por equipos. <\/span><\/span><\/p>\n<p align=\"JUSTIFY\"><span style=\"font-family: Tahoma, serif;\"><span style=\"font-size: medium;\">Otros Atarfe\u00f1os participantes en este campeonato fueron Alex Vico Guzm\u00e1n que consigui\u00f3 una meritoria 13\u00aa posici\u00f3n en Sub 16 y Jos\u00e9 Antonio Justicia Ruiz 49\u00ba en senior. <\/span><\/span><\/p>\n<p align=\"JUSTIFY\"><span style=\"font-family: Tahoma, serif;\"><span style=\"font-size: medium;\">Se han ganado el premio de representar a sus respectivos clubs el d\u00eda 25 de febrero en Gij\u00f3n en el nacional Manuel Jim\u00e9nez, Alex Vico y Jaime Vico con el Nerja y Ra\u00fal Castillo con el Motril. Adem\u00e1s ser\u00e1 de la partida Jes\u00fas Zamora tambi\u00e9n con el Nerja ausente en San Roque. <\/span><\/span><\/p>\n<p align=\"JUSTIFY\"><span style=\"font-family: Tahoma, serif;\"><span style=\"font-size: medium;\">Por otro lado, el s\u00e1bado en jornada de ma\u00f1ana asistimos al debut oficial del ATLETISMO ATARFE en una competici\u00f3n de pista por equipos con nuestros SUB 12 MASCULINOS. Dicen que ning\u00fan comienzo es f\u00e1cil y as\u00ed lo pueden atestiguar nuestros j\u00f3venes valores que se vieron mermados por la mala suerte en forma de accidentes y enfermedades. En la previa supimos de las bajas de Miguel Avil\u00e9s por accidente (esguince de tobillo) y Nicol\u00e1s Soto por gripe, si bien con estas ausencias se nos escapaba cualquier posibilidad de puntuar por equipos la ilusi\u00f3n de los que finalmente tomaron parte en el campeonato qued\u00f3 intacta y supieron defender el pabell\u00f3n con muy buenos resultados de modo que sin puntuar en 3 de las 9 pruebas programadas totalizaron 61 puntos y una 12\u00ba posici\u00f3n te\u00f3rica sobre 17 participantes.<\/span><\/span><\/p>\n<p align=\"JUSTIFY\"><span style=\"font-family: Tahoma, serif;\"><span style=\"font-size: medium;\">Aun as\u00ed se han conseguidos DOS Segundos puestos en las pruebas de 60 m.l. con \u00c1lvaro Hern\u00e1ndez S\u00e1nchez (9.32) y Curro Avil\u00e9s Torrecillas en 1.000 m (3.18.03). \u00c1lvaro fue adem\u00e1s 4\u00ba en longitud (4.00). Diego Fuentes Escobar fue 7\u00ba en Salto Longitud con p\u00e9rtiga (2.86) y 15\u00ba en 500 m (1.46.48) y Curro tomo parte tambi\u00e9n en la prueba de 60 m.v. donde una ca\u00edda en la \u00faltima valla le priv\u00f3 de ganar su serie. <\/span><\/span><\/p>\n<p align=\"JUSTIFY\"><span style=\"font-family: Tahoma, serif;\"><span style=\"font-size: medium;\">En resumen muy positiva la experiencia donde nuestros chicos disfrutaron de una buena ma\u00f1ana de atletismo y comprobaron su val\u00eda en pruebas distintas de las habituales, la primavera les espera con un nuevo campeonato por equipos en esta ocasi\u00f3n en pista al aire libre. <\/span><\/span><\/p>\n<p align=\"JUSTIFY\"><span style=\"font-family: Tahoma, serif;\"><span style=\"font-size: medium;\">Para finalizar la cr\u00f3nica de la semana nos desplazamos a la pista cubierta de Antequera donde el domingo tuvo lugar un nuevo control de marcas donde se consiguieron dos nuevas m\u00ednimas para los campeonatos andaluces de las piernas de Celia Mart\u00edn Santiago y Elena Maroto en 60 m.l. con 8.44 y 8.60 respectivamente. En esa misma prueba Carlos Franquelo marc\u00f3 7.90 y Antonio Pe\u00f1a 8.16. Por \u00faltimo en 400 metros Pablo Mart\u00edn Santiago par\u00f3 el crono en 55.08, Carlos Franquelo en 56.70 Y Juan Jos\u00e9 Urquiza Sierra 56.54, por su parte Celia Mart\u00edn hizo 1.05. y Elena Maroto 1.08. en la misma distancia. Cerr\u00f3 participaci\u00f3n atarfe\u00f1a el pesista David Gonz\u00e1lez Arribas con 10.58 en peso. <\/span><\/span><\/p>\n<p align=\"JUSTIFY\"><span style=\"font-family: Tahoma, serif;\"><span style=\"font-size: medium;\">El pr\u00f3ximo fin de semana tenemos varios campeonatos de Andaluc\u00eda, los de equipos Sub 14 con doble presencia de ATLETISMO ATARFE y los individuales SUB 20 con Paula Jim\u00e9nez L\u00f3pez en 800 y Celia Mart\u00edn en 200 y el SUB 18 de 3000 donde habr\u00e1 que ver si toma la salida Manuel Jim\u00e9nez o se decide por descansar y acabar de curar su lesi\u00f3n de rodilla. <\/span><\/span><\/p>\n<p align=\"JUSTIFY\">\n","protected":false},"excerpt":{"rendered":"<p>Se preve\u00eda que este fin de semana la actividad del ATLETISMO ATARFE iba a ser&#8230;<\/p>\n","protected":false},"author":1,"featured_media":21373,"comment_status":"closed","ping_status":"closed","sticky":false,"template":"","format":"standard","meta":{"_coblocks_attr":"","_coblocks_dimensions":"","_coblocks_responsive_height":"","_coblocks_accordion_ie_support":"","jetpack_post_was_ever_published":false,"_jetpack_newsletter_access":"","_jetpack_dont_email_post_to_subs":false,"_jetpack_newsletter_tier_id":0,"_jetpack_memberships_contains_paywalled_content":false,"_jetpack_memberships_contains_paid_content":false,"footnotes":"","jetpack_publicize_message":"","jetpack_publicize_feature_enabled":true,"jetpack_social_post_already_shared":false,"jetpack_social_options":{"image_generator_settings":{"template":"highway","default_image_id":0,"enabled":false},"version":2}},"categories":[2,182,6915,44,15],"tags":[81,85],"class_list":["post-21372","post","type-post","status-publish","format-standard","has-post-thumbnail","hentry","category-atarfe","category-deportes","category-opinion-de-manuel-jimenez","category-noticias-de-hoy","category-ultimas-noticias","tag-atarfe","tag-atletismo"],"jetpack_publicize_connections":[],"jetpack_featured_media_url":"https:\/\/i0.wp.com\/miradordeatarfe.es\/wp-content\/uploads\/2018\/02\/San-Roque-2018-1.jpg?fit=960%2C1280&ssl=1","jetpack_likes_enabled":true,"jetpack_sharing_enabled":true,"_links":{"self":[{"href":"https:\/\/miradordeatarfe.es\/index.php?rest_route=\/wp\/v2\/posts\/21372","targetHints":{"allow":["GET"]}}],"collection":[{"href":"https:\/\/miradordeatarfe.es\/index.php?rest_route=\/wp\/v2\/posts"}],"about":[{"href":"https:\/\/miradordeatarfe.es\/index.php?rest_route=\/wp\/v2\/types\/post"}],"author":[{"embeddable":true,"href":"https:\/\/miradordeatarfe.es\/index.php?rest_route=\/wp\/v2\/users\/1"}],"replies":[{"embeddable":true,"href":"https:\/\/miradordeatarfe.es\/index.php?rest_route=%2Fwp%2Fv2%2Fcomments&post=21372"}],"version-history":[{"count":2,"href":"https:\/\/miradordeatarfe.es\/index.php?rest_route=\/wp\/v2\/posts\/21372\/revisions"}],"predecessor-version":[{"id":21376,"href":"https:\/\/miradordeatarfe.es\/index.php?rest_route=\/wp\/v2\/posts\/21372\/revisions\/21376"}],"wp:featuredmedia":[{"embeddable":true,"href":"https:\/\/miradordeatarfe.es\/index.php?rest_route=\/wp\/v2\/media\/21373"}],"wp:attachment":[{"href":"https:\/\/miradordeatarfe.es\/index.php?rest_route=%2Fwp%2Fv2%2Fmedia&parent=21372"}],"wp:term":[{"taxonomy":"category","embeddable":true,"href":"https:\/\/miradordeatarfe.es\/index.php?rest_route=%2Fwp%2Fv2%2Fcategories&post=21372"},{"taxonomy":"post_tag","embeddable":true,"href":"https:\/\/miradordeatarfe.es\/index.php?rest_route=%2Fwp%2Fv2%2Ftags&post=21372"}],"curies":[{"name":"wp","href":"https:\/\/api.w.org\/{rel}","templated":true}]}}