{"id":21386,"date":"2018-02-16T10:49:04","date_gmt":"2018-02-16T09:49:04","guid":{"rendered":"http:\/\/miradordeatarfe.es\/?p=21386"},"modified":"2018-02-12T13:51:28","modified_gmt":"2018-02-12T12:51:28","slug":"mas-de-160-000-personas-salieron-a-las-calles-a-manifestarse-en-2017-en-granada","status":"publish","type":"post","link":"https:\/\/miradordeatarfe.es\/?p=21386","title":{"rendered":"M\u00e1s de 160.000 personas salieron a las calles a manifestarse en 2017 en Granada"},"content":{"rendered":"<p style=\"text-align: justify;\">El a\u00f1o pasado hubo casi 600 concentraciones, un 16% m\u00e1s que en 2016, seg\u00fan la Subdelegaci\u00f3n de Gobierno. <!--more--><\/p>\n<div class=\"cuerpo\">\n<p style=\"text-align: justify;\">Las manifestaciones y concentraciones comunicadas y no comunicadas a la Subdelegaci\u00f3n del Gobierno en Granada se incrementaron un 16% en 2017, pasando de las 610 de 2016 a las 708 del pasado a\u00f1o, en las que participaron unas 1620.000 personas, seg\u00fan los datos dados a conocer por el subdelegado del Gobierno en Granada, Francisco Fuentes, quien ha resaltado que a pesar de este ascenso, las manifestaciones se han reducido m\u00e1s de un 31% respecto a 2012, cuando se registr\u00f3 el pico m\u00e1s alto, con 1.035 manifestaciones y concentraciones en uno de los a\u00f1os m\u00e1s duros de la crisis.<\/p>\n<p style=\"text-align: justify;\">Sin embargo, no todas las manifestaciones que fueron comunicadas a la Subdelegaci\u00f3n del Gobierno en 2017 se llegaron a celebrar. Francisco Fuentes ha indicado que\u00a0<strong>el pasado a\u00f1o se celebraron 596 manifestaciones y concentraciones,<\/strong>\u00a0lo que supone que 112 bien fueron desconvocadas antes de la fecha prevista o simplemente no se celebraron. De las celebradas, 105 fueron manifestaciones, 469 concentraciones y 22 agrupamientos (20 participantes o menos). En todas ellas se calcula que participaron alrededor de 162.036 personas, seg\u00fan la Subdelegaci\u00f3n.<\/p>\n<p style=\"text-align: justify;\">De las manifestaciones comunicadas, solo se prohibieron dos por presentar la solicitud fuera de plazo, tres fueron modificadas en su horario o duraci\u00f3n y una concentraci\u00f3n cambi\u00f3 el lugar de celebraci\u00f3n.<\/p>\n<p style=\"text-align: justify;\">Francisco Fuentes tambi\u00e9n ha se\u00f1alado que a pesar del n\u00famero elevado de manifestaciones que discurrieron por diferentes calles de la provincia, la conflictividad registrada ha sido \u201cinsignificante\u201d, lo que da una idea \u201cdel grado de madurez democr\u00e1tica que ha alcanzado nuestra sociedad\u201d. Adem\u00e1s, el subdelegado del Gobierno ha agradecido la labor realizada por las Fuerzas y Cuerpos de Seguridad del Estado \u201cque son los que velan por que el derecho de reuni\u00f3n, recogido en nuestra Constituci\u00f3n, se desarrolle con normalidad en nuestras ciudades\u201d. Fuentes tambi\u00e9n ha reconocido el trabajo realizado por el servicio de Asuntos Jur\u00eddicos de la Subdelegaci\u00f3n, que es la unidad encargada de tramitar estos expedientes.<\/p>\n<p style=\"text-align: justify;\">El derecho de reuni\u00f3n<\/p>\n<p style=\"text-align: justify;\">El derecho de reuni\u00f3n pac\u00edfica y sin armas, reconocido en el art\u00edculo 21 de nuestra Constituci\u00f3n, se encuentra regulado en la Ley Org\u00e1nica 9\/1983, de 15 de julio, en su redacci\u00f3n dada por la Ley Org\u00e1nica 971999, de 21 de abril. En este sentido, y seg\u00fan se recoge en las legislaciones citadas, el subdelegado ha recordado que ninguna reuni\u00f3n est\u00e1 sometida al r\u00e9gimen de previa autorizaci\u00f3n, debiendo la autoridad gubernativa proteger las reuniones y manifestaciones frente a quienes trataren de impedir, perturbar o menoscabar el l\u00edcito ejercicio de este derecho.<\/p>\n<p style=\"text-align: justify;\">Lo que s\u00ed establece la ley es que la celebraci\u00f3n de reuniones en lugares de tr\u00e1nsito p\u00fablico (concentraciones) y de manifestaciones deben ser comunicadas por escrito a la Subdelegaci\u00f3n del Gobierno por los organizadores o promotores, con una antelaci\u00f3n de diez d\u00edas naturales, como m\u00ednimo, y treinta como m\u00e1ximo.<\/p>\n<p style=\"text-align: justify;\">Seg\u00fan explica la Subdelegaci\u00f3n, solo si la autoridad gubernativa considera que existen razones fundadas de que puedan producirse alteraciones del orden p\u00fablico, con peligro para personas o bienes, podr\u00e1 prohibir la reuni\u00f3n o manifestaci\u00f3n o, en su caso, proponer la modificaci\u00f3n de la fecha, lugar, duraci\u00f3n o itinerario de la reuni\u00f3n o manifestaci\u00f3n.<\/p>\n<p><a href=\"http:\/\/www.elindependientedegranada.es\/ciudadania\/mas-160000-personas-salieron-calles-manifestarse-2017-granada\">http:\/\/www.elindependientedegranada.es\/ciudadania\/mas-160000-personas-salieron-calles-manifestarse-2017-granada<\/a><\/p>\n<\/div>\n","protected":false},"excerpt":{"rendered":"<p>El a\u00f1o pasado hubo casi 600 concentraciones, un 16% m\u00e1s que en 2016, seg\u00fan la&#8230;<\/p>\n","protected":false},"author":1,"featured_media":21387,"comment_status":"closed","ping_status":"closed","sticky":false,"template":"","format":"standard","meta":{"_coblocks_attr":"","_coblocks_dimensions":"","_coblocks_responsive_height":"","_coblocks_accordion_ie_support":"","jetpack_post_was_ever_published":false,"_jetpack_newsletter_access":"","_jetpack_dont_email_post_to_subs":false,"_jetpack_newsletter_tier_id":0,"_jetpack_memberships_contains_paywalled_content":false,"_jetpack_memberships_contains_paid_content":false,"footnotes":"","jetpack_publicize_message":"","jetpack_publicize_feature_enabled":true,"jetpack_social_post_already_shared":false,"jetpack_social_options":{"image_generator_settings":{"template":"highway","default_image_id":0,"enabled":false},"version":2}},"categories":[1161,186,44,15],"tags":[1012,4652],"class_list":["post-21386","post","type-post","status-publish","format-standard","has-post-thumbnail","hentry","category-ciudadania","category-instituciones","category-noticias-de-hoy","category-ultimas-noticias","tag-derechos","tag-manfestaciones"],"jetpack_publicize_connections":[],"jetpack_featured_media_url":"https:\/\/i0.wp.com\/miradordeatarfe.es\/wp-content\/uploads\/2018\/02\/manifestacion_marea_amarilla_03.jpg?fit=750%2C500&ssl=1","jetpack_likes_enabled":true,"jetpack_sharing_enabled":true,"_links":{"self":[{"href":"https:\/\/miradordeatarfe.es\/index.php?rest_route=\/wp\/v2\/posts\/21386","targetHints":{"allow":["GET"]}}],"collection":[{"href":"https:\/\/miradordeatarfe.es\/index.php?rest_route=\/wp\/v2\/posts"}],"about":[{"href":"https:\/\/miradordeatarfe.es\/index.php?rest_route=\/wp\/v2\/types\/post"}],"author":[{"embeddable":true,"href":"https:\/\/miradordeatarfe.es\/index.php?rest_route=\/wp\/v2\/users\/1"}],"replies":[{"embeddable":true,"href":"https:\/\/miradordeatarfe.es\/index.php?rest_route=%2Fwp%2Fv2%2Fcomments&post=21386"}],"version-history":[{"count":1,"href":"https:\/\/miradordeatarfe.es\/index.php?rest_route=\/wp\/v2\/posts\/21386\/revisions"}],"predecessor-version":[{"id":21388,"href":"https:\/\/miradordeatarfe.es\/index.php?rest_route=\/wp\/v2\/posts\/21386\/revisions\/21388"}],"wp:featuredmedia":[{"embeddable":true,"href":"https:\/\/miradordeatarfe.es\/index.php?rest_route=\/wp\/v2\/media\/21387"}],"wp:attachment":[{"href":"https:\/\/miradordeatarfe.es\/index.php?rest_route=%2Fwp%2Fv2%2Fmedia&parent=21386"}],"wp:term":[{"taxonomy":"category","embeddable":true,"href":"https:\/\/miradordeatarfe.es\/index.php?rest_route=%2Fwp%2Fv2%2Fcategories&post=21386"},{"taxonomy":"post_tag","embeddable":true,"href":"https:\/\/miradordeatarfe.es\/index.php?rest_route=%2Fwp%2Fv2%2Ftags&post=21386"}],"curies":[{"name":"wp","href":"https:\/\/api.w.org\/{rel}","templated":true}]}}