{"id":2139,"date":"2015-06-02T08:25:11","date_gmt":"2015-06-02T08:25:11","guid":{"rendered":"http:\/\/miradordeatarfe.es\/?p=2139"},"modified":"2015-06-03T15:15:28","modified_gmt":"2015-06-03T15:15:28","slug":"nuevo-radar-de-trafico-invisible","status":"publish","type":"post","link":"https:\/\/miradordeatarfe.es\/?p=2139","title":{"rendered":"NUEVO RADAR DE TRAFICO INVISIBLE."},"content":{"rendered":"<p class=\"headline mid\">Llega a Espa\u00f1a el radar \u2018invisible\u2019. Tr\u00e1fico pone en servicio equipos ilocalizables para los detectores.<!--more--><\/p>\n<p>Si en nuestra \u00faltima noticia anunci\u00e1bamos la propuesta de que todos los radares iban a ser previamente se\u00f1alizados, ahora la \u00faltima sorpresa de la Direcci\u00f3n General de Tr\u00e1fico nos deja at\u00f3nitos: Se pone en marcha un nuevo <b>radar invisible<\/b> que utiliza bandas de frecuencia muy altas que no pueden ser identificadas por los dispositivos de alerta (anti-radar) para conductores, lo que los convierte en indetectables.<\/p>\n<p>La Guardia Civil desplegar\u00e1 este verano 50 nuevos Citr\u00f6en C4 Picasso, dotados con este nuevo radar (conocido como <b>Multiradar C<\/b>) en las carreteras espa\u00f1olas. Adem\u00e1s, llevan incorporado un flash en la zona donde el fabricante del autom\u00f3vil sit\u00faa los faros antiniebla que se dispara en condiciones de luz pobres.<\/p>\n<p>Estos radares invisibles incorporan un nuevo cinem\u00f3metro y su frecuencia de emisi\u00f3n es indetectable para al menos el 95% de los localizadores actuales. Pueden monitorizar hasta 6 carriles y los datos grabados se almacenan cifrados con un algoritmo que impide la manipulaci\u00f3n o falsificaci\u00f3n de los mismos.<\/p>\n<p>Nuestro mejor consejo es bien sencillo: <b>conducir con precauci\u00f3n<\/b> y respetar los l\u00edmites establecidos.<\/p>\n<p>Fuentes:<a href=\"http:\/\/www.intralegal.es\/noticias\/nuevo-radar-de-trafico-invisible\/\">\u00a0http:\/\/www.intralegal.es\/noticias\/nuevo-radar-de-trafico-invisible\/\u00a0<\/a><\/p>\n<p><a href=\"http:\/\/www.elconfidencialdigital.com\/seguridad\/Llega-Espana-DGT-ilocalizables-detectores_0_2495150467.html\">http:\/\/www.elconfidencialdigital.com<\/a><\/p>\n","protected":false},"excerpt":{"rendered":"<p>Llega a Espa\u00f1a el radar \u2018invisible\u2019. Tr\u00e1fico pone en servicio equipos ilocalizables para los detectores.<\/p>\n","protected":false},"author":1,"featured_media":2140,"comment_status":"closed","ping_status":"closed","sticky":false,"template":"","format":"standard","meta":{"_coblocks_attr":"","_coblocks_dimensions":"","_coblocks_responsive_height":"","_coblocks_accordion_ie_support":"","jetpack_post_was_ever_published":false,"_jetpack_newsletter_access":"","_jetpack_dont_email_post_to_subs":false,"_jetpack_newsletter_tier_id":0,"_jetpack_memberships_contains_paywalled_content":false,"_jetpack_memberships_contains_paid_content":false,"footnotes":"","jetpack_publicize_message":"","jetpack_publicize_feature_enabled":true,"jetpack_social_post_already_shared":false,"jetpack_social_options":{"image_generator_settings":{"template":"highway","default_image_id":0,"enabled":false},"version":2}},"categories":[186,9,15],"tags":[779,295],"class_list":["post-2139","post","type-post","status-publish","format-standard","has-post-thumbnail","hentry","category-instituciones","category-medio-ambiente","category-ultimas-noticias","tag-radar","tag-trafico"],"jetpack_publicize_connections":[],"jetpack_featured_media_url":"https:\/\/i0.wp.com\/miradordeatarfe.es\/wp-content\/uploads\/2015\/06\/radar-invisible.jpg?fit=620%2C348&ssl=1","jetpack_likes_enabled":true,"jetpack_sharing_enabled":true,"_links":{"self":[{"href":"https:\/\/miradordeatarfe.es\/index.php?rest_route=\/wp\/v2\/posts\/2139","targetHints":{"allow":["GET"]}}],"collection":[{"href":"https:\/\/miradordeatarfe.es\/index.php?rest_route=\/wp\/v2\/posts"}],"about":[{"href":"https:\/\/miradordeatarfe.es\/index.php?rest_route=\/wp\/v2\/types\/post"}],"author":[{"embeddable":true,"href":"https:\/\/miradordeatarfe.es\/index.php?rest_route=\/wp\/v2\/users\/1"}],"replies":[{"embeddable":true,"href":"https:\/\/miradordeatarfe.es\/index.php?rest_route=%2Fwp%2Fv2%2Fcomments&post=2139"}],"version-history":[{"count":1,"href":"https:\/\/miradordeatarfe.es\/index.php?rest_route=\/wp\/v2\/posts\/2139\/revisions"}],"predecessor-version":[{"id":2141,"href":"https:\/\/miradordeatarfe.es\/index.php?rest_route=\/wp\/v2\/posts\/2139\/revisions\/2141"}],"wp:featuredmedia":[{"embeddable":true,"href":"https:\/\/miradordeatarfe.es\/index.php?rest_route=\/wp\/v2\/media\/2140"}],"wp:attachment":[{"href":"https:\/\/miradordeatarfe.es\/index.php?rest_route=%2Fwp%2Fv2%2Fmedia&parent=2139"}],"wp:term":[{"taxonomy":"category","embeddable":true,"href":"https:\/\/miradordeatarfe.es\/index.php?rest_route=%2Fwp%2Fv2%2Fcategories&post=2139"},{"taxonomy":"post_tag","embeddable":true,"href":"https:\/\/miradordeatarfe.es\/index.php?rest_route=%2Fwp%2Fv2%2Ftags&post=2139"}],"curies":[{"name":"wp","href":"https:\/\/api.w.org\/{rel}","templated":true}]}}