{"id":21414,"date":"2018-02-17T10:09:33","date_gmt":"2018-02-17T09:09:33","guid":{"rendered":"http:\/\/miradordeatarfe.es\/?p=21414"},"modified":"2018-02-12T16:14:10","modified_gmt":"2018-02-12T15:14:10","slug":"sos-para-salvar-la-investigacion-en-espana","status":"publish","type":"post","link":"https:\/\/miradordeatarfe.es\/?p=21414","title":{"rendered":"SOS para salvar la investigaci\u00f3n en Espa\u00f1a"},"content":{"rendered":"<p>Un grupo de investigadores, encabezados por dos miembros de la Real Academia de Ciencias, lanzan una recogida de firmas para denunciar ante el Gobierno \u201cel progresivo abandono de la ciencia espa\u00f1ola provocado por los recortes\u201d<!--more--><\/p>\n<div id=\"cuerpo_noticia_r\" class=\"cuerpo\">\n<p>Ten\u00eda que ser una de las claves del -tantas veces- prometido cambio de modelo productivo. Pero la realidad es que desde 2009 <a href=\"http:\/\/cadenaser.com\/ser\/2017\/10\/04\/ciencia\/1507132859_697495.html\" target=\"_blank\" rel=\"noopener\"><strong>los presupuestos para I+D se han reducido en un 36 por ciento<\/strong><\/a>. Los recortes, que empezaron ya con el Gobierno de Zapatero, se han ido ahondando en los \u00faltimos a\u00f1os y, en la llamada recuperaci\u00f3n, no se ven inversiones de tendencia. Espa\u00f1a ha sido el pa\u00eds occidental que m\u00e1s ha recortado en ciencia durante los a\u00f1os de la crisis. Y los efectos ya son evidentes: el n\u00famero de patentes producidas se ha reducido en un 60%, <a href=\"http:\/\/cadenaser.com\/ser\/2018\/01\/24\/ciencia\/1516794569_597421.html\" target=\"_blank\" rel=\"noopener\"><strong>se han perdido casi 90.000 empleos<\/strong><\/a> y 37mil j\u00f3venes investigadores han tenido que salir del pa\u00eds. Y los que se quedan trabajan en condiciones precarias y con recursos cada vez m\u00e1s limitados que a menudo no les permiten ir m\u00e1s all\u00e1 de la ordinaria administraci\u00f3n.<\/p>\n<p>Los investigadores y los cient\u00edficos llevan tiempo denunciando la situaci\u00f3n en la que se encuentra la ciencia en Espa\u00f1a. Y hoy un grupo de ellos, encabezados por dos miembros de la Real Academia de Ciencias, lanzan un SOS para salvar la investigaci\u00f3n cient\u00edfica en Espa\u00f1a. Una carta abierta que abren a una <a href=\"https:\/\/www.change.org\/p\/gobierno-de-espa%C3%B1a-actuar-contra-los-recortes-econ%C3%B3micos-y-humanos-en-la-investigaci%C3%B3n-espa%C3%B1ola\" target=\"_blank\" rel=\"noopener\"><strong>recogida de firmas en Change.org<\/strong><\/a> para entregarlas en las pr\u00f3ximas semanas al Gobierno.<\/p>\n<div class=\"teads-inread sm-screen\">\n<div>\n<div class=\"teads-ui-components-credits\">Este es el texto \u00edntegro de la carta:<\/div>\n<\/div>\n<\/div>\n<p><em>\u00abLos firmantes de esta nota <strong>denunciamos la situaci\u00f3n de progresivo abandono de la ciencia espa\u00f1ola provocada por los recortes en la inversi\u00f3n en ciencia por parte del actual gobierno de Espa\u00f1a<\/strong>. A los recortes se suma la no ejecuci\u00f3n de varias partidas presupuestarias. <strong>Se han restringido plazas, apoyo a las infraestructuras cient\u00edficas y subvenciones a proyectos<\/strong><\/em>. <em>Ello culmin\u00f3 en un inaceptable descenso del n\u00famero y cuant\u00eda de las subvenciones correspondientes a la convocatoria 2017 de Proyectos de I+D+i del Programa Estatal de Investigaci\u00f3n, Desarrollo e Innovaci\u00f3n. Al descenso de los fondos para la ciencia debe a\u00f1adirse el retraso en un a\u00f1o de la puesta en marcha del nuevo Plan Estatal de Investigaci\u00f3n Cient\u00edfica y T\u00e9cnica y de Innovaci\u00f3n 2017-2020 y la incertidumbre sobre los presupuestos econ\u00f3micos y recursos humanos con que se aplicar\u00e1. <strong>Este estado de cosas repercute negativamente en todo el sistema de ciencia y tecnolog\u00eda del pa\u00eds e incide de modo dram\u00e1tico en investigadores j\u00f3venes<\/strong> que no pueden establecer nuevos grupos de trabajo. <strong>La ciencia es un motor cultural y econ\u00f3mico de un pa\u00eds y no apoyarla representa agravar el d\u00e9ficit econ\u00f3mico del pa\u00eds y la precarizaci\u00f3n laboral<\/strong>, como se ha documentado en informes nacionales e internacionales. Por ello, apelamos a los cient\u00edficos, acad\u00e9micos, sociedades cient\u00edficas, sindicatos y otras organizaciones preocupadas por la situaci\u00f3n social de nuestro pa\u00eds, a que <strong>emprendamos las acciones que est\u00e9n a nuestro alcance<\/strong> para tratar de corregir la situaci\u00f3n actual. El compromiso con la ciencia y con la sociedad as\u00ed nos lo exige\u201d.<\/em><\/p>\n<p><a href=\"http:\/\/cadenaser.com\/programa\/2018\/02\/12\/hoy_por_hoy\/1518410292_388604.html\">http:\/\/cadenaser.com\/programa\/2018\/02\/12\/hoy_por_hoy\/1518410292_388604.html<\/a><\/p>\n<\/div>\n","protected":false},"excerpt":{"rendered":"<p>Un grupo de investigadores, encabezados por dos miembros de la Real Academia de Ciencias, lanzan&#8230;<\/p>\n","protected":false},"author":1,"featured_media":0,"comment_status":"closed","ping_status":"closed","sticky":false,"template":"","format":"standard","meta":{"_coblocks_attr":"","_coblocks_dimensions":"","_coblocks_responsive_height":"","_coblocks_accordion_ie_support":"","jetpack_post_was_ever_published":false,"_jetpack_newsletter_access":"","_jetpack_dont_email_post_to_subs":false,"_jetpack_newsletter_tier_id":0,"_jetpack_memberships_contains_paywalled_content":false,"_jetpack_memberships_contains_paid_content":false,"footnotes":"","jetpack_publicize_message":"","jetpack_publicize_feature_enabled":true,"jetpack_social_post_already_shared":false,"jetpack_social_options":{"image_generator_settings":{"template":"highway","default_image_id":0,"enabled":false},"version":2}},"categories":[1161,186,44,15],"tags":[53,757,407],"class_list":["post-21414","post","type-post","status-publish","format-standard","hentry","category-ciudadania","category-instituciones","category-noticias-de-hoy","category-ultimas-noticias","tag-ciencia","tag-inversion","tag-investigacion"],"jetpack_publicize_connections":[],"jetpack_featured_media_url":"","jetpack_likes_enabled":true,"jetpack_sharing_enabled":true,"_links":{"self":[{"href":"https:\/\/miradordeatarfe.es\/index.php?rest_route=\/wp\/v2\/posts\/21414","targetHints":{"allow":["GET"]}}],"collection":[{"href":"https:\/\/miradordeatarfe.es\/index.php?rest_route=\/wp\/v2\/posts"}],"about":[{"href":"https:\/\/miradordeatarfe.es\/index.php?rest_route=\/wp\/v2\/types\/post"}],"author":[{"embeddable":true,"href":"https:\/\/miradordeatarfe.es\/index.php?rest_route=\/wp\/v2\/users\/1"}],"replies":[{"embeddable":true,"href":"https:\/\/miradordeatarfe.es\/index.php?rest_route=%2Fwp%2Fv2%2Fcomments&post=21414"}],"version-history":[{"count":1,"href":"https:\/\/miradordeatarfe.es\/index.php?rest_route=\/wp\/v2\/posts\/21414\/revisions"}],"predecessor-version":[{"id":21416,"href":"https:\/\/miradordeatarfe.es\/index.php?rest_route=\/wp\/v2\/posts\/21414\/revisions\/21416"}],"wp:attachment":[{"href":"https:\/\/miradordeatarfe.es\/index.php?rest_route=%2Fwp%2Fv2%2Fmedia&parent=21414"}],"wp:term":[{"taxonomy":"category","embeddable":true,"href":"https:\/\/miradordeatarfe.es\/index.php?rest_route=%2Fwp%2Fv2%2Fcategories&post=21414"},{"taxonomy":"post_tag","embeddable":true,"href":"https:\/\/miradordeatarfe.es\/index.php?rest_route=%2Fwp%2Fv2%2Ftags&post=21414"}],"curies":[{"name":"wp","href":"https:\/\/api.w.org\/{rel}","templated":true}]}}