{"id":21475,"date":"2018-02-18T09:18:01","date_gmt":"2018-02-18T08:18:01","guid":{"rendered":"http:\/\/miradordeatarfe.es\/?p=21475"},"modified":"2018-02-13T12:26:44","modified_gmt":"2018-02-13T11:26:44","slug":"que-hacer-el-8-de-marzo-si-eres-hombre-y-apoyas-la-huelga-feminista","status":"publish","type":"post","link":"https:\/\/miradordeatarfe.es\/?p=21475","title":{"rendered":"Qu\u00e9 hacer el 8 de marzo si eres hombre y apoyas la huelga feminista"},"content":{"rendered":"<p style=\"text-align: justify;\">\u00bfSumarse a los paros o ir a trabajar? \u00bfQuedarse en casa o salir a manifestarse? \u00bfHacer las tareas de ellas o plegarse a un d\u00eda de brazos ca\u00eddos? La convocatoria de huelga ha generado dudas en los varones<!--more--><\/p>\n<p style=\"text-align: justify;\">El movimiento feminista invita a los hombres a encargarse de las tareas feminizadas, de cuidados, y a hacer visible el peso del trabajo femenino en los lugares de trabajo.Los sindicatos toman distancia de este discurso y defienden que la huelga est\u00e1 dirigida legalmente a ambos sexos y que participar de ella es una decisi\u00f3n individual.<\/p>\n<div id=\"edi-body\" class=\"mce-body mce no-sticky-adv-socios\">\n<p class=\"mce\" style=\"text-align: justify;\">Paros laborales, estudiantiles, de cuidados y de consumo. La huelga feminista del 8 de marzo, respaldada por varios sindicatos, busca visibilizar el papel productivo y reproductivo de las mujeres: <strong>\u00abSi nosotras paramos, se para el mundo\u00bb<\/strong>.\u00a0 Pero este planteamiento ha generado desconcierto en los hombres. \u00bfC\u00f3mo apoyar la causa?\u00a0\u00bfDeber\u00edan adherirse a la huelga o ir a trabajar ceder el protagonismo a las mujeres? \u00bfTendr\u00edan que sustituir las tareas que ellas suelen hacer?<\/p>\n<p class=\"mce\" style=\"text-align: justify;\">La convocatoria de huelga\u00a0no puede legalmente distinguir entre sexos. Es un derecho de todos los trabajadores y todos\u00a0ellos est\u00e1n amparados legalmente, ya que la medida cuenta con el respaldo sindical de CGT, CNT, la Confederaci\u00f3n Intersindical y COBAS.\u00a0<a class=\"mce\" href=\"http:\/\/www.eldiario.es\/economia\/CCOO-UGT-convocaran-parciales-feminista_0_733526726.html\"> UGT y CCOO se han sumado con paros laborales<\/a>\u00a0parciales.<\/p>\n<p class=\"mce\" style=\"text-align: justify;\">La decisi\u00f3n de\u00a0secundarlos o no es estrictamente personal. Sin embargo, el movimiento feminista considera que son las mujeres quienes deber\u00edan ir a la huelga, para reivindicar el papel \u2013a veces invisible\u2013 del colectivo femenino en la sociedad.<\/p>\n<h3 style=\"text-align: justify;\">El debate es de todos, la huelga es de ellas<\/h3>\n<p class=\"mce\" style=\"text-align: justify;\">Mar\u00eda \u00c1lvarez, miembro de la comisi\u00f3n del 8M, destaca que la huelga que se est\u00e1 preparando para el D\u00eda Internacional de la Mujer<strong> \u00abno es una tradicional\u00bb<\/strong>. \u00abNormalmente las huelgas se hacen en el \u00e1mbito del empleo, pero esta\u00a0est\u00e1 circunscrita a cuatro ejes porque las mujeres tambi\u00e9n estamos presentes en los cuidados, el consumo y los estudios\u00bb,\u00a0explica a\u00a0eldiario.es.<\/p>\n<p class=\"mce\" style=\"text-align: justify;\">Como el objetivo es \u00abampliar el concepto de huelga\u00bb y \u00abponer en valor la contribuci\u00f3n de las mujeres en todos los \u00e1mbitos de la vida\u00bb, \u00c1lvarez cree que deben ser las mujeres quienes participen en los paros. Pone como ejemplo las huelgas femeninas en Islandia, en las que las mujeres llamaban a sus compa\u00f1eras a hacer una huelga de brazos ca\u00eddos.<\/p>\n<p class=\"mce\" style=\"text-align: justify;\">La idea es que <strong>todos formen parte del debate sobre la desigualdad\u00a0que sufren las mujeres,<\/strong> <strong>pero que sean ellas quienes tengan mayor visibilidad y secunden la huelga.<\/strong> \u00c1lvarez recomienda a los hombres que tomen el 8M como una oportunidad para reflexionar sobre m\u00faltiples aspectos, como la brecha salarial, los trabajos feminizados o el reparto de tareas dom\u00e9sticas.<\/p>\n<h3 style=\"text-align: justify;\">Los hombres deben apoyar, no liderar<\/h3>\n<p class=\"mce\" style=\"text-align: justify;\">Juanjo Compair\u00e9, miembro de la Asociaci\u00f3n de Hombres por la Igualdad de G\u00e9nero (AHIGE), considera que los <strong>hombres deben apoyar la huelga, pero dejando el protagonismo a las mujeres<\/strong>. En concreto, apuesta por \u00abquedarse en un segundo plano, no participar en la huelga feminista y atender a los cuidados que las mujeres generalmente realizan\u00bb.<\/p>\n<p class=\"mce\" style=\"text-align: justify;\">AHIGE se ha adherido a la convocatoria y, como entidad, dice apoyar las reivindicaciones del movimiento feminista. Recuerda que es una huelga de diferentes \u00e1mbitos \u2013laboral, estudiantil, de cuidados y de consumo\u2013 \u00aben la que est\u00e1n llamadas a participar todas las mujeres para demostrar a la sociedad que sin ellas nuestro sistema colapsa\u00bb.<\/p>\n<p class=\"mce\" style=\"text-align: justify;\">En un comunicado, la asociaci\u00f3n tambi\u00e9n recuerda que \u00ablos hombres no est\u00e1n llamados a la huelga laboral, sino a reflexionar sobre la desigualdad estructural que subordina, amenaza, discrimina y, en \u00faltima instancia, asesina a las mujeres\u00bb. Por ello, defiende que el papel del colectivo masculino es \u00abapoyar estas reivindicaciones y asumir las tareas que no har\u00e1n ellas, especialmente las laborales y de cuidados\u00bb.<\/p>\n<h3 style=\"text-align: justify;\">Los sindicatos no son tan claros<\/h3>\n<p class=\"mce\" style=\"text-align: justify;\">El\u00a0<strong> papel de los sindicatos en la huelga feminista <\/strong>es complejo. Por un lado,\u00a0Comisiones Obreras y UGT han convocado paros laborales parciales, pero por otro han querido mantener una serie de\u00a0diferencias\u00a0sobre su protagonismo y discurso\u00a0en la huelga feminista.\u00a0Elena Blasco, secretaria de Mujeres e Igualdad de CCOO, recuerda que la convocatoria oficial de paros por parte de los sindicatos ha dado una cobertura legal a los trabajadores.<\/p>\n<p class=\"mce\" style=\"text-align: justify;\">Pero\u00a0matiza: <strong>\u00abDamos cobertura a todos, tanto hombres como mujeres\u00bb<\/strong>. Blasco defiende que la huelga, si bien es un derecho colectivo, se lleva a cabo de manera individual, y que son los trabajadores y trabajadoras quienes deben decidir si participan en la movilizaci\u00f3n para reivindicar los derechos de las mujeres.<\/p>\n<p class=\"mce\" style=\"text-align: justify;\">Por ello, evita hacer una distinci\u00f3n entre sexos: \u00abComisiones Obreras es un sindicato formado por hombres y mujeres, por lo que reivindicamos al conjunto de trabajadores y trabajadoras. La huelga aborda los derechos laborales sin excluir, en ning\u00fan\u00a0caso, por raz\u00f3n de sexo\u00bb.<\/p>\n<p class=\"mce\" style=\"text-align: justify;\">Aunque incide en la necesidad de que el 8 de marzo \u00abtenga un claro protagonismo femenino\u00bb y aunque reconoce que \u00abla precariedad afecta m\u00e1s a las mujeres\u00bb,\u00a0sostiene que \u00abal fin y al cabo son grandes problemas laborales que atacan a los derechos colectivos de trabajadores y trabajadoras\u00bb. Por ello, dice que la huelga que plantean es \u00abmixta\u00bb y que<strong> convocan a la manifestaci\u00f3n tanto a hombres como a mujeres.<\/strong><\/p>\n<p style=\"text-align: justify;\"><a href=\"https:\/\/www.eldiario.es\/sociedad\/papel-hombres-huelga-feminista-marzo_0_738426885.html\">https:\/\/www.eldiario.es\/sociedad\/papel-hombres-huelga-feminista-marzo_0_738426885.html<\/a><\/p>\n<p>FOTO: <span class=\"font\">Olmo Calvo<\/span><\/p>\n<\/div>\n","protected":false},"excerpt":{"rendered":"<p>\u00bfSumarse a los paros o ir a trabajar? \u00bfQuedarse en casa o salir a manifestarse?&#8230;<\/p>\n","protected":false},"author":1,"featured_media":21476,"comment_status":"closed","ping_status":"closed","sticky":false,"template":"","format":"standard","meta":{"_coblocks_attr":"","_coblocks_dimensions":"","_coblocks_responsive_height":"","_coblocks_accordion_ie_support":"","jetpack_post_was_ever_published":false,"_jetpack_newsletter_access":"","_jetpack_dont_email_post_to_subs":false,"_jetpack_newsletter_tier_id":0,"_jetpack_memberships_contains_paywalled_content":false,"_jetpack_memberships_contains_paid_content":false,"footnotes":"","jetpack_publicize_message":"","jetpack_publicize_feature_enabled":true,"jetpack_social_post_already_shared":false,"jetpack_social_options":{"image_generator_settings":{"template":"highway","default_image_id":0,"enabled":false},"version":2}},"categories":[1161,14,186,44,15],"tags":[2293,1292,4654],"class_list":["post-21475","post","type-post","status-publish","format-standard","has-post-thumbnail","hentry","category-ciudadania","category-feminismo","category-instituciones","category-noticias-de-hoy","category-ultimas-noticias","tag-8m","tag-hombres","tag-huelga-feminista"],"jetpack_publicize_connections":[],"jetpack_featured_media_url":"https:\/\/i0.wp.com\/miradordeatarfe.es\/wp-content\/uploads\/2018\/02\/Dia-Internacional-Mujer-Olmo-Calvo_EDIIMA20170308_0953_38.jpg?fit=643%2C362&ssl=1","jetpack_likes_enabled":true,"jetpack_sharing_enabled":true,"_links":{"self":[{"href":"https:\/\/miradordeatarfe.es\/index.php?rest_route=\/wp\/v2\/posts\/21475","targetHints":{"allow":["GET"]}}],"collection":[{"href":"https:\/\/miradordeatarfe.es\/index.php?rest_route=\/wp\/v2\/posts"}],"about":[{"href":"https:\/\/miradordeatarfe.es\/index.php?rest_route=\/wp\/v2\/types\/post"}],"author":[{"embeddable":true,"href":"https:\/\/miradordeatarfe.es\/index.php?rest_route=\/wp\/v2\/users\/1"}],"replies":[{"embeddable":true,"href":"https:\/\/miradordeatarfe.es\/index.php?rest_route=%2Fwp%2Fv2%2Fcomments&post=21475"}],"version-history":[{"count":1,"href":"https:\/\/miradordeatarfe.es\/index.php?rest_route=\/wp\/v2\/posts\/21475\/revisions"}],"predecessor-version":[{"id":21477,"href":"https:\/\/miradordeatarfe.es\/index.php?rest_route=\/wp\/v2\/posts\/21475\/revisions\/21477"}],"wp:featuredmedia":[{"embeddable":true,"href":"https:\/\/miradordeatarfe.es\/index.php?rest_route=\/wp\/v2\/media\/21476"}],"wp:attachment":[{"href":"https:\/\/miradordeatarfe.es\/index.php?rest_route=%2Fwp%2Fv2%2Fmedia&parent=21475"}],"wp:term":[{"taxonomy":"category","embeddable":true,"href":"https:\/\/miradordeatarfe.es\/index.php?rest_route=%2Fwp%2Fv2%2Fcategories&post=21475"},{"taxonomy":"post_tag","embeddable":true,"href":"https:\/\/miradordeatarfe.es\/index.php?rest_route=%2Fwp%2Fv2%2Ftags&post=21475"}],"curies":[{"name":"wp","href":"https:\/\/api.w.org\/{rel}","templated":true}]}}