{"id":21506,"date":"2018-02-18T11:15:30","date_gmt":"2018-02-18T10:15:30","guid":{"rendered":"http:\/\/miradordeatarfe.es\/?p=21506"},"modified":"2018-02-18T11:21:21","modified_gmt":"2018-02-18T10:21:21","slug":"carnaval-2018-por-juan-alfredo-bellon","status":"publish","type":"post","link":"https:\/\/miradordeatarfe.es\/?p=21506","title":{"rendered":"CARNAVAL 2018  por Juan Alfredo Bell\u00f3n"},"content":{"rendered":"<p><b>CARNAVAL 2018 <\/b><b>por Juan Alfredo Bell\u00f3n para <\/b><b>EL MIRADOR DE ATARFE <\/b><b>del domingo 18-02-2018<\/b><!--more--><\/p>\n<p align=\"JUSTIFY\"><b> <\/b>Parece que fue ayer y ya ha pasado otro a\u00f1o: y la \u00faltima Cuaresma ha dado lugar a su correspondiente Pascua Florida y esta, a su Pentecost\u00e9s, Corpus y Adviento y as\u00ed, vuelta a rodar la rueda de Kronos y, tras 2017, la de 2018 y antes de un periquete, de nuevo, estamos con el eterno vuelta a empezar; dale que dale Perico al torno, circularmente, no hay mal que tras bien no venga ni, viceversa, bien que no venga tras mal, ni cuerpo (ni alma) que lo resistan.<\/p>\n<p align=\"JUSTIFY\">El caso es que el pasado domingo y antes de que hubi\u00e9ramos podido darnos cuenta, ya era el domingo del presente Carnaval y el pr\u00f3ximo (por hoy) es el de Pi\u00f1ata y el Entierro de la Sardina, con lo que huelen las sardinas espetadas en las ascuas de la le\u00f1a o del carb\u00f3n, transidas por el costillar como el mismo Jes\u00fas crucificado y atravesado intercostillarmente por la lanza de Longinos, con ese terrible dolor que provoca la hinchaz\u00f3n de la pleura.<\/p>\n<p align=\"JUSTIFY\"><b> <\/b>Hoga\u00f1o, entre nosotros, todo anda en funci\u00f3n de don Carnal, porque est\u00e1 la cosa muy removida y casi nadie reconoce la autoridad can\u00f3nica de la santa madre iglesia ni retrospectivamente ni progresivamente. As\u00ed, el PP achaca al paso del tiempo la caducidad de las responsabilidades adquiridas en su d\u00eda (eso fue entonces y ocurri\u00f3 a manos de alguien que ya no es nuestro) as\u00ed que <i>pajaricos con la madre y vaya usted a saber.<\/i> Un poner, el Caso Serrallo, en Granada, en lo que afecta al antiguo <i>arcarde <\/i>Jos\u00e9 Torres Hurtado: -\u00bfQui\u00e9n?, Que qui\u00e9n es ese, que a m\u00ed no me toca nada, y menos esa tal Isabel Nieto: Pero bueno, \u00bfes que aqu\u00ed vamos a tener que vivir pensando en el pasado y no en el futuro? Pues anda que el tal Camps, y ese B\u00e1rcenas. Me suenan de algo pero no caigo. \u00bfDe qu\u00e9 partido eran?<\/p>\n<p align=\"JUSTIFY\">Y lo cierto es que no hay mejor disfraz que el tiempo ni mejor distancia que el olvido para disfrazarse de <i>quien no sabemos qui\u00e9n eres<\/i> y m\u00e1s con este sistema judicial y esta clase jur\u00eddica que lo detenta que tenemos en este santo pa\u00eds de nuestros pecados. Y si salimos de este Herodes nuestro de lo inmediato nacional, podemos pasar a entrar en nuestro mediato auton\u00f3mico o internacional o local o ,para no ir m\u00e1s lejos, de nuestro barrio donde florecen las pintadas albaycineramente hablando y las obras granadinamente legalizadas, con todos sus papeles en regla por aqu\u00ed, por all\u00ed o por acull\u00e1, con el dedo extendido se\u00f1alando al norte y el codo doblado sin se\u00f1alar pero se\u00f1alando tambi\u00e9n, lo cerca que est\u00e1 la legalidad legal de nuestros pecados de aqu\u00ed te levanto una planta, te abro una ventana que luego es un balc\u00f3n con vistas a la Alhambra, dejando tuerto al vecino de vistas y de aires, de vientos y de aguas: junto a mi casa existi\u00f3 un Callej\u00f3n de las Gitanos que fue tapiado y posteriormente incorporado a las casas contiguas as\u00ed, por las buenas, con una puerta en un extremo y una tapia (o <i>bardal,<\/i> Manolo, ya sabes&#8230;<i>)<\/i> de modo que queda disfrazado y vestido de <i>esto es m\u00edo y no tiene m\u00e1s due\u00f1o que yo, total, la selva virgen con Tarz\u00e1n saltando de liana en liana y el Ayuntamiento vestido de aqu\u00ed te las doy todas con disfraz de funcionario de urbanismo e informe favorable a todas las modificaciones del Plan de Urbanismo correspomdiente. <\/i><\/p>\n<p align=\"JUSTIFY\"><i> <\/i>Y para qu\u00e9 decir de la pol\u00edtica de hechos consumados de las<i> ayudas sociales <\/i>(ay, Esperanza B\u00e1\u00f1ez, el perfil facial de los Austrias y sus declariones sobre los ahorros de los pensionistas) ah\u00ed nos las des todas y a t\u00ed te las den tambi\u00e9n, en todo lo alto de la cocorota, como a Puigdemont, en el <i>tocomocho, <\/i>tan jerezano de la Escuela de Arte y Doma Ecuestres, \u00a1so jaca torda cascabelera! Ese tuyo s\u00ed que es un tipo carnavalesco y un disfraz de los hermanos \u00c1lvarez Quintero, siendo ministra de Rajoy de su post Transici\u00f3n y de nuestro mega Calvario.<\/p>\n<p align=\"JUSTIFY\">Decirse puede que nos est\u00e1is haciendo tragar cuartetos, chirigotas, comparsas y coros de ignominias que nunca pudimos sasopechar, con queso y butifarra con munchetas, digo, nos las eat\u00e1is dando con toda impunidad, Cristo nuestro y vuestro, sobre todo, Madre de Dios, os debemos una saeta cuando este ciclo acabe y ya se pueda cantar porque \u00c9l deje de estar muerto:<i> \u00a1Ay, ya ya y\u00e1i!, \/ Por la cuesta de la Alacaba, \/ baja suelto y boca a bajo, \/ y en calle Real de Cartuja \/ me diste un buen barjazo,<\/i> \/<i> conmigo en frente del paso. \/ Ay, ay, ay, ay\u2026 <\/i>Porque dicen la verdad quienes dicen que no hay mejor Semana Santa que un buen Carnaval con capirotes y reos \u00bfVerdad?<\/p>\n","protected":false},"excerpt":{"rendered":"<p>CARNAVAL 2018 por Juan Alfredo Bell\u00f3n para EL MIRADOR DE ATARFE del domingo 18-02-2018<\/p>\n","protected":false},"author":1,"featured_media":21507,"comment_status":"closed","ping_status":"closed","sticky":false,"template":"","format":"standard","meta":{"_coblocks_attr":"","_coblocks_dimensions":"","_coblocks_responsive_height":"","_coblocks_accordion_ie_support":"","jetpack_post_was_ever_published":false,"_jetpack_newsletter_access":"","_jetpack_dont_email_post_to_subs":false,"_jetpack_newsletter_tier_id":0,"_jetpack_memberships_contains_paywalled_content":false,"_jetpack_memberships_contains_paid_content":false,"footnotes":"","jetpack_publicize_message":"","jetpack_publicize_feature_enabled":true,"jetpack_social_post_already_shared":false,"jetpack_social_options":{"image_generator_settings":{"template":"highway","default_image_id":0,"enabled":false},"version":2}},"categories":[186,36,44,15],"tags":[2135,349,315],"class_list":["post-21506","post","type-post","status-publish","format-standard","has-post-thumbnail","hentry","category-instituciones","category-opinion-de-juan-alfredo-bellon","category-noticias-de-hoy","category-ultimas-noticias","tag-carnaval","tag-pp","tag-semana-santa"],"jetpack_publicize_connections":[],"jetpack_featured_media_url":"https:\/\/i0.wp.com\/miradordeatarfe.es\/wp-content\/uploads\/2018\/02\/%C3%ADndice-3.jpg?fit=308%2C164&ssl=1","jetpack_likes_enabled":true,"jetpack_sharing_enabled":true,"_links":{"self":[{"href":"https:\/\/miradordeatarfe.es\/index.php?rest_route=\/wp\/v2\/posts\/21506","targetHints":{"allow":["GET"]}}],"collection":[{"href":"https:\/\/miradordeatarfe.es\/index.php?rest_route=\/wp\/v2\/posts"}],"about":[{"href":"https:\/\/miradordeatarfe.es\/index.php?rest_route=\/wp\/v2\/types\/post"}],"author":[{"embeddable":true,"href":"https:\/\/miradordeatarfe.es\/index.php?rest_route=\/wp\/v2\/users\/1"}],"replies":[{"embeddable":true,"href":"https:\/\/miradordeatarfe.es\/index.php?rest_route=%2Fwp%2Fv2%2Fcomments&post=21506"}],"version-history":[{"count":1,"href":"https:\/\/miradordeatarfe.es\/index.php?rest_route=\/wp\/v2\/posts\/21506\/revisions"}],"predecessor-version":[{"id":21508,"href":"https:\/\/miradordeatarfe.es\/index.php?rest_route=\/wp\/v2\/posts\/21506\/revisions\/21508"}],"wp:featuredmedia":[{"embeddable":true,"href":"https:\/\/miradordeatarfe.es\/index.php?rest_route=\/wp\/v2\/media\/21507"}],"wp:attachment":[{"href":"https:\/\/miradordeatarfe.es\/index.php?rest_route=%2Fwp%2Fv2%2Fmedia&parent=21506"}],"wp:term":[{"taxonomy":"category","embeddable":true,"href":"https:\/\/miradordeatarfe.es\/index.php?rest_route=%2Fwp%2Fv2%2Fcategories&post=21506"},{"taxonomy":"post_tag","embeddable":true,"href":"https:\/\/miradordeatarfe.es\/index.php?rest_route=%2Fwp%2Fv2%2Ftags&post=21506"}],"curies":[{"name":"wp","href":"https:\/\/api.w.org\/{rel}","templated":true}]}}