{"id":2178,"date":"2015-06-05T07:06:53","date_gmt":"2015-06-05T07:06:53","guid":{"rendered":"http:\/\/miradordeatarfe.es\/?p=2178"},"modified":"2015-06-07T11:05:54","modified_gmt":"2015-06-07T11:05:54","slug":"primer-homenaje-popular-a-federico-garcia-lorca-1976","status":"publish","type":"post","link":"https:\/\/miradordeatarfe.es\/?p=2178","title":{"rendered":"Primer homenaje popular a Federico Garc\u00eda Lorca (1976)"},"content":{"rendered":"<p>Ladr\u00f3n de Guevara fue la primera voz del &#8216;5 a las 5&#8217;, en 1976, y,\u00a0 al presentar aquel acto de hace ahora 39 a\u00f1os, en nombre de los\u00a0 poetas andaluces, lanz\u00f3 el grito de &#8216;<strong>Federico est\u00e1 vivo<\/strong>&#8216;, que fue\u00a0 contestado con unos cerrados aplausos del p\u00fablico asistente<!--more--><\/p>\n<p>Federico Garc\u00eda Lorca naci\u00f3n en Fuente Vaqueros el 5 de Junio de 1898. Cada 5 de Junio se celebra en Fuente Vaqueros la \u201cSemana Cultural\u201d, una semana llena de actos culturales conmemorando el nacimiento del ilustre poeta fuenterino. Adem\u00e1s, es tradici\u00f3n el famoso \u201c5 a las 5\u201d y el Concierto Homenaje en el Paseo del Prado.<\/p>\n<p>El primer \u201c5 a las 5\u201d se celebr\u00f3 en Fuente Vaqueros el 5 de Junio de 1976. Una gran fiesta popular que record\u00f3 al poeta, junto a miles y miles de personas, que se desplazaron hasta nuestro pueblo. En aquella tarde, bajo un sol de justicia, sobre el escenario presidido por una gran fotograf\u00eda de Federico, se sucedieron, entre otros, los discursos y recitales desgarradores de Nuria Espert, Lola Gaos, Aurora Bautista, Jos\u00e9 Agust\u00edn Goytisolo, Juan de Loxa, Manuel Fern\u00e1ndez Montesinos y al final, Blas de Otero.<\/p>\n<div>JOSE CAZORLA escribia <span class=\"firma\"> 4 JUNIO 1986<\/span> en el pais:<\/div>\n<div>\n<h5>\u00ab<em>A comienzos de 1976 no hab\u00eda indicio alguno de que la prolongada sombra de silencio sobre Garc\u00eda Lorca, fuese a disiparse. Decid\u00ed entonces enviar una carta al peri\u00f3dico Ideal, de Granada, que la public\u00f3 el 15 de enero, y en donde suger\u00eda que la Universidad deber\u00eda encabezar unos actos de homenaje al poeta, \u00aben el contexto del recuerdo a tantos muertos inocentes de nuestra guerra civil, v\u00edctimas de la intransigencia de uno y otro signoTras una inevitable serie de amenazas an\u00f3nimas y otras molestias, se constituy\u00f3 en febrero de 1976 una comisi\u00f3n de homenaje -a la que el rectorado no colabor\u00f3-, compuesta por- 33 periodis tas, artistas, profesores y otros intelectuales, de car\u00e1cter estrictamente personal y de muy distintas orientaciones pol\u00edticas. Y as\u00ed con voc\u00e1bamos p\u00fablico homenaje, \u00abrompiendo el silencio forzado hasta hoy, para el mismo lugar e id\u00e9ntica flecha en que Federico naciera hace 78 a\u00f1os: la plaza de Fuente Vaqueros, el pr\u00f3ximo d\u00eda 5 de junio, a las cinco en punto de la tarde\u00bb. En las semanas siguientes se obtuvieron r\u00e1pidamente miles de firmas de adhesi\u00f3n a aquel manifiesto de reconciliaci\u00f3n, procedentes de ilustres persorialdiades, universidades, grupos literarios y art\u00edsticos, redacciones de peri\u00f3dicos y otros. La familia Garc\u00eda Lorca expres\u00f3 de inmediato su apoyo al proyecto.<\/em><\/h5>\n<h5><em>Mientras tanto, las autoridades provinciales y locales se reunieron urgentemente, bajo la presidencia del inefable gobernandor civil de turno. Se discuti\u00f3 la manera de acometer alguna acci\u00f3n que detuviera o al menos desviara los efectos de un homaneje que, de hecho, evidentemente se convert\u00eda en una manifestaci\u00f3n por la libertad y la democracia. Con escaso sentido de la prudencia y de laseriedad, el entonces alcalde opin\u00f3 ante la Prensa -por citar un s\u00f3lo ejemplo- que no hab\u00eda motivo alguno para conmemorar a un poetastro.<\/em><\/h5>\n<h5><em>En abril encabec\u00e9 un escrito dirigido al Gobierno Civil, en que ped\u00edamos autorizaci\u00f3n para celebrar una manifestaci\u00f3n p\u00fablica el pr\u00f3ximo 1 de mayo. La respuesta que se me dirigi\u00f3 por el gobernador es digna de una antolog\u00eda del humor pol\u00edtico (negro). Entre otros muchos resultandos y considerandos, dice:<\/em><\/h5>\n<h5><em>\u00abQue en dicho escrito pretenden los manifestantes portar pancartas con los textos Amnist\u00eda, Libertades democr\u00e1ticas, Libertad a los presos pol\u00edticos, Retorno de exiliados y Queremos puestos de trabajo&#8230; (y dado que ello) no debe menoscabar los leg\u00edtimos derechos de los dem\u00e1s ciudadanos a disfrutar de un clima de paz social, que no debe resultar alterado&#8230; y valorando el sentido de la intenci\u00f3n de los solicitantes, al ser inconveniente: por raz\u00f3n del momento de su expresi\u00f3n, precisamente el d\u00eda 1 de mayo&#8230; (en que) pueden ejercerse acciones en menoscabo de las libertades ciudadanas&#8230; poniendo en evidencia la ofensiva general y subversiva, de neto cariz comunista, que para tal fecha se pretende&#8230; en sorprendente coincidencia con hojas clandestinas de las organizaciones ilegales ASA, MC, PCE, PSOE y PTE (lo cual), puede dar lugar a alteraciones del orden p\u00fablico y la paz ciudadana, adem\u00e1s&#8230; de la vinculaci\u00f3n de varios solicitantes a organizaciones ilegales y a la vista de la legislaci\u00f3n vigente, HE ACORDADO no conceder la autorizaci\u00f3n solicitada\u00bb.<\/em><\/h5>\n<h5><em>A mediados de mayo, cuando la comisi\u00f3n ten\u00eda ya muy avanzada la preparaci\u00f3n del homenaje, y comprometida -a trav\u00e9s de las activas gestiones de varios de sus miembros- la participaci\u00f3n de eminentes personalidades, se ingenia por las dignas autoridades locales la realizaci\u00f3n de un pseudohomenaje previo que vaciara de contenido el que pretend\u00edamos efectuar. As\u00ed se hizo el 27 de mayo, descubri\u00e9ndose una placa -apresuradamente confeccionada y de contenido ambiguo- en la fachada de la casa natal del poeta. Asistieron al acto unas 700 personas, incluidos alcaldes de la provincia tra\u00eddos obligatoriamente, corporaciones de Fuente Vaqueros y provincial y dem\u00e1s elementos oficialistas. El ex ministro Julio Rodr\u00edguez ley\u00f3 un poema que intentaba imitar el estilo lorquiano.<\/em><\/h5>\n<h5><em>Mientras tanto, continu\u00e1bamos sin saber si se autorizar\u00eda el homenaje, el verdadero homenaje. Por aquellos d\u00edas vino a Granada Henry Kamm, antiguo amigo y redactor de The New York Times, a quien acompa\u00f1\u00e9 al lugar donde se supone sepultado al poeta; le present\u00e9 a varios miembros de la comisi\u00f3n y le pusimos en antecedentes de c\u00f3mo estaban las cosas. Nos prometi\u00f3 todo su apoyo, como efectivamente hizo. Con este respaldo, a sabiendas deque si se nos negaba la autorizaci\u00f3n el tema alcanzar\u00eda repercusi\u00f3n internacional, hice llegar , a trav\u00e9s de una amistad com\u00fan, a Manuel Fraga, ministro de la Gobernaci\u00f3n, la conveniencia de que ordenase la aprobaci\u00f3n del acto, en evitaci\u00f3n de trascendencias poco favorables a la imagen del Gobierno.<\/em><\/h5>\n<h5><em>The New York Times se hab\u00eda comprometido a publicar en la v\u00edspera del homenaje una extensa cr\u00f3nica de Kamm, contando sus circunstancias y antecedentes. As\u00ed lo hizo, efectivamente, el 4 de junio, dedic\u00e1ndole toda su segunda p\u00e1gina, en un gesto inusitado en un peri\u00f3dico de su importancia. Tampoco fue un gesto casual, porque con un peculiar olfato ve\u00eda venir los cambios que en corto tiempo se iban a producir en el pa\u00eds.<\/em><\/h5>\n<h5><em>El 3 de junio, el gobernador civil nos hizo llamar a Antonio Jim\u00e9nez Blanco y a m\u00ed al palacio de la Gran V\u00eda. Ignoro por qu\u00e9 personaliz\u00f3 en nosotros. Acababa de aprobarse el derecho de reuni\u00f3n. Con gesto desabrido nos comunic\u00f3 que el ministro hab\u00eda autorizado el acto, pero que s\u00f3lo se le permitir\u00eda una estricta duraci\u00f3n de 30 minutos.<\/em><\/h5>\n<h5><em>Por fin lleg\u00f3 la esperada fecha del 5 de junio. Tras un acto previo en el hospital Real, m\u00e1s de 10.000 personas llenaban por la tarde la amplia plaza de Fuente Vaqueros a los gritos de \u00ab\u00a1Federico&#8230; Amnist\u00eda, libertad!\u00bb. Todos mir\u00e1bamos de reojo a las numerosas fuerzas del orden p\u00fablico que, equipadas con armas de fuego, vigilaban amenazadoramente desde todos los tejados de la plaza.<\/em><\/h5>\n<h5><em>Bajo una gigantesca foto del poeta asesinado, a las cinco en punto, J. G. Ladr\u00f3n de Guevara, en nombre de la comisi\u00f3n, iniciaba el acto con la frase que se hizo famosa: \u00abTras 40 a\u00f1os de silencio, nos conceden media hora&#8230;\u00bb. Intervinieron, entre otros, Aurora Bautista, Nuria Espert, Blas de Otero, Lola Gaos, y por la familia, Manuel Fern\u00e1ndez Montesinos. Finalmente, Juan A. Rivas ley\u00f3 un comunicado de los grupos pol\u00edticos y Coordinaci\u00f3n Democr\u00e1tica.<\/em><\/h5>\n<h5><em>S\u00f3lo han transcurrido 10 a\u00f1os desde aquellos acontecimientos, pero ya parecen muy lejanos en la historia. Tal vez ello se deba a que un imparable clima de tolerancia nos aleja hasta inconmensurable distancia del oscurantismo de aquel reciente pasado. Aquel homenaje, en fin, fue un paso m\u00e1s, efectivamente, hacia la reconciliaci\u00f3n y convivencia fruct\u00edfera de todos los espa\u00f1oles.\u00bb<\/em><\/h5>\n<p class=\"nota_pie\">Jos\u00e9 Cazorla P\u00e9rez es catedr\u00e1tico de Derecho Pol\u00edtico de la universidad de Granada.<\/p>\n<h3 class=\"yt watch-title-container\"><span id=\"eow-title\" class=\"watch-title \" dir=\"ltr\" title=\"Primer homenaje a Federico Garcia Lorca. A\u00f1o 1976\">Primer homenaje a Federico Garcia Lorca. A\u00f1o 1976 VIDEO <\/span><\/h3>\n<p>Serie de im\u00e1genes sobre el primer homenaje realizado a Lorca tras la muerte de Franco en el a\u00f1o 1976. El homenaje se realiza en uno de los patios del Hospital Real (por la ma\u00f1ana) y en Fuente Vaqueros a las 5 de la tarde.<\/p>\n<div><\/div>\n<\/div>\n<div><a href=\"https:\/\/www.youtube.com\/watch?t=66&amp;v=ElegN5bOAAk\">https:\/\/www.youtube.com\/watch?t=66&amp;v=ElegN5bOAAk<\/a><\/div>\n","protected":false},"excerpt":{"rendered":"<p>Ladr\u00f3n de Guevara fue la primera voz del &#8216;5 a las 5&#8217;, en 1976, y,\u00a0&#8230;<\/p>\n","protected":false},"author":1,"featured_media":2202,"comment_status":"closed","ping_status":"closed","sticky":false,"template":"","format":"standard","meta":{"_coblocks_attr":"","_coblocks_dimensions":"","_coblocks_responsive_height":"","_coblocks_accordion_ie_support":"","jetpack_post_was_ever_published":false,"_jetpack_newsletter_access":"","_jetpack_dont_email_post_to_subs":false,"_jetpack_newsletter_tier_id":0,"_jetpack_memberships_contains_paywalled_content":false,"_jetpack_memberships_contains_paid_content":false,"footnotes":"","jetpack_publicize_message":"","jetpack_publicize_feature_enabled":true,"jetpack_social_post_already_shared":false,"jetpack_social_options":{"image_generator_settings":{"template":"highway","default_image_id":0,"enabled":false},"version":2}},"categories":[12,15],"tags":[798,797],"class_list":["post-2178","post","type-post","status-publish","format-standard","has-post-thumbnail","hentry","category-cultura","category-ultimas-noticias","tag-federico-ga-lorca","tag-fuente-vaqueros"],"jetpack_publicize_connections":[],"jetpack_featured_media_url":"https:\/\/i0.wp.com\/miradordeatarfe.es\/wp-content\/uploads\/2015\/06\/maxresdefault.jpg?fit=1440%2C1080&ssl=1","jetpack_likes_enabled":true,"jetpack_sharing_enabled":true,"_links":{"self":[{"href":"https:\/\/miradordeatarfe.es\/index.php?rest_route=\/wp\/v2\/posts\/2178","targetHints":{"allow":["GET"]}}],"collection":[{"href":"https:\/\/miradordeatarfe.es\/index.php?rest_route=\/wp\/v2\/posts"}],"about":[{"href":"https:\/\/miradordeatarfe.es\/index.php?rest_route=\/wp\/v2\/types\/post"}],"author":[{"embeddable":true,"href":"https:\/\/miradordeatarfe.es\/index.php?rest_route=\/wp\/v2\/users\/1"}],"replies":[{"embeddable":true,"href":"https:\/\/miradordeatarfe.es\/index.php?rest_route=%2Fwp%2Fv2%2Fcomments&post=2178"}],"version-history":[{"count":3,"href":"https:\/\/miradordeatarfe.es\/index.php?rest_route=\/wp\/v2\/posts\/2178\/revisions"}],"predecessor-version":[{"id":2181,"href":"https:\/\/miradordeatarfe.es\/index.php?rest_route=\/wp\/v2\/posts\/2178\/revisions\/2181"}],"wp:featuredmedia":[{"embeddable":true,"href":"https:\/\/miradordeatarfe.es\/index.php?rest_route=\/wp\/v2\/media\/2202"}],"wp:attachment":[{"href":"https:\/\/miradordeatarfe.es\/index.php?rest_route=%2Fwp%2Fv2%2Fmedia&parent=2178"}],"wp:term":[{"taxonomy":"category","embeddable":true,"href":"https:\/\/miradordeatarfe.es\/index.php?rest_route=%2Fwp%2Fv2%2Fcategories&post=2178"},{"taxonomy":"post_tag","embeddable":true,"href":"https:\/\/miradordeatarfe.es\/index.php?rest_route=%2Fwp%2Fv2%2Ftags&post=2178"}],"curies":[{"name":"wp","href":"https:\/\/api.w.org\/{rel}","templated":true}]}}