{"id":21845,"date":"2018-03-04T12:43:03","date_gmt":"2018-03-04T11:43:03","guid":{"rendered":"http:\/\/miradordeatarfe.es\/?p=21845"},"modified":"2018-03-04T12:49:19","modified_gmt":"2018-03-04T11:49:19","slug":"andalucia-hoy-autonomia-y-feminismo-juan-alfrddo-bellon","status":"publish","type":"post","link":"https:\/\/miradordeatarfe.es\/?p=21845","title":{"rendered":"ANDALUC\u00cdA HOY: AUTONOM\u00cdA Y FEMINISMO  por Juan Alfredo Bell\u00f3n"},"content":{"rendered":"<p><i><b>ANDALUC\u00cdA HOY: AUTONOM\u00cdA Y FEMINISMO, POR <\/b><\/i><b>JUAN ALFRDDO BELL\u00d3N <\/b><b>para\u00a0 EL MIRADOR DE ATARFE <\/b><b>del domingo 04-03-2018<\/b><!--more--><\/p>\n<p align=\"JUSTIFY\"><b> <\/b>Lo que aumenta con el tiempo, disminuye con la avalancha de los acontecimientos que a su paso se acumulan. As\u00ed resulta que son ya treinta y ocho los a\u00f1os pasados desde la proclamaci\u00f3n de la Autonom\u00eda Andaluza y bastantes m\u00e1s los puntos en que ha bajado la expectativa de soluciones que su vigencia ofrece a nuestros problemas cotidianos que cada vez son mayores y est\u00e1n m\u00e1s enquistados si observamos los acontecimientos de estos \u00faltimos d\u00edas. Y lo que digo vale desgraciadamente tambi\u00e9n para la Democracia. Y aunque me adhiero a aquellas palabras de J F. Kennedy pronunciadas desde el Berl\u00edn de la postguerra corrigiendo a quienes lo esperaban todo de Am\u00e9rica y no se preguntaban qu\u00e9 pod\u00eda o deb\u00eda esperar Am\u00e9rica de ellos, tengo que a\u00f1adir que las ideas de Am\u00e9rica, de Andaluc\u00eda y de la Democracia misma no se entienden sino como deales pol\u00edticos de fraternidad, igualdad y libertad para sus habitantes y que poco valen cuando acaban olvid\u00e1ndose en la vida diaria de la ciudadan\u00eda.<\/p>\n<p align=\"JUSTIFY\">Ahora, cuando las ideas progresistas no parecen persistir ni prevalecer facilmente en nuestra sociedad, cabe concluir que el verdadero progresismo consiste en apostar a fondo por la igualdad y por la libertad para alcanzarla en el marco de la fraternidad mayor posible, cosa que hacemos quienes luchamos desde Andaluc\u00eda por la autonom\u00eda igualitaria generalizada en Espa\u00f1a y en nuestra regi\u00f3n procurando romper as\u00ed pac\u00edficamente los moldes tradicionales de las relaciones de poder del centralismo con la periferia y del machismo con el feminismo en favor de las tesis del patriarcado. Por eso, la teor\u00eda pol\u00edtica de la emancipaci\u00f3n, basada en la consecuci\u00f3n pac\u00edfica de una nueva correlaci\u00f3n de fuerzas que favorezca el esp\u00edritu igualitario, tanto en el terreno geogr\u00e1fico como en el aspecto de g\u00e9nero y en las diferencias sociolaborales tal como el ideal de justicia retributiva al que aspiran hoy en d\u00eda nuestros cuerpos policiales municipal, nacional y de la guardia civil, como en el de las diferencias de g\u00e9nero que colocan a las mujeres en franca inferioridad frente a los varones aun cando desempe\u00f1en en su trabajo iguales cometidos.<\/p>\n<p align=\"JUSTIFY\">Y resulta curioso observar que, as\u00ed como no se han producido demasiados avances en el sentido de satisfacer las nuevas reivindicaciones, s\u00ed se han producido notables cambios en la libertad de plantear esas exigencias haci\u00e9ndolas adoptar y defender por una mayor parte de los colectivos sociales a quienes afectan.<\/p>\n<p align=\"JUSTIFY\">Y en resumidas cuentas, cabe decir que, en los tiempos que corren, las reivindicaciones auton\u00f3micas y territoriales espa\u00f1olas pasan por conseguir asentar las reclamaciones andaluzas hasta que el poder central acabe por denegar a las comunidades hasta ahora <i>hist\u00f3ricas<\/i> una cuota extrema y diferente de autonom\u00eda que la de Andaluc\u00eda y el resto de regiones espa\u00f1olas que a\u00fan no han accedido,. o lo han hecho parcialmente, al autogobierno perif\u00e9rico constitucional.<\/p>\n<p align=\"JUSTIFY\">De lo cual se infiere que el avance de los planteamientos progresistas y, si se me apura, revolucionarios pasa hoy para nosotros por el andalucismo firme sin concesiones al establecimiento del modelo asim\u00e9trico y el feminismo firme y radical basado en la defensa igualitaria de los derechos de la mujer y por el por el apoyo a las reivindicaciones laborales m\u00e1s evidentes de aquellos colectivos mayoritarios de amplias ra\u00edces populares por su importancia estrat\u00e9gica en el desenvolvimiento social como son las fuerzas de orden publico, los pensionistas y dem\u00e1s clases pasivas, los j\u00f3venes, los funcionarios, los ense\u00f1antes, los trabajadores dela salud, etc.<\/p>\n<p align=\"JUSTIFY\">Ni que decir tiene que estos planteamientos me llevan a adherirme a la pr\u00f3xima huelga general del d\u00eda ocho de marzo en favor de las reivindicaciones femeninas y de los planteamientos feministas que m\u00e1s pronto que tarde tienen que acabar por servir de palanca para transformar el actual <i>statu quo <\/i>de la sociedad<i> a<\/i>ndaluza y espa\u00f1ola en favor de uno de los colectivos m\u00e1s enraizados y progresistas, como es el de las mujeres, de la vida social y cultural de nuestra naci\u00f3n.<\/p>\n","protected":false},"excerpt":{"rendered":"<p>ANDALUC\u00cdA HOY: AUTONOM\u00cdA Y FEMINISMO, POR JUAN ALFRDDO BELL\u00d3N para\u00a0 EL MIRADOR DE ATARFE del&#8230;<\/p>\n","protected":false},"author":1,"featured_media":21846,"comment_status":"closed","ping_status":"closed","sticky":false,"template":"","format":"standard","meta":{"_coblocks_attr":"","_coblocks_dimensions":"","_coblocks_responsive_height":"","_coblocks_accordion_ie_support":"","jetpack_post_was_ever_published":false,"_jetpack_newsletter_access":"","_jetpack_dont_email_post_to_subs":false,"_jetpack_newsletter_tier_id":0,"_jetpack_memberships_contains_paywalled_content":false,"_jetpack_memberships_contains_paid_content":false,"footnotes":"","jetpack_publicize_message":"","jetpack_publicize_feature_enabled":true,"jetpack_social_post_already_shared":false,"jetpack_social_options":{"image_generator_settings":{"template":"highway","default_image_id":0,"enabled":false},"version":2}},"categories":[12,1161,186,36,44,15],"tags":[2293,172],"class_list":["post-21845","post","type-post","status-publish","format-standard","has-post-thumbnail","hentry","category-cultura","category-ciudadania","category-instituciones","category-opinion-de-juan-alfredo-bellon","category-noticias-de-hoy","category-ultimas-noticias","tag-8m","tag-andalucia"],"jetpack_publicize_connections":[],"jetpack_featured_media_url":"https:\/\/i0.wp.com\/miradordeatarfe.es\/wp-content\/uploads\/2018\/03\/fotonoticia_20170308214639_640.jpg?fit=640%2C360&ssl=1","jetpack_likes_enabled":true,"jetpack_sharing_enabled":true,"_links":{"self":[{"href":"https:\/\/miradordeatarfe.es\/index.php?rest_route=\/wp\/v2\/posts\/21845","targetHints":{"allow":["GET"]}}],"collection":[{"href":"https:\/\/miradordeatarfe.es\/index.php?rest_route=\/wp\/v2\/posts"}],"about":[{"href":"https:\/\/miradordeatarfe.es\/index.php?rest_route=\/wp\/v2\/types\/post"}],"author":[{"embeddable":true,"href":"https:\/\/miradordeatarfe.es\/index.php?rest_route=\/wp\/v2\/users\/1"}],"replies":[{"embeddable":true,"href":"https:\/\/miradordeatarfe.es\/index.php?rest_route=%2Fwp%2Fv2%2Fcomments&post=21845"}],"version-history":[{"count":2,"href":"https:\/\/miradordeatarfe.es\/index.php?rest_route=\/wp\/v2\/posts\/21845\/revisions"}],"predecessor-version":[{"id":21848,"href":"https:\/\/miradordeatarfe.es\/index.php?rest_route=\/wp\/v2\/posts\/21845\/revisions\/21848"}],"wp:featuredmedia":[{"embeddable":true,"href":"https:\/\/miradordeatarfe.es\/index.php?rest_route=\/wp\/v2\/media\/21846"}],"wp:attachment":[{"href":"https:\/\/miradordeatarfe.es\/index.php?rest_route=%2Fwp%2Fv2%2Fmedia&parent=21845"}],"wp:term":[{"taxonomy":"category","embeddable":true,"href":"https:\/\/miradordeatarfe.es\/index.php?rest_route=%2Fwp%2Fv2%2Fcategories&post=21845"},{"taxonomy":"post_tag","embeddable":true,"href":"https:\/\/miradordeatarfe.es\/index.php?rest_route=%2Fwp%2Fv2%2Ftags&post=21845"}],"curies":[{"name":"wp","href":"https:\/\/api.w.org\/{rel}","templated":true}]}}