{"id":21956,"date":"2018-03-11T11:48:34","date_gmt":"2018-03-11T10:48:34","guid":{"rendered":"http:\/\/miradordeatarfe.es\/?p=21956"},"modified":"2020-06-26T13:33:33","modified_gmt":"2020-06-26T11:33:33","slug":"mujeres-mujeres-mujeres-por-juan-alfredo-bellon","status":"publish","type":"post","link":"https:\/\/miradordeatarfe.es\/?p=21956","title":{"rendered":"\u00abMUJERES, MUJERES, MUJERES\u00bb por Juan Alfredo Bell\u00f3n"},"content":{"rendered":"<p><i><b>MUJERES, MUJERES, MUJERES. <\/b><\/i><b>JUAN ALFREDO BELL\u00d3N\u00a0 <\/b><b>para EL\u00a0 MIRADOR DE ATARFE <\/b><b>del domingo 11-03-2018<\/b><!--more--><\/p>\n<p align=\"JUSTIFY\">Qu\u00e9 buena idea tuvo quien pens\u00f3 en generalizar una acci\u00f3n feminista reivindicativa de los derechos de las mujeres a nivel mundial y la plante\u00f3 para que la convocatoria se realizara el d\u00eda 8 de marzo, D\u00eda Internacional de la Mujer Trabajadora, al un\u00edsono en todo el <i>mundo mundial<\/i> dejando la flexibilidad necesaria para que la convocatoria se adaptara a las condiciones en cada pa\u00eds a la situaci\u00f3n femenina y al estado de su lucha por la defensa de sus derechos.<\/p>\n<p align=\"JUSTIFY\">La de personas que se han referido a dicha iniciativa y la de grupos y colectivos de sendos g\u00e9neros que se han sentido llamados por sus autoras para responder de una u otra forma a las movilizaciones previstas, consistentes en lo fundamental en dos respuestas bien f\u00e1ciles: abandonar durante dos horas el trabajo familiar y\/o extrafamiliar y acudir a las manifestaciones publicas y concentraciones que se convoquen en sus territorios respectivos a favor de la causas de las mujeres y de su igualdad de derechos socio-pol\u00edticos, civiles y laborales.<\/p>\n<p align=\"JUSTIFY\">Partiendo de la base de representar algo m\u00e1s de la mitad de la sociedad, las convocantes pretend\u00edan demostrar que sin ellas la sociedad no puede funcionar con normalidad si faltaban a sus tareas p\u00fablicas y privadas cotidianas buscando alianzas con otros grupos populares progresistas (estudiantes, trabajadores, pensionistas y jubilados, cuidadores y usuarios de la sanidad, la educaci\u00f3n, las fuerzas y cuerpos de seguridad del Estado, funcionarios y profesionales del arte y de la cultura, etc.) y procurando hegemonizar un amplio movimiento popular y reivindicativo que desplace del poder al actual bloque del gobierno y sus aliados tradicionales.<\/p>\n<p align=\"JUSTIFY\">Lo cierto es que hasta la fecha no se hab\u00eda dejado de intentar una convergencia semejante pero nunca se logr\u00f3 convertirla en f\u00f3rmula exitosa que mostrara el camino para acabar con la hegemon\u00eda de la derecha e iniciar una nueva etapa en la v\u00eda de la emancipaci\u00f3n de los pueblos del mundo, tanto en el caso de las sociedades m\u00e1s avanzadas como en aquellas otras que por la agudizaci\u00f3n de sus contradicciones estructurales internas padecen las consecuencias m\u00e1s negativas de las actuales crisis del capitalismo.<\/p>\n<p align=\"JUSTIFY\">Y h\u00e9tenos aqu\u00ed que esta vez se ha conseguido dar con la tecla de una convocatoria intergeneracional exitosa en torno a m\u00e1s de seis millones de personas convocadas en contra de la pol\u00edtica gubernamental solo en nuestro pa\u00eds que, por poco que se hayan conseguido resultados semejantes en otras sociedades de nuestro entorno, pueden haber amenazado seriamente la correlaci\u00f3n de fuerzas y la estabilidad como resultado de la magnitud y rotundidad de las protestas del 8 de marzo.<\/p>\n<p align=\"JUSTIFY\">Solo hace falta explotar la aparici\u00f3n de las grietas que seguramente est\u00e1n resquebrajando los bloques hegem\u00f3nicos mientras en los grupos de elementos sociales enfrentados a ellos permanecemos unidos, ampliamos nuestras alianzas estrat\u00e9gicas y escalonamos las iniciativas como esta de la feminidad agredida por la desigualdad social que tanto \u00e9xito ha tenido en los acontecimientos que comento.<\/p>\n<p align=\"JUSTIFY\">Y ha bastado esta sucesi\u00f3n de felices reencuentros y coincidencias para que Espa\u00f1a ocupe de nuevo un lugar privilegiado en el conjunto de pa\u00edses que luchan por la igualdad mundial impulsada a ello por esta aspiraci\u00f3n transversal que ahora surca vertiginosamente nuestra sociedad en todas direcciones. Ojal\u00e1 este sea el primer paso de un nuevo reencuentro entre las vanguardias progresistas de los pa\u00edses europeos sin los que es impensable avanzar hacia la emancipaci\u00f3n definitiva de sus pueblos respectivos.<\/p>\n<p>&nbsp;<\/p>\n<p><b>para EL PLURAL y EL MIRADOR DE ATARFE<\/b><\/p>\n<p><b>del domingo 11-03-2018<\/b><\/p>\n<p align=\"JUSTIFY\">Qu\u00e9 buena idea tuvo quien pens\u00f3 en generalizar una acci\u00f3n feminista reivindicativa de los derechos de las mujeres a nivel mundial y la plante\u00f3 para que la convocatoria se realizara el d\u00eda 8 de marzo, D\u00eda Internacional de la Mujer Trabajadora, al un\u00edsono en todo el <i>mundo mundial<\/i> dejando la flexibilidad necesaria para que la convocatoria se adaptara a las condiciones en cada pa\u00eds a la situaci\u00f3n femenina y al estado de su lucha por la defensa de sus derechos.<\/p>\n<p align=\"JUSTIFY\">La de personas que se han referido a dicha iniciativa y la de grupos y colectivos de sendos g\u00e9neros que se han sentido llamados por sus autoras para responder de una u otra forma a las movilizaciones previstas, consistentes en lo fundamental en dos respuestas bien f\u00e1ciles: abandonar durante dos horas el trabajo familiar y\/o extrafamiliar y acudir a las manifestaciones publicas y concentraciones que se convoquen en sus territorios respectivos a favor de la causas de las mujeres y de su igualdad de derechos socio-pol\u00edticos, civiles y laborales.<\/p>\n<p align=\"JUSTIFY\">Partiendo de la base de representar algo m\u00e1s de la mitad de la sociedad, las convocantes pretend\u00edan demostrar que sin ellas la sociedad no puede funcionar con normalidad si faltaban a sus tareas p\u00fablicas y privadas cotidianas buscando alianzas con otros grupos populares progresistas (estudiantes, trabajadores, pensionistas y jubilados, cuidadores y usuarios de la sanidad, la educaci\u00f3n, las fuerzas y cuerpos de seguridad del Estado, funcionarios y profesionales del arte y de la cultura, etc.) y procurando hegemonizar un amplio movimiento popular y reivindicativo que desplace del poder al actual bloque del gobierno y sus aliados tradicionales.<\/p>\n<p align=\"JUSTIFY\">Lo cierto es que hasta la fecha no se hab\u00eda dejado de intentar una convergencia semejante pero nunca se logr\u00f3 convertirla en f\u00f3rmula exitosa que mostrara el camino para acabar con la hegemon\u00eda de la derecha e iniciar una nueva etapa en la v\u00eda de la emancipaci\u00f3n de los pueblos del mundo, tanto en el caso de las sociedades m\u00e1s avanzadas como en aquellas otras que por la agudizaci\u00f3n de sus contradicciones estructurales internas padecen las consecuencias m\u00e1s negativas de las actuales crisis del capitalismo.<\/p>\n<p align=\"JUSTIFY\">Y h\u00e9tenos aqu\u00ed que esta vez se ha conseguido dar con la tecla de una convocatoria intergeneracional exitosa en torno a m\u00e1s de seis millones de personas convocadas en contra de la pol\u00edtica gubernamental solo en nuestro pa\u00eds que, por poco que se hayan conseguido resultados semejantes en otras sociedades de nuestro entorno, pueden haber amenazado seriamente la correlaci\u00f3n de fuerzas y la estabilidad como resultado de la magnitud y rotundidad de las protestas del 8 de marzo.<\/p>\n<p align=\"JUSTIFY\">Solo hace falta explotar la aparici\u00f3n de las grietas que seguramente est\u00e1n resquebrajando los bloques hegem\u00f3nicos mientras en los grupos de elementos sociales enfrentados a ellos permanecemos unidos, ampliamos nuestras alianzas estrat\u00e9gicas y escalonamos las iniciativas como esta de la feminidad agredida por la desigualdad social que tanto \u00e9xito ha tenido en los acontecimientos que comento.<\/p>\n<p align=\"JUSTIFY\">Y ha bastado esta sucesi\u00f3n de felices reencuentros y coincidencias para que Espa\u00f1a ocupe de nuevo un lugar privilegiado en el conjunto de pa\u00edses que luchan por la igualdad mundial impulsada a ello por esta aspiraci\u00f3n transversal que ahora surca vertiginosamente nuestra sociedad en todas direcciones. Ojal\u00e1 este sea el primer paso de un nuevo reencuentro entre las vanguardias progresistas de los pa\u00edses europeos sin los que es impensable avanzar hacia la emancipaci\u00f3n definitiva de sus pueblos respectivos.<\/p>\n","protected":false},"excerpt":{"rendered":"<p>MUJERES, MUJERES, MUJERES. JUAN ALFREDO BELL\u00d3N\u00a0 para EL\u00a0 MIRADOR DE ATARFE del domingo 11-03-2018<\/p>\n","protected":false},"author":1,"featured_media":21958,"comment_status":"closed","ping_status":"closed","sticky":false,"template":"","format":"standard","meta":{"_coblocks_attr":"","_coblocks_dimensions":"","_coblocks_responsive_height":"","_coblocks_accordion_ie_support":"","jetpack_post_was_ever_published":false,"_jetpack_newsletter_access":"","_jetpack_dont_email_post_to_subs":false,"_jetpack_newsletter_tier_id":0,"_jetpack_memberships_contains_paywalled_content":false,"_jetpack_memberships_contains_paid_content":false,"footnotes":"","jetpack_publicize_message":"","jetpack_publicize_feature_enabled":true,"jetpack_social_post_already_shared":false,"jetpack_social_options":{"image_generator_settings":{"template":"highway","default_image_id":0,"enabled":false},"version":2}},"categories":[1161,14,36,44,15],"tags":[41,129,19],"class_list":["post-21956","post","type-post","status-publish","format-standard","has-post-thumbnail","hentry","category-ciudadania","category-feminismo","category-opinion-de-juan-alfredo-bellon","category-noticias-de-hoy","category-ultimas-noticias","tag-feminismo","tag-granada","tag-mujeres"],"jetpack_publicize_connections":[],"jetpack_featured_media_url":"https:\/\/i0.wp.com\/miradordeatarfe.es\/wp-content\/uploads\/2018\/03\/IMG_20180308_181152.jpg?fit=841%2C631&ssl=1","jetpack_likes_enabled":true,"jetpack_sharing_enabled":true,"_links":{"self":[{"href":"https:\/\/miradordeatarfe.es\/index.php?rest_route=\/wp\/v2\/posts\/21956","targetHints":{"allow":["GET"]}}],"collection":[{"href":"https:\/\/miradordeatarfe.es\/index.php?rest_route=\/wp\/v2\/posts"}],"about":[{"href":"https:\/\/miradordeatarfe.es\/index.php?rest_route=\/wp\/v2\/types\/post"}],"author":[{"embeddable":true,"href":"https:\/\/miradordeatarfe.es\/index.php?rest_route=\/wp\/v2\/users\/1"}],"replies":[{"embeddable":true,"href":"https:\/\/miradordeatarfe.es\/index.php?rest_route=%2Fwp%2Fv2%2Fcomments&post=21956"}],"version-history":[{"count":1,"href":"https:\/\/miradordeatarfe.es\/index.php?rest_route=\/wp\/v2\/posts\/21956\/revisions"}],"predecessor-version":[{"id":21959,"href":"https:\/\/miradordeatarfe.es\/index.php?rest_route=\/wp\/v2\/posts\/21956\/revisions\/21959"}],"wp:featuredmedia":[{"embeddable":true,"href":"https:\/\/miradordeatarfe.es\/index.php?rest_route=\/wp\/v2\/media\/21958"}],"wp:attachment":[{"href":"https:\/\/miradordeatarfe.es\/index.php?rest_route=%2Fwp%2Fv2%2Fmedia&parent=21956"}],"wp:term":[{"taxonomy":"category","embeddable":true,"href":"https:\/\/miradordeatarfe.es\/index.php?rest_route=%2Fwp%2Fv2%2Fcategories&post=21956"},{"taxonomy":"post_tag","embeddable":true,"href":"https:\/\/miradordeatarfe.es\/index.php?rest_route=%2Fwp%2Fv2%2Ftags&post=21956"}],"curies":[{"name":"wp","href":"https:\/\/api.w.org\/{rel}","templated":true}]}}