{"id":22131,"date":"2018-03-18T11:56:46","date_gmt":"2018-03-18T10:56:46","guid":{"rendered":"http:\/\/miradordeatarfe.es\/?p=22131"},"modified":"2018-03-16T18:59:57","modified_gmt":"2018-03-16T17:59:57","slug":"semanas-de-pasion-por-juan-alfredo-bellon","status":"publish","type":"post","link":"https:\/\/miradordeatarfe.es\/?p=22131","title":{"rendered":"SEMANAS DE PASI\u00d3N  por JUAN ALFREDO BELL\u00d3N"},"content":{"rendered":"<p><i><b>SEMANAS DE PASI\u00d3N\u00a0 <\/b><\/i><b>por JUAN ALFREDO BELL\u00d3N <\/b><b>para\u00a0 EL MIRADOR DE ATARFE <\/b><b>del domingo 18-03-2018<\/b><!--more--><\/p>\n<p align=\"JUSTIFY\">Este a\u00f1o todav\u00eda no se ha hecho p\u00fablico, o a m\u00ed no me ha llegado, ning\u00fan pron\u00f3stico meteorol\u00f3gico de la pr\u00f3xima Semana Santa, pero tengo la pr\u00e1ctica seguridad de que, en 2018, las procesiones van a volver a salir en catamar\u00e1n en la pr\u00e1ctica totalidad de Espa\u00f1a. Las razones de ese barrunto sociometeorol\u00f3gico son varias y todas de peso: que parece haberse roto el ciclo de la sequ\u00eda y, en consecuencia, haberse liberado la atracci\u00f3n hidrol\u00f3gica de la Sierra de los Alcornocales y del Veleta y que los rituales cristianos de la Pascua Florida merecen un castigo del Cielo por haber un obispo cat\u00f3lico comparado a las mujeres con el Maligno volviendo as\u00ed a la vieja tradici\u00f3n misog\u00ednica de las religiones monote\u00edstas y, cuando ocurre una de estas <i>salidas de madre<\/i>, <i>se desmadra<\/i> la ciclog\u00e9nesis explosiva y nos volvemos <i>hidroplurig\u00e9nicos<\/i> contra todas las leyes del Calendario Zaragozano y se precipita el ciclo regido por la Virgen de la Cueva de modo que los pasos, los palios y sus santos titulares no tendr\u00e1n m\u00e1s remedio que <i>regatear las inclemencias meterorol\u00f3gicas<\/i>.<\/p>\n<p align=\"JUSTIFY\">As\u00ed que esta y la pr\u00f3xima semana van a ser las dos primeras <i>de pasione<\/i>s hasta que llegue la tercera, que ser\u00e1 la propiamente semanasantera, aunque en las tres se van a derrochar veras y acaloramientos para defender las tesis propias y atacar las ajenas sobre la prisi\u00f3n permanente revisable al calor de los acontecimientos luctuosos que \u00faltimamente se han producido en nuestra naci\u00f3n, A tanto llega la disputa apasionada, que ha entrado en discusi\u00f3n interesada el significado y la oportunidad de la bufanda infantil azul que el ministro Zoido luci\u00f3 como trofeo en el funeral del ni\u00f1o Gabriel almeriense recientemente asesinado ni de si ese ministro perdi\u00f3 a uno de sus hijos en doloros\u00edsimas circunstancias. Vaya espect\u00e1culo que los interesados han dado hoy jueves quince de marzo al respecto. Y lo que nos rondar\u00e1s, morena\u2026<\/p>\n<p align=\"JUSTIFY\">El caso es que el numerito colectivo de prensa, pol\u00edticos y equipos informativos de radio y televisi\u00f3n en Almer\u00eda ha sido descomunalmente carro\u00f1ero tocando casi todos con un palo en el culo met\u00e1lico del cubo donde comen su dieta copr\u00f3fila los cerdos del lugar. Y hay que ver el ritmo con el que sonaban las melod\u00edas y el son que tra\u00edan acompasado en el tam-tam radiof\u00f3nico de la tribu. \u00a1Anda que no ni nada!<\/p>\n<p align=\"JUSTIFY\">Y luego el rumor callejero (dicen que el padre ten\u00eda que estar metido en el ajo) y el desasosiego informativo:-No puede ser que la t\u00eda lo tuviera tan ciego y tan enga\u00f1ado por muy bruja que fuera. Y el P<i>esca\u00edto<\/i>, ang\u00e9lico m\u00edo, tan fuera de todo, corderito pascual, sin enterarse de nada, <i>Iesus Nazarenum Rex Iudeorum. <\/i>Pobre madre, que nunca tenga que pasar una por eso. Mira si no, el ministro gordico ese; que tambi\u00e9n perdi\u00f3 un hijo en un accidente, con qu\u00e9 propiedad llevaba la bufanda en el cortejo, con una mano y a la Soraya con la otra. Eso son lutos, <i>duelos y quebrantos.<\/i> Con los padres de las otras v\u00edctimas recientes, apoyando la prisi\u00f3n permanente revisable y el gent\u00edo en el templo y en la calle, y el chiquiller\u00edo del Instituto, chilla que te chilla, pidiendo la pena de muerte. <i>Ecce mulier,<\/i> ah\u00ed la ten\u00e9is, es toda vuestra<i>.<\/i><\/p>\n<p align=\"JUSTIFY\"><i> <\/i>Semanas de Pasi\u00f3n<i>, <\/i>primavera cercana, Pascua Florida, lirios y crisantemos, roscos de Jes\u00fas y Mar\u00eda, torrijas con miel, vino, huevo y az\u00facar. Potaje de Semana Santa, garbanzos, bacalao y espinacas. Acelgas y espinas coronando a la bruja del cuento de Gloria Fuertes y del poema de Goyti<i>solo: Hab\u00eda una vez \/ un pr\u00edncipe malo, \/ una bruja hermosa \/ y un pirata honrado. \/ Todas esas cosas \/ hab\u00eda una vez \/ en que yo so\u00f1aba \/ un mundo al rev\u00e9s.<\/i><\/p>\n<p align=\"JUSTIFY\"><i> Alguna<\/i> de estas tragedias rurales del Campo de N\u00edjar fue la que pudo inspirar a Federico Garc\u00eda Lorca para escribir <i>Bodas de Sangre <\/i>solo que ahora la historia tiene la modernidad que le confiere la actualidad de la inmigraci\u00f3n Americana a Europa, por lo que Andaluc\u00eda, la Isla de Albor\u00e1n y el eje Este \/ Oeste del Mediterr\u00e1neo han sido desplazados por el escenario Atl\u00e1ntico y su eje Este \/ Oeste sobre el que Donald Trump, en su propio continente, Dios lo confunda, est\u00e1 procurando ejercer sus designios y quimeras en forma de Gran Muralla China.<\/p>\n","protected":false},"excerpt":{"rendered":"<p>SEMANAS DE PASI\u00d3N\u00a0 por JUAN ALFREDO BELL\u00d3N para\u00a0 EL MIRADOR DE ATARFE del domingo 18-03-2018<\/p>\n","protected":false},"author":1,"featured_media":22132,"comment_status":"closed","ping_status":"closed","sticky":false,"template":"","format":"standard","meta":{"_coblocks_attr":"","_coblocks_dimensions":"","_coblocks_responsive_height":"","_coblocks_accordion_ie_support":"","jetpack_post_was_ever_published":false,"_jetpack_newsletter_access":"","_jetpack_dont_email_post_to_subs":false,"_jetpack_newsletter_tier_id":0,"_jetpack_memberships_contains_paywalled_content":false,"_jetpack_memberships_contains_paid_content":false,"footnotes":"","jetpack_publicize_message":"","jetpack_publicize_feature_enabled":true,"jetpack_social_post_already_shared":false,"jetpack_social_options":{"image_generator_settings":{"template":"highway","default_image_id":0,"enabled":false},"version":2}},"categories":[12,1161,36,44,15],"tags":[315,4750],"class_list":["post-22131","post","type-post","status-publish","format-standard","has-post-thumbnail","hentry","category-cultura","category-ciudadania","category-opinion-de-juan-alfredo-bellon","category-noticias-de-hoy","category-ultimas-noticias","tag-semana-santa","tag-teimpo"],"jetpack_publicize_connections":[],"jetpack_featured_media_url":"https:\/\/i0.wp.com\/miradordeatarfe.es\/wp-content\/uploads\/2018\/03\/images-3.jpg?fit=300%2C168&ssl=1","jetpack_likes_enabled":true,"jetpack_sharing_enabled":true,"_links":{"self":[{"href":"https:\/\/miradordeatarfe.es\/index.php?rest_route=\/wp\/v2\/posts\/22131","targetHints":{"allow":["GET"]}}],"collection":[{"href":"https:\/\/miradordeatarfe.es\/index.php?rest_route=\/wp\/v2\/posts"}],"about":[{"href":"https:\/\/miradordeatarfe.es\/index.php?rest_route=\/wp\/v2\/types\/post"}],"author":[{"embeddable":true,"href":"https:\/\/miradordeatarfe.es\/index.php?rest_route=\/wp\/v2\/users\/1"}],"replies":[{"embeddable":true,"href":"https:\/\/miradordeatarfe.es\/index.php?rest_route=%2Fwp%2Fv2%2Fcomments&post=22131"}],"version-history":[{"count":1,"href":"https:\/\/miradordeatarfe.es\/index.php?rest_route=\/wp\/v2\/posts\/22131\/revisions"}],"predecessor-version":[{"id":22133,"href":"https:\/\/miradordeatarfe.es\/index.php?rest_route=\/wp\/v2\/posts\/22131\/revisions\/22133"}],"wp:featuredmedia":[{"embeddable":true,"href":"https:\/\/miradordeatarfe.es\/index.php?rest_route=\/wp\/v2\/media\/22132"}],"wp:attachment":[{"href":"https:\/\/miradordeatarfe.es\/index.php?rest_route=%2Fwp%2Fv2%2Fmedia&parent=22131"}],"wp:term":[{"taxonomy":"category","embeddable":true,"href":"https:\/\/miradordeatarfe.es\/index.php?rest_route=%2Fwp%2Fv2%2Fcategories&post=22131"},{"taxonomy":"post_tag","embeddable":true,"href":"https:\/\/miradordeatarfe.es\/index.php?rest_route=%2Fwp%2Fv2%2Ftags&post=22131"}],"curies":[{"name":"wp","href":"https:\/\/api.w.org\/{rel}","templated":true}]}}