{"id":22217,"date":"2018-03-20T13:10:42","date_gmt":"2018-03-20T12:10:42","guid":{"rendered":"http:\/\/miradordeatarfe.es\/?p=22217"},"modified":"2018-03-20T13:10:42","modified_gmt":"2018-03-20T12:10:42","slug":"atarfe-comienza-la-feria-de-la-ciencia-2018","status":"publish","type":"post","link":"https:\/\/miradordeatarfe.es\/?p=22217","title":{"rendered":"ATARFE COMIENZA LA FERIA DE LA CIENCIA 2018"},"content":{"rendered":"<p style=\"text-align: justify;\">Hoy se ha inaugurdo la IX edici\u00f3n de la Feria de la Ciencia de Atarfe, un espacio donde se muestran las distintas experiencias cient\u00edficas en las que los escolares han venido trabajando desde el inicio del curso. Ma\u00f1ana en la plaza de santa ana se exponen las distintas experiencias de los diferentes centros de Atarfe<!--more--><\/p>\n<p style=\"text-align: justify;\">Alumnos de todos los colegios e institutos de Atarfe participan del 20 al 22 de marzo en la IX edici\u00f3n de la Feria de la Ciencia, un espacio donde se muestran las distintas experiencias cient\u00edficas en las que los escolares han venido trabajando desde el inicio del curso.<\/p>\n<p style=\"text-align: justify;\">La concejal de Educaci\u00f3n y Cultura del Ayuntamiento de Atarfe, Fabiola Garc\u00eda Montijano, y el delegado de Educaci\u00f3n de la Junta de Andaluc\u00eda en Granada, Germ\u00e1n Gonz\u00e1lez, han inaugurado hoy, en el Centro Cultural Medina Elvira, junto a los directores de los centros educativos, profesorado y alumnos de todos los colegios, una nueva edici\u00f3n dedicada a la energ\u00eda.<\/p>\n<p style=\"text-align: justify;\"><img data-recalc-dims=\"1\" decoding=\"async\" src=\"https:\/\/i0.wp.com\/www.atarfe.es\/data\/CoreImages\/feria-de-la-ciencia-presentacion-web.jpg?w=640\" alt=\"\" \/><\/p>\n<p style=\"text-align: justify;\">La concejal Fabiola Garc\u00eda Montijano ha destacado la labor que viene desarrollando la comunidad educativa de Atarfe para \u201cdespertar la vocaci\u00f3n cient\u00edfica de los alumnos\u201d. \u201cExperiencias como la de la Feria de la Ciencia son ya un referente para otros municipios andaluces y ello es posible gracias a la uni\u00f3n de la comunidad formada por alumnos, docentes y padres\u201d, ha subrayado.<\/p>\n<p style=\"text-align: justify;\">La representante del Instituto Geol\u00f3gico y Minero de Espa\u00f1a, Ana Ruiz Cost\u00e1n, ha ofrecido a continuaci\u00f3n una conferencia did\u00e1ctica sobre volcanes y terremotos que ha titulado &#8216;Energ\u00eda que mueve la tierra&#8217;.<\/p>\n<p style=\"text-align: justify;\"><img data-recalc-dims=\"1\" decoding=\"async\" src=\"https:\/\/i0.wp.com\/www.atarfe.es\/data\/CoreImages\/ana-ruiz-costan-web.jpg?w=640\" alt=\"\" \/><\/p>\n<p style=\"text-align: justify;\">Este a\u00f1o la Feria de Atarfe traslada parte de su actividad al Paseo de Santa Ana, donde se instalar\u00e1n expositores para que los alumnos de los distintos centros educativos muestren los conocimientos cient\u00edficos adquiridos durante el curso mediante sencillos experimentos y ensayos. Las conferencias y algunos talleres se celebrar\u00e1n en el Centro Cultural Medina Elvira.<\/p>\n<p style=\"text-align: justify;\">El programa incluye talleres, charlas, proyecci\u00f3n de videos, cocina cient\u00edfica (Atarfechef), teatro y, como novedad, el Radioscopio de Canal Sur, un programa en directo para contar minuto a minuto lo que va pasando que se podr\u00e1 seguir a trav\u00e9s de la web:<a href=\"https:\/\/feriacienciaatarfe.blogspot.com.es\/\"> https:\/\/feriacienciaatarfe.blogspot.com.es\/<\/a><\/p>\n<p style=\"text-align: justify;\">La Feria de la Ciencia es posible gracias al apoyo del Ayuntamiento de Atarfe, la Consejer\u00eda de Educaci\u00f3n, la Fundaci\u00f3n Descubre, la Universidad de Granada, la Diputaci\u00f3n y el Parque las Ciencias, adem\u00e1s de distintas entidades y negocios. Entre los colegios participantes figuran el CEIP Atalaya, CEIP Clara Campoamor, CEIP Dr. Jim\u00e9nez Rueda, CEIP Fernando de los R\u00edos, CEIP Medina Elvira, SAFA, IES Il\u00edberis, IES Vega, SEPER Mariana Pineda y Nova Scholl Medina Elvira.<\/p>\n<p>&nbsp;<\/p>\n<p><a href=\"https:\/\/i0.wp.com\/miradordeatarfe.es\/wp-content\/uploads\/2018\/03\/pro.png?ssl=1\"><img data-recalc-dims=\"1\" loading=\"lazy\" decoding=\"async\" class=\"alignnone size-medium wp-image-22223\" src=\"https:\/\/i0.wp.com\/miradordeatarfe.es\/wp-content\/uploads\/2018\/03\/pro.png?resize=300%2C217&#038;ssl=1\" alt=\"\" width=\"300\" height=\"217\" srcset=\"https:\/\/i0.wp.com\/miradordeatarfe.es\/wp-content\/uploads\/2018\/03\/pro.png?resize=300%2C217&amp;ssl=1 300w, https:\/\/i0.wp.com\/miradordeatarfe.es\/wp-content\/uploads\/2018\/03\/pro.png?resize=768%2C554&amp;ssl=1 768w, https:\/\/i0.wp.com\/miradordeatarfe.es\/wp-content\/uploads\/2018\/03\/pro.png?resize=600%2C433&amp;ssl=1 600w, https:\/\/i0.wp.com\/miradordeatarfe.es\/wp-content\/uploads\/2018\/03\/pro.png?w=823&amp;ssl=1 823w\" sizes=\"auto, (max-width: 300px) 100vw, 300px\" \/><\/a><\/p>\n<p>Consulta la programaci\u00f3n de la Feria de la Ciencia de Atarfe en <a href=\"http:\/\/www.atarfe.es\/data\/CoreFiles\/triptico-atarfe-2-1.pdf\" target=\"_blank\" rel=\"noopener\"><strong>este enlace<\/strong><\/a>.<\/p>\n<p>&nbsp;<\/p>\n<p>&nbsp;<\/p>\n<hr class=\"invisible\" \/>\n","protected":false},"excerpt":{"rendered":"<p>Hoy se ha inaugurdo la IX edici\u00f3n de la Feria de la Ciencia de Atarfe,&#8230;<\/p>\n","protected":false},"author":1,"featured_media":22224,"comment_status":"closed","ping_status":"closed","sticky":false,"template":"","format":"standard","meta":{"_coblocks_attr":"","_coblocks_dimensions":"","_coblocks_responsive_height":"","_coblocks_accordion_ie_support":"","jetpack_post_was_ever_published":false,"_jetpack_newsletter_access":"","_jetpack_dont_email_post_to_subs":false,"_jetpack_newsletter_tier_id":0,"_jetpack_memberships_contains_paywalled_content":false,"_jetpack_memberships_contains_paid_content":false,"footnotes":"","jetpack_publicize_message":"","jetpack_publicize_feature_enabled":true,"jetpack_social_post_already_shared":false,"jetpack_social_options":{"image_generator_settings":{"template":"highway","default_image_id":0,"enabled":false},"version":2}},"categories":[2,187,44,15],"tags":[81,588,247],"class_list":["post-22217","post","type-post","status-publish","format-standard","has-post-thumbnail","hentry","category-atarfe","category-centros-educativos","category-noticias-de-hoy","category-ultimas-noticias","tag-atarfe","tag-energia","tag-feria-de-la-ciencia"],"jetpack_publicize_connections":[],"jetpack_featured_media_url":"https:\/\/i0.wp.com\/miradordeatarfe.es\/wp-content\/uploads\/2018\/03\/feria-de-la-ciencia-web-3.jpg?fit=700%2C466&ssl=1","jetpack_likes_enabled":true,"jetpack_sharing_enabled":true,"_links":{"self":[{"href":"https:\/\/miradordeatarfe.es\/index.php?rest_route=\/wp\/v2\/posts\/22217","targetHints":{"allow":["GET"]}}],"collection":[{"href":"https:\/\/miradordeatarfe.es\/index.php?rest_route=\/wp\/v2\/posts"}],"about":[{"href":"https:\/\/miradordeatarfe.es\/index.php?rest_route=\/wp\/v2\/types\/post"}],"author":[{"embeddable":true,"href":"https:\/\/miradordeatarfe.es\/index.php?rest_route=\/wp\/v2\/users\/1"}],"replies":[{"embeddable":true,"href":"https:\/\/miradordeatarfe.es\/index.php?rest_route=%2Fwp%2Fv2%2Fcomments&post=22217"}],"version-history":[{"count":1,"href":"https:\/\/miradordeatarfe.es\/index.php?rest_route=\/wp\/v2\/posts\/22217\/revisions"}],"predecessor-version":[{"id":22225,"href":"https:\/\/miradordeatarfe.es\/index.php?rest_route=\/wp\/v2\/posts\/22217\/revisions\/22225"}],"wp:featuredmedia":[{"embeddable":true,"href":"https:\/\/miradordeatarfe.es\/index.php?rest_route=\/wp\/v2\/media\/22224"}],"wp:attachment":[{"href":"https:\/\/miradordeatarfe.es\/index.php?rest_route=%2Fwp%2Fv2%2Fmedia&parent=22217"}],"wp:term":[{"taxonomy":"category","embeddable":true,"href":"https:\/\/miradordeatarfe.es\/index.php?rest_route=%2Fwp%2Fv2%2Fcategories&post=22217"},{"taxonomy":"post_tag","embeddable":true,"href":"https:\/\/miradordeatarfe.es\/index.php?rest_route=%2Fwp%2Fv2%2Ftags&post=22217"}],"curies":[{"name":"wp","href":"https:\/\/api.w.org\/{rel}","templated":true}]}}