{"id":2224,"date":"2015-06-09T09:40:49","date_gmt":"2015-06-09T09:40:49","guid":{"rendered":"http:\/\/miradordeatarfe.es\/?p=2224"},"modified":"2015-06-10T08:16:06","modified_gmt":"2015-06-10T08:16:06","slug":"si-sigues-en-paro-y-no-tienes-derecho-a-prestacion-ni-a-subsidio-solicita-la-renta-activa-de-insercion-rai","status":"publish","type":"post","link":"https:\/\/miradordeatarfe.es\/?p=2224","title":{"rendered":"Si sigues en paro y no tienes derecho a prestaci\u00f3n ni a subsidio, solicita la renta activa de inserci\u00f3n (RAI)"},"content":{"rendered":"<p><em><strong>La Renta se percibir\u00e1 por un m\u00e1ximo de 11 meses.<\/strong><\/em><!--more--><\/p>\n<div>\u00a0<strong>Requisitos Generales para ser beneficiario:<\/strong><\/div>\n<ul>\n<li>Estar desempleado e inscrito como demandante de empleo, mantener dicha inscripci\u00f3n durante todo el per\u00edodo de percepci\u00f3n y suscribir el compromiso de actividad.<\/li>\n<li>Ser menor de 65 a\u00f1os.<\/li>\n<li>No tener derecho a la prestaci\u00f3n contributiva ni al subsidio por desempleo, ni a la renta agraria.<\/li>\n<li>No tener ingresos propios, en c\u00f3mputo mensual, superiores al 75 % del Salario M\u00ednimo Interprofesioal (SMI)\u00a0 excluida la parte proporcional de dos pagas extraordinarias.<\/li>\n<li>Que la suma de los ingresos mensuales obtenidos por todos los miembros de su unidad familiar, (usted, su c\u00f3nyuge y sus hijos menores de 26 a\u00f1os o mayores con discapacidad o menores acogidos), dividida por el n\u00famero de miembros que la componen no supere el 75 % del SMI, excluida la parte proporcional de dos pagas extraordinarias.<\/li>\n<li>No haber sido beneficiario del Programa de Renta Activa de Inserci\u00f3n en los 365 d\u00edas naturales anteriores a la fecha de solicitud del derecho a la admisi\u00f3n del programa, salvo en el caso de v\u00edctimas de violencia g\u00e9nero o v\u00edctimas de violencia dom\u00e9stica y personas con discapacidad.<\/li>\n<li>No haber sido beneficiario de tres Programas de Renta Activa de Inserci\u00f3n anteriores.<\/li>\n<\/ul>\n<p><strong>Si usted es desempleado de larga duraci\u00f3n:<\/strong><\/p>\n<ul>\n<li>Tener 45 o m\u00e1s a\u00f1os de edad.<\/li>\n<li>Haber extinguido una prestaci\u00f3n contributiva o subsidio por desempleo, salvo por sanci\u00f3n.<\/li>\n<li>Estar inscrito ininterrumpidamente en la oficina de empleo como demandante de empleo durante 12 o m\u00e1s meses. Se considera interrumpida la demanda si se ha trabajado 90 o m\u00e1s d\u00edas en el a\u00f1o anterior a la fecha de solicitud o si se ha salido al extranjero.<\/li>\n<\/ul>\n<p><strong>Si usted es persona con discapacidad:<\/strong><\/p>\n<ul>\n<li>Tener reconocido un grado de discapacidad igual o superior al 33 % o ser pensionista por incapacidad.<\/li>\n<li>Haber extinguido una prestaci\u00f3n contributiva o subsidio por desempleo, salvo por sanci\u00f3n.<\/li>\n<li>Estar inscrito ininterrumpidamente en la oficina de empleo como demandante de empleo durante 12 o m\u00e1s meses (conforme a lo establecido para los desempleados de larga duraci\u00f3n).<\/li>\n<\/ul>\n<p><strong>Si usted es emigrante retornado:<\/strong><\/p>\n<ul>\n<li>Tener 45 o m\u00e1s a\u00f1os de edad.<\/li>\n<li>Haber trabajado al menos 6 meses en el extranjero desde la \u00faltima salida de Espa\u00f1a y haber retornado en los 12 meses anteriores a la solicitud.<\/li>\n<\/ul>\n<p><strong>Si usted es v\u00edctima de violencia de g\u00e9nero o dom\u00e9stica:<\/strong><\/p>\n<ul>\n<li>Acreditar la condici\u00f3n de v\u00edctima de violencia de g\u00e9nero o v\u00edctima de violencia dom\u00e9stica mediante certificaci\u00f3n de los Servicios Sociales de la Administraci\u00f3n competente o del centro de acogida, por resoluci\u00f3n judicial, orden de protecci\u00f3n o informe del Ministerio Fiscal.<\/li>\n<\/ul>\n<p>En todos los casos, para ser beneficiarios del Programa los trabajadores deber\u00e1n suscribir un Compromiso de Actividad, en virtud del cual manifiestan su plena disponibilidad para buscar activamente empleo, para trabajar y para participar en las distintas actuaciones favorecedoras de su inserci\u00f3n laboral que, con posterioridad, se acuerden con los Servicios P\u00fablicos de Empleo.<\/p>\n<p><strong>Tramitaci\u00f3n.<\/strong> Para incorporarse al Programa los trabajadores deber\u00e1n encontrarse en desempleo total, demandando empleo, solicitar dicha incorporaci\u00f3n por procedimientos electr\u00f3nicos a trav\u00e9s de la p\u00e1gina https:\/\/sede.sepe.gob.es, en la oficina de prestaciones que les corresponda (tras la obtenci\u00f3n de cita previa en la sede electr\u00f3nica del Servicio P\u00fablico de Empleo Estatal o en el tel\u00e9fono 901 01 02 10), en los registros del Servicio P\u00fablico de Empleo o de otras Administraciones, incluidas las locales con las que exista convenio, en cualquier oficina de registro p\u00fablico o dirigi\u00e9ndose por correo administrativo. Deber\u00e1n reunir y acreditar los requisitos exigidos en el momento de la solicitud y suscribir en esa misma fecha, el Compromiso de Actividad.<\/p>\n<p><strong>Duraci\u00f3n.<\/strong> La Renta se percibir\u00e1 por un m\u00e1ximo de 11 meses.<\/p>\n<p><strong>Cuant\u00eda.<\/strong> La cuant\u00eda de la Renta ser\u00e1 igual al 80 % del Indicador P\u00fablico de Renta de Efectos M\u00faltiples (IPREM).<\/p>\n<p><strong>Incompatibilidades.<\/strong><\/p>\n<ul>\n<li>Con la obtenci\u00f3n de ingresos de cualquier naturaleza por cuant\u00eda superior al 75 % del SMI, excluida la parte proporcional de dos pagas extraordinarias, sin que se computen a estos efectos los que provengan de acciones o trabajos compatibles con la percepci\u00f3n de la Renta.<\/li>\n<li>Con las prestaciones o subsidios por desempleo y la Renta Agraria.<\/li>\n<li>Con las pensiones o prestaciones de car\u00e1cter econ\u00f3mico de la Seguridad Social que sean incompatibles con el trabajo o que, sin serlo, excedan en su cuant\u00eda de los l\u00edmites anteriormente indicados.<\/li>\n<li>Con la realizaci\u00f3n simult\u00e1nea de un trabajo por cuenta propia o por cuenta ajena a tiempo completo, sin perjuicio de poder percibir, en su caso, la ayuda prevista para incentivar el trabajo.<\/li>\n<li>Con las ayudas sociales que se pudieran reconocer a las v\u00edctimas de violencia de g\u00e9nero que no puedan participar en programas de empleo.<\/li>\n<li>Si Ud. se traslada al extranjero para la b\u00fasqueda o realizaci\u00f3n de trabajo o perfeccionamiento profesional o cooperaci\u00f3n internacional por un per\u00edodo inferior a seis meses, la percepci\u00f3n de la renta se interrumpe y al retorno puede solicitar su reanudaci\u00f3n.<\/li>\n<li>PUBLICADO EN : <a href=\"http:\/\/andaluciaorienta.net\/si-sigues-en-paro-y-no-tienes-derecho-a-prestacion-ni-a-subsidio-solicita-la-renta-activa-de-insercion-rai\/\">http:\/\/andaluciaorienta.net\/si-sigues-en-paro-y-no-tienes-derecho-a-prestacion-ni-a-subsidio-solicita-la-renta-activa-de-insercion-rai\/<\/a><\/li>\n<\/ul>\n","protected":false},"excerpt":{"rendered":"<p>La Renta se percibir\u00e1 por un m\u00e1ximo de 11 meses.<\/p>\n","protected":false},"author":1,"featured_media":2225,"comment_status":"closed","ping_status":"closed","sticky":false,"template":"","format":"standard","meta":{"_coblocks_attr":"","_coblocks_dimensions":"","_coblocks_responsive_height":"","_coblocks_accordion_ie_support":"","jetpack_post_was_ever_published":false,"_jetpack_newsletter_access":"","_jetpack_dont_email_post_to_subs":false,"_jetpack_newsletter_tier_id":0,"_jetpack_memberships_contains_paywalled_content":false,"_jetpack_memberships_contains_paid_content":false,"footnotes":"","jetpack_publicize_message":"","jetpack_publicize_feature_enabled":true,"jetpack_social_post_already_shared":false,"jetpack_social_options":{"image_generator_settings":{"template":"highway","default_image_id":0,"enabled":false},"version":2}},"categories":[15],"tags":[809,810],"class_list":["post-2224","post","type-post","status-publish","format-standard","has-post-thumbnail","hentry","category-ultimas-noticias","tag-psro","tag-subsidios"],"jetpack_publicize_connections":[],"jetpack_featured_media_url":"https:\/\/i0.wp.com\/miradordeatarfe.es\/wp-content\/uploads\/2015\/06\/RAI-300x162.jpg?fit=300%2C162&ssl=1","jetpack_likes_enabled":true,"jetpack_sharing_enabled":true,"_links":{"self":[{"href":"https:\/\/miradordeatarfe.es\/index.php?rest_route=\/wp\/v2\/posts\/2224","targetHints":{"allow":["GET"]}}],"collection":[{"href":"https:\/\/miradordeatarfe.es\/index.php?rest_route=\/wp\/v2\/posts"}],"about":[{"href":"https:\/\/miradordeatarfe.es\/index.php?rest_route=\/wp\/v2\/types\/post"}],"author":[{"embeddable":true,"href":"https:\/\/miradordeatarfe.es\/index.php?rest_route=\/wp\/v2\/users\/1"}],"replies":[{"embeddable":true,"href":"https:\/\/miradordeatarfe.es\/index.php?rest_route=%2Fwp%2Fv2%2Fcomments&post=2224"}],"version-history":[{"count":1,"href":"https:\/\/miradordeatarfe.es\/index.php?rest_route=\/wp\/v2\/posts\/2224\/revisions"}],"predecessor-version":[{"id":2226,"href":"https:\/\/miradordeatarfe.es\/index.php?rest_route=\/wp\/v2\/posts\/2224\/revisions\/2226"}],"wp:featuredmedia":[{"embeddable":true,"href":"https:\/\/miradordeatarfe.es\/index.php?rest_route=\/wp\/v2\/media\/2225"}],"wp:attachment":[{"href":"https:\/\/miradordeatarfe.es\/index.php?rest_route=%2Fwp%2Fv2%2Fmedia&parent=2224"}],"wp:term":[{"taxonomy":"category","embeddable":true,"href":"https:\/\/miradordeatarfe.es\/index.php?rest_route=%2Fwp%2Fv2%2Fcategories&post=2224"},{"taxonomy":"post_tag","embeddable":true,"href":"https:\/\/miradordeatarfe.es\/index.php?rest_route=%2Fwp%2Fv2%2Ftags&post=2224"}],"curies":[{"name":"wp","href":"https:\/\/api.w.org\/{rel}","templated":true}]}}