{"id":22262,"date":"2018-03-24T11:23:55","date_gmt":"2018-03-24T10:23:55","guid":{"rendered":"http:\/\/miradordeatarfe.es\/?p=22262"},"modified":"2018-03-23T10:38:54","modified_gmt":"2018-03-23T09:38:54","slug":"herido-en-mis-sentimientos-laicos","status":"publish","type":"post","link":"https:\/\/miradordeatarfe.es\/?p=22262","title":{"rendered":"\u00abHerido en mis sentimientos laicos\u00bb por Alberto Granados"},"content":{"rendered":"<p>El rollo que no cesa: constitucionalmente somos un pa\u00eds aconfesional, pero en la pr\u00e1ctica diaria la iglesia cat\u00f3lica cuenta con una insultante prevalencia que me resulta injustificable y la grey cat\u00f3lica tiene una disposici\u00f3n, parece que cong\u00e9nita, a sentirse ofendida en sus sentimientos religiosos a la menor broma, a un simple tweet o un meme que sobrevuela las redes. <!--more--><\/p>\n<p>Todo ser\u00eda anecd\u00f3tico si los jueces tuvieran claro que la iglesia cat\u00f3lica, como cualquier otra confesi\u00f3n, solo tienen una autoridad moral sobre los fieles que voluntariamente acaten el dogma y la moral cat\u00f3licos, siendo nula en los dem\u00e1s casos; si la instituci\u00f3n fundada por Cristo asumiera que su reino no es de este mundo y que los temas pol\u00edticos son competencia exclusiva de los cargos, electos o designados, que tienen la obligaci\u00f3n de llevar a cabo las medidas pol\u00edticas que en cada caso se requieran; si se aceptara que el humor, incluso el m\u00e1s chabacano o despiadado, es solo una v\u00e1lvula de escape del esp\u00edritu humano y que no tiene por qu\u00e9 autocensurarse en raz\u00f3n de esa moderna filosof\u00eda de lo pol\u00edticamente correcto, una forma encubierta (una m\u00e1s) de censura. Ya estoy harto de ver sentencias en que se arruina la vida de alguien por haber publicado en las redes una simple broma, por zafia que pueda ser, mientras los pol\u00edticos, empresarios y famosos corruptos quedan impunes una y otra vez, pese a que nos est\u00e1n empobreciendo a todos. \u00bfHemos perdido el norte definitivamente?<\/p>\n<p><a href=\"https:\/\/i0.wp.com\/miradordeatarfe.es\/wp-content\/uploads\/2018\/03\/obispos-haciendo-el-saludo-fascista-en-presencia-de-franco-imagen-tomada-de-laiscismo-org.jpg?ssl=1\"><img data-recalc-dims=\"1\" loading=\"lazy\" decoding=\"async\" class=\"size-medium wp-image-22263 aligncenter\" src=\"https:\/\/i0.wp.com\/miradordeatarfe.es\/wp-content\/uploads\/2018\/03\/obispos-haciendo-el-saludo-fascista-en-presencia-de-franco-imagen-tomada-de-laiscismo-org.jpg?resize=300%2C176&#038;ssl=1\" alt=\"\" width=\"300\" height=\"176\" srcset=\"https:\/\/i0.wp.com\/miradordeatarfe.es\/wp-content\/uploads\/2018\/03\/obispos-haciendo-el-saludo-fascista-en-presencia-de-franco-imagen-tomada-de-laiscismo-org.jpg?resize=300%2C176&amp;ssl=1 300w, https:\/\/i0.wp.com\/miradordeatarfe.es\/wp-content\/uploads\/2018\/03\/obispos-haciendo-el-saludo-fascista-en-presencia-de-franco-imagen-tomada-de-laiscismo-org.jpg?w=560&amp;ssl=1 560w\" sizes=\"auto, (max-width: 300px) 100vw, 300px\" \/><\/a><\/p>\n<p>Obispos haciendo el saludo fascista (Imagen tomada de laiscismo.org)<br \/>\nLa iglesia asumi\u00f3 sin el menor reparo \u00e9tico los postulados del franquismo, al que recubri\u00f3 de ideolog\u00eda cat\u00f3lica en el vano intento de enmascarar la realidad: que unos generales ambiciosos se hab\u00edan rebelado contra el gobierno legal para hacerse con un poder absoluto e inmisericorde, secuestrando a un pa\u00eds durante cuarenta a\u00f1os de partido \u00fanico, censura de prensa, ausencia de libertades civiles, dur\u00edsima represi\u00f3n que llen\u00f3 de muertos nuestras cunetas y, eso s\u00ed, una escenograf\u00eda religiosa m\u00e1s propia del barroco que del s. XX. Algo tan repugnante, tan violento y tan revanchista que la iglesia cat\u00f3lica camufl\u00f3 y justific\u00f3 con una desvergonzada complicidad. La iglesia obtuvo a cambio la prevalencia social, la presencia en las Cortes franquistas, el estar presente en la legislaci\u00f3n, en el centro mismo del poder.<br \/>\nPero tras la Constituci\u00f3n de 1978, en vez de asumir su nuevo papel (el de una instituci\u00f3n desprovista de poder civil y vinculada exclusivamente a la conciencia de sus fieles) ha seguido maniobrando y movilizando a su grey, de manera que no ha cesado de presionar en temas legislativos tales como el divorcio, el aborto, los matrimonios homosexuales, la asignatura de Educaci\u00f3n para la Ciudadan\u00eda y la legislaci\u00f3n educativa, ni de reclamar un dinero y unos bienes que no le pertenecen, demostrando que su espiritual universo es bastante m\u00e1s de este mundo de lo que evangelio asegura.<br \/>\nEn los \u00faltimos a\u00f1os, y siempre aprovechando leyes de la derecha (tambi\u00e9n del PSOE, que conste), ha inmatriculado bienes culturales y edificios notables, entre los que destaca la mezquita de C\u00f3rdoba, que ellos llaman ahora catedral; han intentado vender de tapadillo a Shoteby\u2019s unas vigas de la \u00e9poca del califato de la mencionada mezquita para que se subastaran; no tiene que pagar el IBI, como hacemos el resto de instituciones y ciudadanos; cobran entrada a sus museos y monasterios, entradas que no pagan IVA ni liquidan en Hacienda porque se consideran un donativo voluntario, mientras los libros pagan un abusivo e injustificable 21%\u2026, por no hablar de casos de pederastia que obtienen ben\u00e9volas sentencias.<\/p>\n<p><a href=\"https:\/\/i0.wp.com\/miradordeatarfe.es\/wp-content\/uploads\/2018\/03\/wyoming-rouco-varela-no-quiere-vivir-como-cristo-quiere-vivir-como-dios.jpg?ssl=1\"><img data-recalc-dims=\"1\" loading=\"lazy\" decoding=\"async\" class=\"size-medium wp-image-22264 aligncenter\" src=\"https:\/\/i0.wp.com\/miradordeatarfe.es\/wp-content\/uploads\/2018\/03\/wyoming-rouco-varela-no-quiere-vivir-como-cristo-quiere-vivir-como-dios.jpg?resize=300%2C176&#038;ssl=1\" alt=\"\" width=\"300\" height=\"176\" srcset=\"https:\/\/i0.wp.com\/miradordeatarfe.es\/wp-content\/uploads\/2018\/03\/wyoming-rouco-varela-no-quiere-vivir-como-cristo-quiere-vivir-como-dios.jpg?resize=300%2C176&amp;ssl=1 300w, https:\/\/i0.wp.com\/miradordeatarfe.es\/wp-content\/uploads\/2018\/03\/wyoming-rouco-varela-no-quiere-vivir-como-cristo-quiere-vivir-como-dios.jpg?w=560&amp;ssl=1 560w\" sizes=\"auto, (max-width: 300px) 100vw, 300px\" \/><\/a><\/p>\n<p>Wyoming: Rouco Varela no quiere vivir como Cristo. Quiere vivir como Dios.<br \/>\nLa jerarqu\u00eda cat\u00f3lica hace muy bien en defender su patrimonio (como har\u00edamos cualquiera) y su parcela de poder (repito: espiritual), pero el resto de la sociedad civil, empezando por los tres poderes b\u00e1sicos, tendr\u00edan que proteger nuestro patrimonio cultural, atajar las injerencias eclesiales en las decisiones del Estado, recibir el mismo tratamiento fiscal que cualquier empresa o instituci\u00f3n\u2026 En s\u00edntesis, la iglesia cat\u00f3lica, como cualquier otra confesi\u00f3n religiosa, deber\u00eda estarse en su sitio y limitar su presencia p\u00fablica a la atenci\u00f3n espiritual de sus fieles y sacar sus procesiones cuando toque y, a la vez, dejarle a los dem\u00e1s el ejercicio de sus funciones legislativas, ejecutivas o judiciales.<br \/>\nLa \u00faltima chispa entre sociedad civil (la \u00fanica que yo reconozco) e iglesia cat\u00f3lica ha surgido hace solo unos d\u00edas. Se ve que al abad de la bas\u00edlica del Valle de los Ca\u00eddos no le gusta demasiado la Ley de Memoria Hist\u00f3rica, por lo que ha estado obstaculizando que unos familiares de una de las v\u00edctimas de la contienda, que no Cruzada, recojan los restos, previamente identificados, de su pariente para darles sepultura. Tras un largo proceso judicial, el abad ha sido llamado a una comisi\u00f3n del Senado. Se ha negado a comparecer porque su trabajo se lo impide. Y algunos miembros de dicha comisi\u00f3n van a ir a verlo, en una injustificable incoherencia, una bajada de pantalones que no deber\u00edamos permitir. Me parece un comportamiento inaceptable. Que el abad burle una resoluci\u00f3n judicial y un requerimiento del Senado me parece de la misma gravedad que esas desobediencias aparejadas al proceso independentista catal\u00e1n, solo que mientras estas \u00faltimas han llevado a la c\u00e1rcel a parte de sus responsables, hasta el momento, el abad se regodea junto a la tumba de Franco sabi\u00e9ndose invulnerable, como en los tiempos del nacionalcatolicismo. Y es un hecho impresentable, un funesto precedente que se tomar\u00e1 como ejemplo de la parcialidad de los mecanismos del Estado cuando alguien incumpla la ley y sea severamente sancionado.<br \/>\nComo los cat\u00f3licos est\u00e1n a la que saltan en estos temas y se sienten ofendid\u00edsimos en su sensibilidad religiosa a la menor cr\u00edtica, deseo aclarar que no estoy atacando a la iglesia cat\u00f3lica (supongo que a estas alturas entender\u00e1n la diferencia entre cr\u00edtica y hostilidad), sino defendi\u00e9ndome de su falta de escr\u00fapulos, de su voracidad y de su desverg\u00fcenza, al tiempo que exijo a los poderes civiles que act\u00faen sin tanta contemplaci\u00f3n, como lo har\u00edan en cualquier otro caso mundano. Am\u00e9n.<\/p>\n<p>Alberto Granados<\/p>\n","protected":false},"excerpt":{"rendered":"<p>El rollo que no cesa: constitucionalmente somos un pa\u00eds aconfesional, pero en la pr\u00e1ctica diaria&#8230;<\/p>\n","protected":false},"author":1,"featured_media":22265,"comment_status":"closed","ping_status":"closed","sticky":false,"template":"","format":"standard","meta":{"_coblocks_attr":"","_coblocks_dimensions":"","_coblocks_responsive_height":"","_coblocks_accordion_ie_support":"","jetpack_post_was_ever_published":false,"_jetpack_newsletter_access":"","_jetpack_dont_email_post_to_subs":false,"_jetpack_newsletter_tier_id":0,"_jetpack_memberships_contains_paywalled_content":false,"_jetpack_memberships_contains_paid_content":false,"footnotes":"","jetpack_publicize_message":"","jetpack_publicize_feature_enabled":true,"jetpack_social_post_already_shared":false,"jetpack_social_options":{"image_generator_settings":{"template":"highway","default_image_id":0,"enabled":false},"version":2}},"categories":[39,1161,186,9,44,15],"tags":[1589,4766,146,28],"class_list":["post-22262","post","type-post","status-publish","format-standard","has-post-thumbnail","hentry","category-opinion-de-alberto-granados","category-ciudadania","category-instituciones","category-medio-ambiente","category-noticias-de-hoy","category-ultimas-noticias","tag-estado-laico","tag-fieles","tag-franco","tag-iglesia"],"jetpack_publicize_connections":[],"jetpack_featured_media_url":"https:\/\/i0.wp.com\/miradordeatarfe.es\/wp-content\/uploads\/2018\/03\/%C3%ADndice-9.jpg?fit=297%2C170&ssl=1","jetpack_likes_enabled":true,"jetpack_sharing_enabled":true,"_links":{"self":[{"href":"https:\/\/miradordeatarfe.es\/index.php?rest_route=\/wp\/v2\/posts\/22262","targetHints":{"allow":["GET"]}}],"collection":[{"href":"https:\/\/miradordeatarfe.es\/index.php?rest_route=\/wp\/v2\/posts"}],"about":[{"href":"https:\/\/miradordeatarfe.es\/index.php?rest_route=\/wp\/v2\/types\/post"}],"author":[{"embeddable":true,"href":"https:\/\/miradordeatarfe.es\/index.php?rest_route=\/wp\/v2\/users\/1"}],"replies":[{"embeddable":true,"href":"https:\/\/miradordeatarfe.es\/index.php?rest_route=%2Fwp%2Fv2%2Fcomments&post=22262"}],"version-history":[{"count":2,"href":"https:\/\/miradordeatarfe.es\/index.php?rest_route=\/wp\/v2\/posts\/22262\/revisions"}],"predecessor-version":[{"id":22267,"href":"https:\/\/miradordeatarfe.es\/index.php?rest_route=\/wp\/v2\/posts\/22262\/revisions\/22267"}],"wp:featuredmedia":[{"embeddable":true,"href":"https:\/\/miradordeatarfe.es\/index.php?rest_route=\/wp\/v2\/media\/22265"}],"wp:attachment":[{"href":"https:\/\/miradordeatarfe.es\/index.php?rest_route=%2Fwp%2Fv2%2Fmedia&parent=22262"}],"wp:term":[{"taxonomy":"category","embeddable":true,"href":"https:\/\/miradordeatarfe.es\/index.php?rest_route=%2Fwp%2Fv2%2Fcategories&post=22262"},{"taxonomy":"post_tag","embeddable":true,"href":"https:\/\/miradordeatarfe.es\/index.php?rest_route=%2Fwp%2Fv2%2Ftags&post=22262"}],"curies":[{"name":"wp","href":"https:\/\/api.w.org\/{rel}","templated":true}]}}