{"id":2249,"date":"2015-06-09T08:02:10","date_gmt":"2015-06-09T08:02:10","guid":{"rendered":"http:\/\/miradordeatarfe.es\/?p=2249"},"modified":"2015-06-10T07:53:40","modified_gmt":"2015-06-10T07:53:40","slug":"muere-pedro-zerolo-el-dirigente-socialista-luchaba-contra-un-cancer-de-pancreas-desde-hace-ano-y-medio","status":"publish","type":"post","link":"https:\/\/miradordeatarfe.es\/?p=2249","title":{"rendered":"Muere Pedro Zerolo El dirigente socialista luchaba contra un c\u00e1ncer de p\u00e1ncreas desde hace a\u00f1o y medio"},"content":{"rendered":"<p class=\"ademas\">El dirigente del PSOE Pedro Zerolo ha muerto esta noche en su casa de Madrid a los 54 a\u00f1os a causa del c\u00e1ncer de p\u00e1ncreas que padec\u00eda desde hace a\u00f1o y medio. Su estado de salud hab\u00eda empeorado en los \u00faltimos d\u00edas y ha fallecido rodeado de su marido, Jes\u00fas, y de su familia. Su capilla ardiente se instalar\u00e1 esta misma ma\u00f1ana en el patio de cristales de la Casa de la Villa, el antiguo Ayuntamiento de la capital, de acuerdo con la familia y por ofrecimiento de la alcaldesa en funciones, Ana Botella.<!--more--><\/p>\n<div id=\"sumario_1|apoyos\" class=\"derecha\"><\/div>\n<p style=\"text-align: justify;\">En enero de 2014, el miembro de la Ejecutiva del PSOE y\u00a0secretario de Movimientos Sociales de este partido anunci\u00f3 que sufr\u00eda la enfermedad en un comunicado en el que explicaba que, tras una revisi\u00f3n, le fue detectado un tumor que fue diagnosticado finalmente como c\u00e1ncer. Zerolo declaraba que pretend\u00eda \u00abluchar contra la enfermedad\u00bb y seguir con su \u00abtrabajo como servidor p\u00fablico de la ciudadan\u00eda madrile\u00f1a\u00bb y con su \u00abactivismo social\u00bb. De hecho, fue el n\u00famero tres de la candidatura del PSOE a la Comunidad de Madrid en las elecciones del 24-M.<\/p>\n<p style=\"text-align: justify;\">Nacido en Caracas (Venezuela) en 1960, aunque se cri\u00f3 en Tenerife, y veterano militante por los derechos sociales, en especial de las mujeres y de la comunidad homosexual y transexual, confesaba en su \u00faltima entrevista publicada en EL PA\u00cdS que, a pesar de la enfermedad, segu\u00eda siendo un volc\u00e1n. <strong>\u00ab<\/strong>Canario, de Tenerife, \u00a1como el Teide! Estoy enfermo, lo sabes. De la enfermedad aprend\u00ed que quien siembra recoge. Me ha sorprendido el cari\u00f1o an\u00f3nimo. Creo que para vencer esto no hay que tener miedo. El miedo se vence con tranquilidad, estando tranquilo con uno mismo. Sin miedo sientes que la vida est\u00e1 contigo\u2026\u00bb.<\/p>\n<p style=\"text-align: justify;\">En su perfil en Twitter, se defin\u00eda as\u00ed: \u00abActivista socialista, republicano, laico, feminista, ateo, migrante, federalista, lgtb, latino, abogado, concejal madrid, secretario movimientos sociales psoe\u00bb y, haciendo gala de ello, su \u00faltimo tuit fue una defensa de la mujer y una condena de la violencia de g\u00e9nero:<\/p>\n<div id=\"sumario_2|html\" class=\"centro\" style=\"text-align: justify;\"><\/div>\n<p style=\"text-align: justify;\">Zerolo fue durante muchos a\u00f1os concejal en el Ayuntamiento de la capital y unos meses presidente del Partido Socialista de Madrid desde la dimisi\u00f3n de Juan Barranco hasta la destituci\u00f3n de Tom\u00e1s G\u00f3mez como secretario general. Se postul\u00f3 como candidato auton\u00f3mico de los socialistas junto con Amparo Valcarce y \u00c1ngel Gabilondo y este lo incluy\u00f3 en su lista a la Asamblea de Madrid, aunque no estuvo presente en la presentaci\u00f3n de la candidatura. La \u00faltima vez que se le vio en un acto p\u00fablico fue con motivo del Comit\u00e9 Federal que el PSOE celebr\u00f3 el pasado 30 de mayo. No ha llegado a tomar posesi\u00f3n de su esca\u00f1o, ya que precisamente este martes se constituye el Parlamento regional. El candidato socialista a la Comunidad recogi\u00f3 ayer lunes la credencial de su compa\u00f1ero como diputado, ya que su estado de salud no le permiti\u00f3 hacerlo por \u00e9l mismo.<\/p>\n<p style=\"text-align: justify;\">Entrevistado por la cadena SER, Gabilondo ha expresado el \u00abdolor\u00bb por la p\u00e9rdida de quien ha definido como un \u00abhombre muy bueno con un compromiso extraordinario\u00bb. Ha recordado que ha estado trabajando mano a mano con \u00e9l \u00abhasta hace dos d\u00edas\u00bb. \u00abHa estado impuls\u00e1ndonos a todos con su aliento, un aliento fruto de sus fuertes convicciones\u00bb, ha remachado, para destacar la \u00abtristeza nacional\u00bb que est\u00e1 siendo un\u00e1nime por parte de todos los partidos en las redes sociales.<\/p>\n","protected":false},"excerpt":{"rendered":"<p>El dirigente del PSOE Pedro Zerolo ha muerto esta noche en su casa de Madrid&#8230;<\/p>\n","protected":false},"author":1,"featured_media":2250,"comment_status":"closed","ping_status":"closed","sticky":false,"template":"","format":"standard","meta":{"_coblocks_attr":"","_coblocks_dimensions":"","_coblocks_responsive_height":"","_coblocks_accordion_ie_support":"","jetpack_post_was_ever_published":false,"_jetpack_newsletter_access":"","_jetpack_dont_email_post_to_subs":false,"_jetpack_newsletter_tier_id":0,"_jetpack_memberships_contains_paywalled_content":false,"_jetpack_memberships_contains_paid_content":false,"footnotes":"","jetpack_publicize_message":"","jetpack_publicize_feature_enabled":true,"jetpack_social_post_already_shared":false,"jetpack_social_options":{"image_generator_settings":{"template":"highway","default_image_id":0,"enabled":false},"version":2}},"categories":[186,9,15],"tags":[820,821],"class_list":["post-2249","post","type-post","status-publish","format-standard","has-post-thumbnail","hentry","category-instituciones","category-medio-ambiente","category-ultimas-noticias","tag-muerte","tag-pedro-zerolo"],"jetpack_publicize_connections":[],"jetpack_featured_media_url":"https:\/\/i0.wp.com\/miradordeatarfe.es\/wp-content\/uploads\/2015\/06\/1433832745_801406_1433832965_noticia_normal.jpg?fit=560%2C272&ssl=1","jetpack_likes_enabled":true,"jetpack_sharing_enabled":true,"_links":{"self":[{"href":"https:\/\/miradordeatarfe.es\/index.php?rest_route=\/wp\/v2\/posts\/2249","targetHints":{"allow":["GET"]}}],"collection":[{"href":"https:\/\/miradordeatarfe.es\/index.php?rest_route=\/wp\/v2\/posts"}],"about":[{"href":"https:\/\/miradordeatarfe.es\/index.php?rest_route=\/wp\/v2\/types\/post"}],"author":[{"embeddable":true,"href":"https:\/\/miradordeatarfe.es\/index.php?rest_route=\/wp\/v2\/users\/1"}],"replies":[{"embeddable":true,"href":"https:\/\/miradordeatarfe.es\/index.php?rest_route=%2Fwp%2Fv2%2Fcomments&post=2249"}],"version-history":[{"count":1,"href":"https:\/\/miradordeatarfe.es\/index.php?rest_route=\/wp\/v2\/posts\/2249\/revisions"}],"predecessor-version":[{"id":2251,"href":"https:\/\/miradordeatarfe.es\/index.php?rest_route=\/wp\/v2\/posts\/2249\/revisions\/2251"}],"wp:featuredmedia":[{"embeddable":true,"href":"https:\/\/miradordeatarfe.es\/index.php?rest_route=\/wp\/v2\/media\/2250"}],"wp:attachment":[{"href":"https:\/\/miradordeatarfe.es\/index.php?rest_route=%2Fwp%2Fv2%2Fmedia&parent=2249"}],"wp:term":[{"taxonomy":"category","embeddable":true,"href":"https:\/\/miradordeatarfe.es\/index.php?rest_route=%2Fwp%2Fv2%2Fcategories&post=2249"},{"taxonomy":"post_tag","embeddable":true,"href":"https:\/\/miradordeatarfe.es\/index.php?rest_route=%2Fwp%2Fv2%2Ftags&post=2249"}],"curies":[{"name":"wp","href":"https:\/\/api.w.org\/{rel}","templated":true}]}}